{"id":128990,"date":"2026-01-05T06:41:08","date_gmt":"2026-01-05T06:41:08","guid":{"rendered":"https:\/\/www.europesays.com\/no\/128990\/"},"modified":"2026-01-05T06:41:08","modified_gmt":"2026-01-05T06:41:08","slug":"begge-er-klink-i-mine-oyne","status":"publish","type":"post","link":"https:\/\/www.europesays.com\/no\/128990\/","title":{"rendered":"\u2013 Begge er klink i mine \u00f8yne"},"content":{"rendered":"\n<ul class=\"_list_o9xde_3 _list_64s2r_85 _unordered_o9xde_106 text-sans-m\">\n<li class=\"_item_o9xde_30\">Johannes H\u00f8sflot Kl\u00e6bo mener b\u00e5de Emil Iversen og Mattis Stenshagen fortjener OL-plass etter sterke prestasjoner i Tour de Ski.<\/li>\n<li class=\"_item_o9xde_30\">Stenshagen og Iversen m\u00e5 likevel bevise enda mer i NM f\u00f8r endelig uttak.<\/li>\n<li class=\"_item_o9xde_30\">Begge ut\u00f8vere er frustrerte over usikkerheten, men h\u00e5per p\u00e5 tidlig OL-beskjed for \u00e5 f\u00e5 forberedt seg optimalt.<\/li>\n<\/ul>\n<p>Vis mer <\/p>\n<p class=\"_paragraph_o9xde_4 _paragraph_xtcu6_10 layout-component text-serif-m layout-normal text-serif-m layout-padded\">Etter at Mattis Stenshagen <a href=\"https:\/\/www.vg.no\/sport\/i\/m0R2Vp\/klaebo-ble-historisk-tidenes-mestvinnende-i-tour-de-ski\" data-track-element-type=\"Link\" data-track-id=\"link:m0R2Vp\" class=\"_link_o9xde_39\" rel=\"nofollow noopener\" target=\"_blank\">sensasjonelt vant klatringen opp \u00abmonsterbakken\u00bb i Val di Fiemme<\/a> \u2013 og <a href=\"https:\/\/www.vg.no\/sport\/i\/7p0vw3\/emil-iversen-forklarer-foelelsesutbruddet-har-gaatt-med-taarer-i-oeynene\" data-track-element-type=\"Link\" data-track-id=\"link:7p0vw3\" class=\"_link_o9xde_39\" rel=\"nofollow noopener\" target=\"_blank\">Emil Iversen nesten like sensasjonelt ble nummer tre<\/a> i samme renn s\u00f8ndag, sier Kl\u00e6bo dette:<\/p>\n<p class=\"_paragraph_o9xde_4 _paragraph_xtcu6_10 layout-component text-serif-m layout-normal text-serif-m layout-padded\">\u2013 Begge er klink i mine \u00f8yne, sier tr\u00f8nderen \u2013 som selv vant Tour de Ski sammenlagt \u2013 om Iversen og Stenshagen b\u00f8r til OL i Italia i februar.<\/p>\n<p class=\"_paragraph_o9xde_4 _paragraph_xtcu6_10 layout-component text-serif-m layout-normal text-serif-m layout-padded\">Kl\u00e6bo begrunner:<\/p>\n<p class=\"_paragraph_o9xde_4 _paragraph_xtcu6_10 layout-component text-serif-m layout-normal text-serif-m layout-padded\">\u2013 Det er vanskelig for dem \u00e5 levere bedre s\u00f8knader enn de har gjort. Begge har pallplasser, er gode i klassisk og sk\u00f8yting. Hva mer skal man forvente. Det er ikke mye annet de kunne gjort, sier han.<\/p>\n<p> <img alt=\"Emil Iversen og Mattis Stenshagen, her etter s\u00f8ndagens siste etappe i Tour de Ski.  Foto: Herman Folvik, VG\" class=\"_image_qp4xg_65 layout-component layout-normal\" data-fullscreen- data-track-element-type=\"Article image fullscreen\" data-track-name=\"ImageFullscreen\" decoding=\"async\" loading=\"lazy\" height=\"4284\" itemprop=\"image\"  src=\"https:\/\/www.europesays.com\/no\/wp-content\/uploads\/2026\/01\/2c61bc2d-1e8b-434f-ba76-ba2073c34d0d.jpeg\"  style=\"object-position:0% 0%\" width=\"5712\"\/>Emil Iversen og Mattis Stenshagen, her etter s\u00f8ndagens siste etappe i Tour de Ski.  Foto: Herman Folvik, VG<\/p>\n<p class=\"_paragraph_o9xde_4 _paragraph_xtcu6_10 layout-component text-serif-m layout-normal text-serif-m layout-padded\">Han smiler godt da VG sp\u00f8r hvor mye debatt han tror det blir rundt Stenshagen og Iversens OL-kandidatur den neste tiden.<\/p>\n<ul class=\"_list_o9xde_3 _list_xtcu6_9 _unordered_o9xde_106 layout-component text-serif-m layout-normal text-serif-m layout-padded\">\n<li class=\"_item_o9xde_30\">Duoen har hatt en sv\u00e6rt god vinter resultatmessig og har allerede ytret \u00f8nske om en tidlig OL-beskjed for \u00e5 f\u00e5 forberede seg til lekene som er like rundt hj\u00f8rnet.<\/li>\n<li class=\"_item_o9xde_30\">Fem ut\u00f8vere har allerede f\u00e5tt OL-klarsignal. Den norske troppen skal kompletteres med ytterligere tre ut\u00f8vere.<\/li>\n<li class=\"_item_o9xde_30\">Men b\u00e5de Stenshagen og Iversen har enn s\u00e5 lenge f\u00e5tt beskjed om at de m\u00e5 g\u00e5 i NM i midten av januar for \u00e5 bevise enda mer, <a href=\"https:\/\/www.vg.no\/sport\/i\/5p0q5e\/tour-de-ski-profil-mattis-stenshagen-til-angrep-paa-langrennsledelsen-vanskelig-aa-vaere-utoever\" data-track-element-type=\"Link\" data-track-id=\"link:5p0q5e\" class=\"_link_o9xde_39\" rel=\"nofollow noopener\" target=\"_blank\">noe Stenshagen har kritisert landslagsledelsen for<\/a>.<\/li>\n<\/ul>\n<p class=\"_paragraph_o9xde_4 _paragraph_xtcu6_10 layout-component text-serif-m layout-normal text-serif-m layout-padded\"><strong class=\"_strong_o9xde_25\">\u2013 Forst\u00e5r du frustrasjonen til Stenshagen?<\/strong><\/p>\n<p class=\"_paragraph_o9xde_4 _paragraph_xtcu6_10 layout-component text-serif-m layout-normal text-serif-m layout-padded\">\u2013 Ja, jeg gj\u00f8r det, sier Kl\u00e6bo.<\/p>\n<p class=\"_paragraph_o9xde_4 _paragraph_xtcu6_10 layout-component text-serif-m layout-normal text-serif-m layout-padded\">Sjekk Stenshagens avslutning i monsterbakken s\u00f8ndag:<\/p>\n<p class=\"_paragraph_o9xde_4 _paragraph_xtcu6_10 layout-component text-serif-m layout-normal text-serif-m layout-padded\"><strong class=\"_strong_o9xde_25\">\u2013 Hvordan opplever du det?<\/strong><\/p>\n<p class=\"_paragraph_o9xde_4 _paragraph_xtcu6_10 layout-component text-serif-m layout-normal text-serif-m layout-padded\">\u2013 Det er brutalt. Jeg skj\u00f8nner frustrasjonen og at det er vanskelig. Man m\u00e5 pr\u00f8ve \u00e5 se det fra begge sider, s\u00e5 er det ikke alltid like lett \u00e5 skj\u00f8nne alt. N\u00e5 skal det komme et uttak etter Tour de Ski.<\/p>\n<p class=\"_paragraph_o9xde_4 _paragraph_xtcu6_10 layout-component text-serif-m layout-normal text-serif-m layout-padded\"><strong class=\"_strong_o9xde_25\">\u2013 Synes du de m\u00e5 til NM og vise seg enda mer frem for \u00e5 komme inn i OL-troppen?<\/strong><\/p>\n<p class=\"_paragraph_o9xde_4 _paragraph_xtcu6_10 layout-component text-serif-m layout-normal text-serif-m layout-padded\">\u2013 Nei, det synes jeg ikke. De har vist stabilt bra form i hele vinter, de har v\u00e6rt bra, jeg ser ikke hva en helg i NM kan forandre p\u00e5 det. Det er ikke jeg som skal ta ut laget, men det er n\u00e5 min mening, sier Kl\u00e6bo.<\/p>\n<p class=\"_paragraph_o9xde_4 _paragraph_xtcu6_10 layout-component text-serif-m layout-normal text-serif-m layout-padded\">De svenske herrene hadde ingen stor Tour de Ski denne sesongen:<\/p>\n<p class=\"_paragraph_o9xde_4 _paragraph_xtcu6_10 layout-component text-serif-m layout-normal text-serif-m layout-padded\">For Stenshagen ble s\u00f8ndagen en for historieb\u00f8kene.<\/p>\n<p class=\"_paragraph_o9xde_4 _paragraph_xtcu6_10 layout-component text-serif-m layout-normal text-serif-m layout-padded\">\u2013 Ingen. Null. Det er det som gj\u00f8r det ekstra kult, sier Stenshagen, da VG sp\u00f8r hvem han tror der hjemme i sofaen som trodde han kom til \u00e5 vinne opp \u00abmonsterbakken\u00bb s\u00f8ndag.\u00a0<\/p>\n<p class=\"_paragraph_o9xde_4 _paragraph_xtcu6_10 layout-component text-serif-m layout-normal text-serif-m layout-padded\">\u2013 Jeg er stolt over det jeg fikk til. Det kan st\u00e5 igjen som et av de st\u00f8rste h\u00f8ydepunktene i karrieren. Forel\u00f8pig er det det st\u00f8rste.<\/p>\n<p><img decoding=\"async\" alt=\"Bilde av Johannes H\u00f8sflot Kl\u00e6bo\" class=\"_image_ygndg_42\" height=\"27\" itemprop=\"image\" loading=\"lazy\"  src=\"https:\/\/www.europesays.com\/no\/wp-content\/uploads\/2026\/01\/b19b9855-2c84-4321-88b1-aff70845ee59.jpeg\"  width=\"40\"\/><strong class=\"_name_ygndg_51 title-serif-xs\">Johannes H\u00f8sflot Kl\u00e6bo<\/strong><\/p>\n<p class=\"_paragraph_o9xde_4 _paragraph_xtcu6_10 layout-component text-serif-m layout-normal text-serif-m layout-padded\">Da VG ber ham utdype hvorfor det er s\u00e5 spesielt at han vant klatringen opp monsterbakken, trekker han frem sin egen vekt p\u00e5 rundt 85 eller 86 kilo.<\/p>\n<p class=\"_paragraph_o9xde_4 _paragraph_xtcu6_10 layout-component text-serif-m layout-normal text-serif-m layout-padded\">Han antyder alts\u00e5 at litt lettere ut\u00f8vere har en enklere klatring enn det han selv egentlig skulle hatt.<\/p>\n<p class=\"_paragraph_o9xde_4 _paragraph_xtcu6_10 layout-component text-serif-m layout-normal text-serif-m layout-padded\">\u2013 Det er en del fysikere som regner p\u00e5 tyngdekraften og Newtons lover n\u00e5. Det er noe som ikke g\u00e5r opp i ligningen, sier Stenshagen og gliser.<\/p>\n<p class=\"_paragraph_o9xde_4 _paragraph_xtcu6_10 layout-component text-serif-m layout-normal text-serif-m layout-padded\">Etter tredjeplassen etter klatringen opp monsterbakken i Italia kom f\u00f8lelsene for Iversen:<\/p>\n<p class=\"_paragraph_o9xde_4 _paragraph_xtcu6_10 layout-component text-serif-m layout-normal text-serif-m layout-padded\">Han har tatt pallplass i uttaksrenn til OL.<\/p>\n<p class=\"_paragraph_o9xde_4 _paragraph_xtcu6_10 layout-component text-serif-m layout-normal text-serif-m layout-padded\">Han har vunnet to verdenscuprenn.<\/p>\n<p class=\"_paragraph_o9xde_4 _paragraph_xtcu6_10 layout-component text-serif-m layout-normal text-serif-m layout-padded\">Men han g\u00e5r ikke med p\u00e5 at han gikk det siste rennet i Tour de Ski p\u00e5 frustrasjon fordi han enn\u00e5 ikke har f\u00e5tt klarsignal til OL.<\/p>\n<p class=\"_paragraph_o9xde_4 _paragraph_xtcu6_10 layout-component text-serif-m layout-normal text-serif-m layout-padded\">\u2013 F\u00f8rst og fremst g\u00e5r jeg p\u00e5 en j\u00e6vla god form som h\u00f8rer hjemme i mesterskap.<\/p>\n<p class=\"_paragraph_o9xde_4 _paragraph_xtcu6_10 layout-component text-serif-m layout-normal text-serif-m layout-padded\">Stenshagen forteller at han skal ta en ny prat med ledelsen mandag.<\/p>\n<p class=\"_paragraph_o9xde_4 _paragraph_xtcu6_10 layout-component text-serif-m layout-normal text-serif-m layout-padded\">\u2013 Jeg f\u00f8ler vi har g\u00e5tt nok gode skirenn n\u00e5. Det ligger et rammeverk som de som tar ut laget m\u00e5 forholde seg til. Da er det ikke s\u00e5 mye \u00e5 lure p\u00e5 lengre, sier Stenshagen om sitt eget og Iversens OL-kandidatur.<\/p>\n<p class=\"_paragraph_o9xde_4 _paragraph_xtcu6_10 layout-component text-serif-m layout-normal text-serif-m layout-padded\">De norske langrennsherrene ble introdusert for en ny \u00f8velse i Tour de Ski. Mottagelsen var lunken fra noen:<\/p>\n<p class=\"_paragraph_o9xde_4 _paragraph_xtcu6_10 layout-component text-serif-m layout-normal text-serif-m layout-padded\">Ogs\u00e5 <a href=\"https:\/\/www.vg.no\/tag\/emil-iversen?utm_source=vg-article&amp;utm_medium=auto-tagger&amp;utm_campaign=GxG909\" class=\"_link_o9xde_39\" rel=\"nofollow noopener\" target=\"_blank\">Emil Iversen<\/a> har f\u00e5tt beskjed om at han m\u00e5 vente p\u00e5 sin egen OL-skjebne til etter NM i midten av januar.<\/p>\n<p class=\"_paragraph_o9xde_4 _paragraph_xtcu6_10 layout-component text-serif-m layout-normal text-serif-m layout-padded\">\u2013 Det har jeg gitt beskjed om at det kan vi kanskje endre p\u00e5. Jeg h\u00e5per og tror det er mulig \u00e5 bli tatt ut til OL i l\u00f8pet av noen f\u00e5 dager. Kommer jeg ikke til OL med tre pallplasser i verdenscupen, i 20 kilometer med skibytte, ett renn i klassisk og ett renn i sk\u00f8yting, da er det ikke vits lengre, sier han.<\/p>\n<p class=\"_paragraph_o9xde_4 _paragraph_xtcu6_10 layout-component text-serif-m layout-normal text-serif-m layout-padded\">Om st\u00f8tten fra Kl\u00e6bo i OL-diskusjonen sier han f\u00f8lgende:<\/p>\n<p class=\"_paragraph_o9xde_4 _paragraph_xtcu6_10 layout-component text-serif-m layout-normal text-serif-m layout-padded\">\u2013 Johannes sin st\u00f8tte betyr alt. Han har st\u00f8ttet meg i hele \u00e5r. Han vet hva som kreves, det fysiske er en ting, men det \u00e5 forberede seg mentalt, det vet han ogs\u00e5 om. Det \u00e5 f\u00e5 en periode der man kan senke skuldrene, det er vel s\u00e5 viktig.<\/p>\n<p class=\"_paragraph_o9xde_4 _paragraph_xtcu6_10 layout-component text-serif-m layout-normal text-serif-m layout-padded\">\u2013 Det er for sent \u00e5 f\u00e5 OL-beskjeden etter NM. Spesielt for oss som skal g\u00e5 distanserenn. Jeg synes Stenshagen fortjener det. Jeg synes jeg fortjener det. Vi har skilt oss ut i Tour de Ski. Matten er veldig enkel, sier Iversen.<\/p>\n<p class=\"_paragraph_o9xde_4 _paragraph_xtcu6_10 layout-component text-serif-m layout-normal text-serif-m layout-padded\">PS: Det skal komme et nytt uttak til OL etter Tour de Ski. S\u00e5 vil tiden vise hvilke langrennsl\u00f8pere som f\u00e5r klarsignal.<\/p>\n","protected":false},"excerpt":{"rendered":"Johannes H\u00f8sflot Kl\u00e6bo mener b\u00e5de Emil Iversen og Mattis Stenshagen fortjener OL-plass etter sterke prestasjoner i Tour de&hellip;\n","protected":false},"author":2,"featured_media":128991,"comment_status":"","ping_status":"","sticky":false,"template":"","format":"standard","meta":{"footnotes":""},"categories":[5],"tags":[20,21,3647,24,25,15,19,711,398,22,23,17,18,14674,13,30,28,29,14,16,26,27,12662,399],"class_list":{"0":"post-128990","1":"post","2":"type-post","3":"status-publish","4":"format-standard","5":"has-post-thumbnail","7":"category-overskrifter","8":"tag-breaking-news","9":"tag-breakingnews","10":"tag-emil-iversen","11":"tag-featured-news","12":"tag-featurednews","13":"tag-headlines","14":"tag-hovedoppslag","15":"tag-johannes-hosflot-klaebo","16":"tag-langrenn","17":"tag-latest-news","18":"tag-latestnews","19":"tag-main-news","20":"tag-mainnews","21":"tag-mattis-stenshagen","22":"tag-news","23":"tag-no","24":"tag-norge","25":"tag-norway","26":"tag-nyheter","27":"tag-overskrifter","28":"tag-top-stories","29":"tag-topstories","30":"tag-tour-de-ski","31":"tag-vintersport"},"share_on_mastodon":{"url":"https:\/\/pubeurope.com\/@no\/115841131098144483","error":""},"_links":{"self":[{"href":"https:\/\/www.europesays.com\/no\/wp-json\/wp\/v2\/posts\/128990","targetHints":{"allow":["GET"]}}],"collection":[{"href":"https:\/\/www.europesays.com\/no\/wp-json\/wp\/v2\/posts"}],"about":[{"href":"https:\/\/www.europesays.com\/no\/wp-json\/wp\/v2\/types\/post"}],"author":[{"embeddable":true,"href":"https:\/\/www.europesays.com\/no\/wp-json\/wp\/v2\/users\/2"}],"replies":[{"embeddable":true,"href":"https:\/\/www.europesays.com\/no\/wp-json\/wp\/v2\/comments?post=128990"}],"version-history":[{"count":0,"href":"https:\/\/www.europesays.com\/no\/wp-json\/wp\/v2\/posts\/128990\/revisions"}],"wp:featuredmedia":[{"embeddable":true,"href":"https:\/\/www.europesays.com\/no\/wp-json\/wp\/v2\/media\/128991"}],"wp:attachment":[{"href":"https:\/\/www.europesays.com\/no\/wp-json\/wp\/v2\/media?parent=128990"}],"wp:term":[{"taxonomy":"category","embeddable":true,"href":"https:\/\/www.europesays.com\/no\/wp-json\/wp\/v2\/categories?post=128990"},{"taxonomy":"post_tag","embeddable":true,"href":"https:\/\/www.europesays.com\/no\/wp-json\/wp\/v2\/tags?post=128990"}],"curies":[{"name":"wp","href":"https:\/\/api.w.org\/{rel}","templated":true}]}}