{"id":129004,"date":"2026-01-05T06:54:12","date_gmt":"2026-01-05T06:54:12","guid":{"rendered":"https:\/\/www.europesays.com\/no\/129004\/"},"modified":"2026-01-05T06:54:12","modified_gmt":"2026-01-05T06:54:12","slug":"marco-rubio-advarer-cuba-etter-usas-militaeroperasjon-i-venezuela","status":"publish","type":"post","link":"https:\/\/www.europesays.com\/no\/129004\/","title":{"rendered":"Marco Rubio advarer Cuba etter USAs milit\u00e6roperasjon i Venezuela"},"content":{"rendered":"<p>    Kort fortalt<\/p>\n<ul lang=\"nb-NO\">\n<li>USAs utenriksminister Marco Rubio advarer Cuba etter Venezuelas president ble tatt til fange.<\/li>\n<li>President Trump antyder at Cuba kan v\u00e6re neste p\u00e5 USAs utenrikspolitiske agenda.<\/li>\n<li>Ekspert Benedicte Bull sier Rubios harde linje mot Cuba ikke er overraskende.<\/li>\n<li>Professor Gunhild Hoogensen Gj\u00f8rv mener Europa m\u00e5 st\u00e5 samlet mot Trumps uforutsigbare politikk.<\/li>\n<\/ul>\n<p class=\"italic ai-disclaimer\" data-lab-italic=\"italic\">Sammendraget er laget av ChatGPT og godkjent av Dagbladet.<\/p>\n<p>      Vis mer<br \/>\n      Vis mindre<\/p>\n<p>USAs utenriksminister Marco Rubio trapper opp retorikken mot Cuba i et intervju med\u00a0<a href=\"https:\/\/www.nbcnews.com\/world\/venezuela\/us-allies-foes-fear-maduros-capture-sets-precedent-rcna252141\" target=\"_blank\" rel=\"nofollow noopener\">NBC News,<\/a>\u00a0etter helgens amerikanske\u00a0<a href=\"https:\/\/www.dagbladet.no\/nyheter\/maduro-tatt-til-fange-og-tiltalt\/84050231\" target=\"_blank\" rel=\"nofollow noopener\">milit\u00e6roperasjon i Venezuela,<\/a>\u00a0der president Nicol\u00e1s Maduro ble tatt til fange.<\/p>\n<p class=\"font-weight-bold m-font-weight-bold\" data-lab-font_weight=\"font-weight-bold\">&#8211; Hvis jeg bodde i Havanna og var i regjeringen, ville jeg v\u00e6rt bekymret, i hvert fall litt, sa\u00a0utenriksminister Rubio.<\/p>\n<p>P\u00e5 samme tid antyder president Donald Trump at Cuba kan bli neste tema p\u00e5 USAs utenrikspolitiske agenda, selv om han hevder landet vil \u00abkollapse p\u00e5 egenh\u00e5nd\u00bb.<\/p>\n<p>    <a itemprop=\"url\" href=\"https:\/\/www.dagbladet.no\/nyheter\/trump-med-nytt-utspill-trenger-gronland\/84054361\" rel=\"nofollow noopener\" target=\"_blank\"><\/p>\n<p>        <img loading=\"lazy\" decoding=\"async\" src=\"https:\/\/www.europesays.com\/no\/wp-content\/uploads\/2026\/01\/84054383.webp.webp\" width=\"147\" height=\"98\" title=\"Trump med nytt utspill: - Trenger Gr\u00f8nland\" alt=\"\" class=\"lazyload\" style=\"--aspect-ratio-image: 1.50; \"\/><\/p>\n<p>        Trump med nytt utspill: &#8211; Trenger Gr\u00f8nland<\/p>\n<p>    <\/a><\/p>\n<p>&#8211; Ingen hemmelighet\t<\/p>\n<p>Latin-Amerika-ekspert Benedicte Bull ved Universitetet i Oslo sier Marco Rubios harde linje mot Cuba ikke kommer som noen overraskelse.<\/p>\n<p class=\"font-weight-bold m-font-weight-bold\" data-lab-font_weight=\"font-weight-bold\">&#8211; Det er ingen hemmelighet at Marco Rubios store dr\u00f8m er \u00e5 knekke regimet p\u00e5 Cuba. Dette er ikke veldig overraskende, sier Bull.<\/p>\n<p>        <img loading=\"lazy\" decoding=\"async\" src=\"https:\/\/www.europesays.com\/no\/wp-content\/uploads\/2026\/01\/84055099.webp.webp\" width=\"667\" height=\"341\" title=\"PEKER P\u00c5 CUBA: Benedicte Bull, professor ved Universitetet i Oslo. Foto: UiO\" alt=\"\" class=\"\" style=\"--aspect-ratio-image: 1.96; \"\/><\/p>\n<p>\n        PEKER P\u00c5 CUBA: Benedicte Bull, professor ved Universitetet i Oslo. Foto: UiO\n    <\/p>\n<p>Hun peker p\u00e5 at Venezuela-operasjonen viser at internasjonal rett ikke n\u00f8dvendigvis stanser USA dersom landet \u00f8nsker \u00e5 gripe inn.<\/p>\n<p>&#8211; Situasjonen i Venezuela viser at internasjonal rett ikke st\u00e5r i veien for USA. Hvis de vil, er de i stand til \u00e5 styrte et regime.\u00a0<\/p>\n<p>Bull peker p\u00e5 Cuba, og sier at det er et av landene som er mest utsatt akkurat n\u00e5.<\/p>\n<p class=\"font-weight-bold m-font-weight-bold\" data-lab-font_weight=\"font-weight-bold\">&#8211;\u00a0Hvis noen virkelig skal v\u00e6re bekymret, s\u00e5 er det Cuba. Det som skjer, viser at det i praksis ikke finnes klare grenser for hva USA kan gj\u00f8re, basert p\u00e5 sin egen snevre forst\u00e5else av politikk, sier hun.<\/p>\n<p>        <img loading=\"lazy\" decoding=\"async\" src=\"https:\/\/www.europesays.com\/no\/wp-content\/uploads\/2026\/01\/84054894.webp.webp\" width=\"667\" height=\"381\" title=\"DR\u00d8MMEN OM CUBA: Trump har varslet at Cuba kan bli tema for administrasjonen framover. Foto: Planet Observer \/ UIG \/ REX\" alt=\"\" class=\"\" style=\"--aspect-ratio-image: 1.75; \"\/><\/p>\n<p>\n        DR\u00d8MMEN OM CUBA: Trump har varslet at Cuba kan bli tema for administrasjonen framover. Foto: Planet Observer \/ UIG \/ REX\n    <\/p>\n<p>Hun mener utviklingen gj\u00f8r Latin-Amerika stadig farligere for mindre stater.<\/p>\n<p>&#8211; Latin-Amerika har alltid v\u00e6rt et risikabelt sted \u00e5 v\u00e6re et lite land. Men de reglene som tidligere la begrensninger p\u00e5 USA, bryr ikke Trump-administrasjonen seg om lenger, sier Bull.<\/p>\n<p>Natt til mandag avviste president Trump at USA vil bruke milit\u00e6r makt mot Cuba, og hevdet at regjeringen kommer til \u00e5 kollapse uten innblanding fra USA.<\/p>\n<p>&#8211; Cuba overlever bare p\u00e5 grunn av Venezuela, sa Trump, if\u00f8lge <a href=\"https:\/\/www.politico.com\/news\/2026\/01\/04\/trump-on-return-trip-to-washington-predicts-demise-of-cuba-warns-colombia-threatens-greenland-00710410?utm_medium=twitter&amp;utm_source=dlvr.it\" rel=\"nofollow noopener\" target=\"_blank\">Politico<\/a>.<\/p>\n<p>    <a itemprop=\"url\" href=\"https:\/\/www.dagbladet.no\/nyheter\/vil-ikke-gjore-det-lenge\/84055062\" rel=\"nofollow noopener\" target=\"_blank\"><\/p>\n<p>        <img loading=\"lazy\" decoding=\"async\" src=\"https:\/\/www.europesays.com\/no\/wp-content\/uploads\/2026\/01\/84055069.webp.webp\" width=\"980\" height=\"441\" title=\"- Vil ikke gj\u00f8re det lenge\" alt=\"\" class=\"lazyload\" style=\"--aspect-ratio-image: 2.22; \"\/><\/p>\n<p>        &#8211; Vil ikke gj\u00f8re det lenge<\/p>\n<p>    <\/a><\/p>\n<p>&#8211; De er bekymret\t<\/p>\n<p>USAs angrep p\u00e5 Venezuela og p\u00e5gripelsen av president Nicol\u00e1s Maduro har blitt m\u00f8tt med en blanding av ford\u00f8mmelse og applaus i Latin-Amerika.<\/p>\n<p>Natt til mandag kom president Trump med en hard melding til et enda et land i regionen.<\/p>\n<p>&#8211; Colombia er drevet av en syk mann som liker \u00e5 lage kokain og selge det til USA. Han kommer ikke til \u00e5 gj\u00f8re det s\u00e6rlig lenge.<\/p>\n<p>Det sa Trump til journalister om bord Air Force One, med referanse til Colombias president Gustavo Petro.<\/p>\n<p class=\"font-weight-bold m-font-weight-bold\" data-lab-font_weight=\"font-weight-bold\">&#8211; Colombia er absolutt bekymret, men der handler frykten f\u00f8rst og fremst om bombing, ettersom mye av narkotikaproduksjonen foreg\u00e5r der, sier Bull.<\/p>\n<p class=\"font-weight-normal m-font-weight-normal\" data-lab-font_weight=\"font-weight-normal\">Et regimeskifte i Colombia er likevel lite sannsynlig &#8211; s\u00e6rlig fordi landet holder valg om kort tid, forklarer hun.<\/p>\n<p class=\"font-weight-normal m-font-weight-normal\" data-lab-font_weight=\"font-weight-normal\">Trump sa ogs\u00e5 at USA m\u00e5 \u00abgj\u00f8re noe med\u00a0Mexico\u00bb.<\/p>\n<p>    <a itemprop=\"url\" href=\"https:\/\/www.dagbladet.no\/nyheter\/truer-visepresidenten\/84054184\" rel=\"nofollow noopener\" target=\"_blank\"><\/p>\n<p>        <img loading=\"lazy\" decoding=\"async\" src=\"https:\/\/www.europesays.com\/no\/wp-content\/uploads\/2026\/01\/1767596050_485_84054191.webp.webp\" width=\"980\" height=\"441\" title=\"Truer visepresidenten\" alt=\"\" class=\"lazyload\" style=\"--aspect-ratio-image: 2.22; \"\/><\/p>\n<p>        Truer visepresidenten<\/p>\n<p>    <\/a><\/p>\n<p>Ser mot Gr\u00f8nland\t<\/p>\n<p>Nord- og Latin-Amerika er ikke det eneste omr\u00e5det Trump-regjeringen har uttalt seg om den siste tida. S\u00f8ndag kveld gjentok presidenten budskapet om at USA \u00ababsolutt trenger Gr\u00f8nland\u00bb.<\/p>\n<p>Det sa han i et intervju med magasinet\u00a0<a href=\"https:\/\/www.theatlantic.com\/national-security\/2026\/01\/trump-venezuela-maduro-delcy-rodriguez\/685497\/\" target=\"_blank\" rel=\"nofollow noopener\">The Atlantic<\/a>. Seinere gjentok han beskjeden om bord p\u00e5 flyet Air Force One.<\/p>\n<p>        <img loading=\"lazy\" decoding=\"async\" src=\"https:\/\/www.europesays.com\/no\/wp-content\/uploads\/2026\/01\/84054893.webp.webp\" width=\"980\" height=\"559\" title=\"TRENGER GR\u00d8NLAND: S\u00f8ndag kveld norsk tid uttalte president Donald Trump at USA \u00ababsolutt trenger Gr\u00f8nland\u00bb. Det sa han i et intervju med magasinet The Atlantic. Foto: Planet Observer \/ UIG \/ REX\" alt=\"\" class=\"\" style=\"--aspect-ratio-image: 1.75; \"\/><\/p>\n<p>\n        TRENGER GR\u00d8NLAND: S\u00f8ndag kveld norsk tid uttalte president Donald Trump at USA \u00ababsolutt trenger Gr\u00f8nland\u00bb. Det sa han i et intervju med magasinet The Atlantic. Foto: Planet Observer \/ UIG \/ REX\n    <\/p>\n<p>Statsminister Jonas Gahr St\u00f8re understreket at Gr\u00f8nland er en del av Kongeriket Danmark, og at Norge st\u00f8tter danskene. Danmarks statsminister Mette Frederiksen ba USA stoppe det hun omtaler som \u00abtrusler mot en n\u00e6r alliert\u00bb.<\/p>\n<p>Professor i sikkerhetsstudier og geopolitikk ved UiT, Gunhild Hoogensen Gj\u00f8rv, reagerer ogs\u00e5 sterkt &#8211; men tror ikke en milit\u00e6r invasjon vil finne sted.<\/p>\n<p>&#8211; Trump er uforutsigbar, men et milit\u00e6rt angrep p\u00e5 Gr\u00f8nland er lite sannsynlig. Han kan likevel fors\u00f8ke \u00e5 begrunne press med at han \u00abredder\u00bb Danmark fra Kina eller andre akt\u00f8rer, sier hun.<\/p>\n<p>    <a itemprop=\"url\" href=\"https:\/\/www.dagbladet.no\/meninger\/pobel-mot-tyrann\/84051482\" rel=\"nofollow noopener\" target=\"_blank\"><\/p>\n<p>        <img loading=\"lazy\" decoding=\"async\" src=\"https:\/\/www.europesays.com\/no\/wp-content\/uploads\/2026\/01\/84051832.webp.webp\" width=\"980\" height=\"441\" title=\"P\u00f8bel mot tyrann\" alt=\"\" class=\"lazyload\" style=\"--aspect-ratio-image: 2.22; \"\/><\/p>\n<p>        P\u00f8bel mot tyrann<\/p>\n<p>    <\/a><\/p>\n<p>Hun understreker at forholdet mellom USA og Danmark er fundamentalt annerledes enn forholdet mellom USA og Venezuela.<\/p>\n<p data-lab-font_weight=\"\">&#8211; Et Nato-land som angriper et annet Nato-land ville v\u00e6rt uh\u00f8rt, sier Gj\u00f8rv.<\/p>\n<p>        OVERASKET: USA-ekspert, Hilmar Mjelde, forteller om reaksjonene rundt angrepet p\u00e5 Venezuela.<\/p>\n<p>&#8211; Europa m\u00e5 st\u00e5 samlet\t<\/p>\n<p>Gj\u00f8rv mener Danmark raskt m\u00e5 styrke dialogen med Gr\u00f8nland og samtidig mobilisere st\u00f8tte i Europa.<\/p>\n<p>&#8211; Europa balanserer n\u00e5 p\u00e5 en knivsegg mellom \u00e5 kritisere Trump og \u00e5 unng\u00e5 \u00e5 forn\u00e6rme ham. Det er avgj\u00f8rende at Europa st\u00e5r samlet og viser at vi kan ivareta sikkerheten i nordomr\u00e5dene, sier hun.<\/p>\n<p>    <a itemprop=\"url\" href=\"https:\/\/www.dagbladet.no\/nyheter\/snart\/84052574\" rel=\"nofollow noopener\" target=\"_blank\"><\/p>\n<p>        <img loading=\"lazy\" decoding=\"async\" src=\"https:\/\/www.europesays.com\/no\/wp-content\/uploads\/2026\/01\/1767596052_20_84052587.webp.webp\" width=\"980\" height=\"441\" title=\"\u00abSnart\u00bb\" alt=\"\" class=\"lazyload\" style=\"--aspect-ratio-image: 2.22; \"\/><\/p>\n<p>        \u00abSnart\u00bb<\/p>\n<p>    <\/a><\/p>\n<p>USA-ekspert Hilmar Mjelde deler vurderingen om at en milit\u00e6r trussel ikke er umiddelbar. Samtidig mener han at flere land b\u00f8r v\u00e6re forberedt.<\/p>\n<p>&#8211; Cuba, Colombia, Panama og Gr\u00f8nland m\u00e5 legge planer som tar h\u00f8yde for at de er utsatte. Trumps utenrikspolitikk handler i stor grad om kontroll over naturressurser i USAs n\u00e6romr\u00e5der, sier Mjelde.<\/p>\n<p>Han advarer likevel mot \u00e5 overdramatisere Rubios uttalelser.<\/p>\n<p>&#8211; Rubios m\u00e5l er \u00e5 skvise Cuba til et sammenbrudd. Men det er ingen grunn til \u00e5 snakke om et milit\u00e6rt angrep f\u00f8r vi ser konkrete forberedelser, slik vi gjorde i Venezuela, sier han.<\/p>\n","protected":false},"excerpt":{"rendered":"Kort fortalt USAs utenriksminister Marco Rubio advarer Cuba etter Venezuelas president ble tatt til fange. President Trump antyder&hellip;\n","protected":false},"author":2,"featured_media":129005,"comment_status":"","ping_status":"","sticky":false,"template":"","format":"standard","meta":{"footnotes":""},"categories":[12],"tags":[20,21,55,24,25,2112,15,22,23,13,4037,30,28,29,14,16,26,27,50,412,95,42,43,44,45],"class_list":{"0":"post-129004","1":"post","2":"type-post","3":"status-publish","4":"format-standard","5":"has-post-thumbnail","7":"category-verden","8":"tag-breaking-news","9":"tag-breakingnews","10":"tag-donald-trump","11":"tag-featured-news","12":"tag-featurednews","13":"tag-gronland","14":"tag-headlines","15":"tag-latest-news","16":"tag-latestnews","17":"tag-news","18":"tag-nicolas-maduro","19":"tag-no","20":"tag-norge","21":"tag-norway","22":"tag-nyheter","23":"tag-overskrifter","24":"tag-top-stories","25":"tag-topstories","26":"tag-usa","27":"tag-utenriks","28":"tag-venezuela","29":"tag-verden","30":"tag-world","31":"tag-world-news","32":"tag-worldnews"},"share_on_mastodon":{"url":"https:\/\/pubeurope.com\/@no\/115841182211323252","error":""},"_links":{"self":[{"href":"https:\/\/www.europesays.com\/no\/wp-json\/wp\/v2\/posts\/129004","targetHints":{"allow":["GET"]}}],"collection":[{"href":"https:\/\/www.europesays.com\/no\/wp-json\/wp\/v2\/posts"}],"about":[{"href":"https:\/\/www.europesays.com\/no\/wp-json\/wp\/v2\/types\/post"}],"author":[{"embeddable":true,"href":"https:\/\/www.europesays.com\/no\/wp-json\/wp\/v2\/users\/2"}],"replies":[{"embeddable":true,"href":"https:\/\/www.europesays.com\/no\/wp-json\/wp\/v2\/comments?post=129004"}],"version-history":[{"count":0,"href":"https:\/\/www.europesays.com\/no\/wp-json\/wp\/v2\/posts\/129004\/revisions"}],"wp:featuredmedia":[{"embeddable":true,"href":"https:\/\/www.europesays.com\/no\/wp-json\/wp\/v2\/media\/129005"}],"wp:attachment":[{"href":"https:\/\/www.europesays.com\/no\/wp-json\/wp\/v2\/media?parent=129004"}],"wp:term":[{"taxonomy":"category","embeddable":true,"href":"https:\/\/www.europesays.com\/no\/wp-json\/wp\/v2\/categories?post=129004"},{"taxonomy":"post_tag","embeddable":true,"href":"https:\/\/www.europesays.com\/no\/wp-json\/wp\/v2\/tags?post=129004"}],"curies":[{"name":"wp","href":"https:\/\/api.w.org\/{rel}","templated":true}]}}