{"id":129008,"date":"2026-01-05T06:56:09","date_gmt":"2026-01-05T06:56:09","guid":{"rendered":"https:\/\/www.europesays.com\/no\/129008\/"},"modified":"2026-01-05T06:56:09","modified_gmt":"2026-01-05T06:56:09","slug":"haugesund-politilogg-nattevakt-slatt-pa-hotell","status":"publish","type":"post","link":"https:\/\/www.europesays.com\/no\/129008\/","title":{"rendered":"Haugesund, Politilogg | Nattevakt sl\u00e5tt p\u00e5 hotell"},"content":{"rendered":"\n<p><b>HAUGESUND:<\/b> I ett-tiden natt til mandag meldte en nattevakt p\u00e5 et hotell at han var blitt sl\u00e5tt. Mannen skal ha sl\u00e5tt vakten flere ganger fordi han ble nektet rom for natten.<\/p>\n<p><b>\u2013 Han bl\u00f8dde noe fra diverse mindre s\u00e5r i hoderegionen. Politiet rykket ut og etter kort tid ble en mistenkt som passet til beskrivelsen p\u00e5truffet i n\u00e6rheten, sier operasjonsleder Steinar Knudsen i S\u00f8r-Vest politidistrikt.<\/b><\/p>\n<p>Mannen ble p\u00e5grepet og satt i arresten. Politiet avh\u00f8rte den forn\u00e6rmede p\u00e5 stedet. <\/p>\n<p>Vakten hadde ikke behov for oppf\u00f8lgning fra helsepersonell.<\/p>\n","protected":false},"excerpt":{"rendered":"HAUGESUND: I ett-tiden natt til mandag meldte en nattevakt p\u00e5 et hotell at han var blitt sl\u00e5tt. Mannen&hellip;\n","protected":false},"author":2,"featured_media":23205,"comment_status":"","ping_status":"","sticky":false,"template":"","format":"standard","meta":{"footnotes":""},"categories":[5],"tags":[36,20,21,24,25,1337,15,19,22,23,17,18,13,30,28,29,14,16,987,1510,26,27,493],"class_list":{"0":"post-129008","1":"post","2":"type-post","3":"status-publish","4":"format-standard","5":"has-post-thumbnail","7":"category-overskrifter","8":"tag-art","9":"tag-breaking-news","10":"tag-breakingnews","11":"tag-featured-news","12":"tag-featurednews","13":"tag-haugesund","14":"tag-headlines","15":"tag-hovedoppslag","16":"tag-latest-news","17":"tag-latestnews","18":"tag-main-news","19":"tag-mainnews","20":"tag-news","21":"tag-no","22":"tag-norge","23":"tag-norway","24":"tag-nyheter","25":"tag-overskrifter","26":"tag-politilogg","27":"tag-story","28":"tag-top-stories","29":"tag-topstories","30":"tag-vold"},"share_on_mastodon":{"url":"https:\/\/pubeurope.com\/@no\/115841190089519349","error":""},"_links":{"self":[{"href":"https:\/\/www.europesays.com\/no\/wp-json\/wp\/v2\/posts\/129008","targetHints":{"allow":["GET"]}}],"collection":[{"href":"https:\/\/www.europesays.com\/no\/wp-json\/wp\/v2\/posts"}],"about":[{"href":"https:\/\/www.europesays.com\/no\/wp-json\/wp\/v2\/types\/post"}],"author":[{"embeddable":true,"href":"https:\/\/www.europesays.com\/no\/wp-json\/wp\/v2\/users\/2"}],"replies":[{"embeddable":true,"href":"https:\/\/www.europesays.com\/no\/wp-json\/wp\/v2\/comments?post=129008"}],"version-history":[{"count":0,"href":"https:\/\/www.europesays.com\/no\/wp-json\/wp\/v2\/posts\/129008\/revisions"}],"wp:featuredmedia":[{"embeddable":true,"href":"https:\/\/www.europesays.com\/no\/wp-json\/wp\/v2\/media\/23205"}],"wp:attachment":[{"href":"https:\/\/www.europesays.com\/no\/wp-json\/wp\/v2\/media?parent=129008"}],"wp:term":[{"taxonomy":"category","embeddable":true,"href":"https:\/\/www.europesays.com\/no\/wp-json\/wp\/v2\/categories?post=129008"},{"taxonomy":"post_tag","embeddable":true,"href":"https:\/\/www.europesays.com\/no\/wp-json\/wp\/v2\/tags?post=129008"}],"curies":[{"name":"wp","href":"https:\/\/api.w.org\/{rel}","templated":true}]}}