{"id":129021,"date":"2026-01-05T07:11:17","date_gmt":"2026-01-05T07:11:17","guid":{"rendered":"https:\/\/www.europesays.com\/no\/129021\/"},"modified":"2026-01-05T07:11:17","modified_gmt":"2026-01-05T07:11:17","slug":"travel-hjemreisedag-flere-forsinkelser-i-flytrafikken","status":"publish","type":"post","link":"https:\/\/www.europesays.com\/no\/129021\/","title":{"rendered":"Travel hjemreisedag: Flere forsinkelser i flytrafikken"},"content":{"rendered":"<p data-testid=\"textWithMarkup-markup\" data-v-62d58f52=\"\"> Like f\u00f8r klokken 17.00 forteller Avinor til NRK at det er forsinkelser i flytrafikken i hele landet. P\u00e5 Oslo lufthavn er flere fly forsinket med over \u00e9n time, if\u00f8lge nettsidene til <a href=\"https:\/\/www.avinor.no\/flyplass\/oslo\/flytider\/#departure\" rel=\"noopener nofollow\" target=\"_blank\">Avinor. <\/a><\/p>\n<p data-testid=\"textWithMarkup-text\" data-v-81d7dc2b=\"\" data-v-62d58f52=\"\">Forsinkelsene knytter seg til vinterdrift flere steder i Norge og Europa.<\/p>\n<p data-testid=\"textWithMarkup-text\" data-v-81d7dc2b=\"\" data-v-62d58f52=\"\">\u2013 I all hovedsak dreier det seg om rotasjonsforsinkelser. Alts\u00e5 n\u00e5r fly som kommer forsinket inn, blir tilsvarende forsinket ut igjen, opplyser pressevakt Carita Storm R\u00f8saasen. <\/p>\n<p data-testid=\"textWithMarkup-text\" data-v-81d7dc2b=\"\" data-v-62d58f52=\"\">Forsinkelsene har ogs\u00e5 rammet Molde lufthavn \u00c5r\u00f8 s\u00f8ndag, med flere forsinkelser s\u00f8ndag formiddag og ettermiddag.<\/p>\n<p data-testid=\"textWithMarkup-text\" data-v-81d7dc2b=\"\" data-v-62d58f52=\"\">Flyet som skulle tatt av fra Molde til Oslo klokka 17.35 var en time forsinket. <\/p>\n<p data-testid=\"textWithMarkup-markup\" data-v-62d58f52=\"\">Oslo-flyet som etter planen skal lande p\u00e5 \u00c5r\u00f8 klokka 22.30 er if\u00f8lge <a href=\"https:\/\/www.avinor.no\/flyplass\/molde\/flytider\/#arrival\" rel=\"noopener nofollow\" target=\"_blank\">Avinors nettsider<\/a> forsinket, og forventet landingstid er rundt klokka 23.30.<\/p>\n","protected":false},"excerpt":{"rendered":"Like f\u00f8r klokken 17.00 forteller Avinor til NRK at det er forsinkelser i flytrafikken i hele landet. P\u00e5&hellip;\n","protected":false},"author":2,"featured_media":129022,"comment_status":"","ping_status":"","sticky":false,"template":"","format":"standard","meta":{"footnotes":""},"categories":[10],"tags":[20,21,24,25,15,22,23,13,30,28,29,14,16,26,27],"class_list":{"0":"post-129021","1":"post","2":"type-post","3":"status-publish","4":"format-standard","5":"has-post-thumbnail","7":"category-norge","8":"tag-breaking-news","9":"tag-breakingnews","10":"tag-featured-news","11":"tag-featurednews","12":"tag-headlines","13":"tag-latest-news","14":"tag-latestnews","15":"tag-news","16":"tag-no","17":"tag-norge","18":"tag-norway","19":"tag-nyheter","20":"tag-overskrifter","21":"tag-top-stories","22":"tag-topstories"},"share_on_mastodon":{"url":"https:\/\/pubeurope.com\/@no\/115841249070921494","error":""},"_links":{"self":[{"href":"https:\/\/www.europesays.com\/no\/wp-json\/wp\/v2\/posts\/129021","targetHints":{"allow":["GET"]}}],"collection":[{"href":"https:\/\/www.europesays.com\/no\/wp-json\/wp\/v2\/posts"}],"about":[{"href":"https:\/\/www.europesays.com\/no\/wp-json\/wp\/v2\/types\/post"}],"author":[{"embeddable":true,"href":"https:\/\/www.europesays.com\/no\/wp-json\/wp\/v2\/users\/2"}],"replies":[{"embeddable":true,"href":"https:\/\/www.europesays.com\/no\/wp-json\/wp\/v2\/comments?post=129021"}],"version-history":[{"count":0,"href":"https:\/\/www.europesays.com\/no\/wp-json\/wp\/v2\/posts\/129021\/revisions"}],"wp:featuredmedia":[{"embeddable":true,"href":"https:\/\/www.europesays.com\/no\/wp-json\/wp\/v2\/media\/129022"}],"wp:attachment":[{"href":"https:\/\/www.europesays.com\/no\/wp-json\/wp\/v2\/media?parent=129021"}],"wp:term":[{"taxonomy":"category","embeddable":true,"href":"https:\/\/www.europesays.com\/no\/wp-json\/wp\/v2\/categories?post=129021"},{"taxonomy":"post_tag","embeddable":true,"href":"https:\/\/www.europesays.com\/no\/wp-json\/wp\/v2\/tags?post=129021"}],"curies":[{"name":"wp","href":"https:\/\/api.w.org\/{rel}","templated":true}]}}