{"id":129023,"date":"2026-01-05T07:12:15","date_gmt":"2026-01-05T07:12:15","guid":{"rendered":"https:\/\/www.europesays.com\/no\/129023\/"},"modified":"2026-01-05T07:12:15","modified_gmt":"2026-01-05T07:12:15","slug":"klaus-sonstad-forlovet-seg-med-julie-dahle-aagard-pa-bursdagen-hennes-2","status":"publish","type":"post","link":"https:\/\/www.europesays.com\/no\/129023\/","title":{"rendered":"Klaus Sonstad forlovet seg med Julie Dahle Aag\u00e5rd p\u00e5 bursdagen hennes"},"content":{"rendered":"<p class=\"kicker \" style=\"\">Klaus Sonstad:<\/p>\n<p>  Komikeren ga kj\u00e6resten en helt spesiell bursdagsgave.<\/p>\n<p>\n    FORLOVET: Klaus Sonstad overrasket kj\u00e6resten Julie Dahle Aag\u00e5rd med en diamantring p\u00e5 47-\u00e5rsdagen hennes. Foto: Nina Hansen \/ Dagbladet\n  <\/p>\n<p>Programleder og komiker Klaus Sonstad g\u00e5r inn i 2026 som nyforlovet mann. Den 56 \u00e5r gamle komikeren fridde til sanger og musikalartist Julie Dahle Aag\u00e5rd p\u00e5 bursdagen hennes 30. desember.<\/p>\n<p>&#8211; En helt enorm f\u00f8lelse, sier det lykkelige paret til <a href=\"https:\/\/www.tv2.no\/underholdning\/klaus-sonstad-deler-gladnyhet\/18425818\/\" rel=\"nofollow noopener\" target=\"_blank\">TV 2<\/a>.<\/p>\n<p>    <a itemprop=\"url\" href=\"https:\/\/www.dagbladet.no\/kjendis\/bekrefter-gladnyhet\/84049769\" rel=\"nofollow noopener\" target=\"_blank\"><\/p>\n<p>        <img loading=\"lazy\" decoding=\"async\" src=\"https:\/\/www.europesays.com\/no\/wp-content\/uploads\/2026\/01\/84049807.webp.webp\" width=\"980\" height=\"441\" title=\"Bekrefter gladnyhet\" alt=\"\" class=\"lazyload\" style=\"--aspect-ratio-image: 2.22; \"\/><\/p>\n<p>        Bekrefter gladnyhet<\/p>\n<p>    <\/a><\/p>\n<p>Det var p\u00e5 Dahle Aag\u00e5rds 47-\u00e5rsdag at Sonstad gikk ned p\u00e5 et kne. Frieriet ble gjennomf\u00f8rt i ekte teater\u00e5nd, med et manus der de to spilte mot hverandre f\u00f8r Sonstad til slutt fridde.<\/p>\n<p>&#8211; Det fine var at det ble en gave til oss begge. Frieriet var bursdagsgaven min til henne, og at hun sa \u00abja\u00bb var en gave til meg ogs\u00e5, sier komikeren.<\/p>\n<p>        \u00abSKAL VI DANSE\u00bb: Antonio Careri og Tale Torjussen settes ut av gave. Video: Thea Hope\/Nora Skavhaug\/R\u00f8d L\u00f8per<\/p>\n<p>Etterp\u00e5 feiret paret med familie og venner p\u00e5 en restaurant i Trondheim. Sonstad beskriver det som den perfekte avslutningen p\u00e5 dagen.<\/p>\n<p>Gladnyheten delte de ogs\u00e5 p\u00e5 Instagram, der de blant annet viser fram diamantringen. \u00abTre \u00e5r i fire bilder. Hei 2026!\u00bb, st\u00e5r det til bildekarusellen.<\/p>\n<p>N\u00e5r det gjelder det kommende bryllupet, er de to tr\u00f8nderne helt samstemte om hvor det skal holdes.<\/p>\n<p>&#8211; Vi skal feire kj\u00e6rligheten i Norges desidert fineste og vakreste by &#8211; Trondheim, sier han til kanalen.<\/p>\n<p>Paret ble kj\u00e6rester i 2022, men bekreftet ikke forholdet f\u00f8r \u00e5ret etter. De m\u00f8ttes da Dahle Aag\u00e5rd var gjesteartist p\u00e5 Sonstads juleshow i Olavshallen i 2021.<\/p>\n<p>Sonstad har barna\u00a0Magnus (25) og Milla (22) med ekskona Nina Fjelnset, som han ble skilt fra i 2005.<\/p>\n<p>        <img loading=\"lazy\" decoding=\"async\" src=\"https:\/\/www.europesays.com\/no\/wp-content\/uploads\/2026\/01\/1767597135_122_84052154.webp.webp\" width=\"686\" height=\"1009\" title=\"FAR OG S\u00d8NN: Klaus Sonstad og s\u00f8nnen kom sammen p\u00e5 premieren til \u00abBurning 2\u00bb i 2016. Foto: Andreas Fadum\" alt=\"\" class=\"\" style=\"--aspect-ratio-image: 0.68; \"\/><\/p>\n<p>\n        FAR OG S\u00d8NN: Klaus Sonstad og s\u00f8nnen kom sammen p\u00e5 premieren til \u00abBurning 2\u00bb i 2016. Foto: Andreas Fadum\n    <\/p>\n<p> Dahle Aag\u00e5rd er for tida aktuell med musikalen \u00abEvig Ung\u00bb p\u00e5 Nye Hjorten Teater i Trondheim, hvor Sonstad ogs\u00e5 jobber. Komikeren er kjent fra programmer som \u00abKvelden er din\u00bb p\u00e5 TV 2 og radioduoen \u00abAre og Odin\u00bb p\u00e5 NRK.<\/p>\n","protected":false},"excerpt":{"rendered":"Klaus Sonstad: Komikeren ga kj\u00e6resten en helt spesiell bursdagsgave. FORLOVET: Klaus Sonstad overrasket kj\u00e6resten Julie Dahle Aag\u00e5rd med&hellip;\n","protected":false},"author":2,"featured_media":129024,"comment_status":"","ping_status":"","sticky":false,"template":"","format":"standard","meta":{"footnotes":""},"categories":[5],"tags":[20,21,24,25,5365,5429,15,19,479,14974,22,23,17,18,13,30,28,29,14,16,26,27],"class_list":{"0":"post-129023","1":"post","2":"type-post","3":"status-publish","4":"format-standard","5":"has-post-thumbnail","7":"category-overskrifter","8":"tag-breaking-news","9":"tag-breakingnews","10":"tag-featured-news","11":"tag-featurednews","12":"tag-forlovet","13":"tag-gladnyhet","14":"tag-headlines","15":"tag-hovedoppslag","16":"tag-kjendis","17":"tag-klaus-sonstad","18":"tag-latest-news","19":"tag-latestnews","20":"tag-main-news","21":"tag-mainnews","22":"tag-news","23":"tag-no","24":"tag-norge","25":"tag-norway","26":"tag-nyheter","27":"tag-overskrifter","28":"tag-top-stories","29":"tag-topstories"},"share_on_mastodon":{"url":"https:\/\/pubeurope.com\/@no\/115841252870229310","error":""},"_links":{"self":[{"href":"https:\/\/www.europesays.com\/no\/wp-json\/wp\/v2\/posts\/129023","targetHints":{"allow":["GET"]}}],"collection":[{"href":"https:\/\/www.europesays.com\/no\/wp-json\/wp\/v2\/posts"}],"about":[{"href":"https:\/\/www.europesays.com\/no\/wp-json\/wp\/v2\/types\/post"}],"author":[{"embeddable":true,"href":"https:\/\/www.europesays.com\/no\/wp-json\/wp\/v2\/users\/2"}],"replies":[{"embeddable":true,"href":"https:\/\/www.europesays.com\/no\/wp-json\/wp\/v2\/comments?post=129023"}],"version-history":[{"count":0,"href":"https:\/\/www.europesays.com\/no\/wp-json\/wp\/v2\/posts\/129023\/revisions"}],"wp:featuredmedia":[{"embeddable":true,"href":"https:\/\/www.europesays.com\/no\/wp-json\/wp\/v2\/media\/129024"}],"wp:attachment":[{"href":"https:\/\/www.europesays.com\/no\/wp-json\/wp\/v2\/media?parent=129023"}],"wp:term":[{"taxonomy":"category","embeddable":true,"href":"https:\/\/www.europesays.com\/no\/wp-json\/wp\/v2\/categories?post=129023"},{"taxonomy":"post_tag","embeddable":true,"href":"https:\/\/www.europesays.com\/no\/wp-json\/wp\/v2\/tags?post=129023"}],"curies":[{"name":"wp","href":"https:\/\/api.w.org\/{rel}","templated":true}]}}