{"id":129025,"date":"2026-01-05T07:18:10","date_gmt":"2026-01-05T07:18:10","guid":{"rendered":"https:\/\/www.europesays.com\/no\/129025\/"},"modified":"2026-01-05T07:18:10","modified_gmt":"2026-01-05T07:18:10","slug":"ruter-appen-har-problemer","status":"publish","type":"post","link":"https:\/\/www.europesays.com\/no\/129025\/","title":{"rendered":"Ruter-appen har problemer"},"content":{"rendered":"\n<p class=\"_lead_o9xde_2 _lead_xtcu6_50 layout-component text-serif-m layout-normal text-serif-l layout-component layout-wide layout-padded _wide_17hqh_1 layout-padded\">\u00c5rets f\u00f8rste mandag er bl\u00e5 for kollektiv\u00adselskapet Ruter. Hverken reiser eller avganger vil lastes inn i appen deres. <\/p>\n<p><img alt=\"Dette er meldingen som kommer opp dersom du fors\u00f8ker \u00e5 legge inn en reiserute, mandag morgen.  Foto: Ruter-appen\" class=\"_image_qp4xg_65 layout-component layout-wide\" data-fullscreen- data-track-element-type=\"Article image fullscreen\" data-track-name=\"ImageFullscreen\" fetchpriority=\"high\" decoding=\"sync\" loading=\"eager\" height=\"1177\" itemprop=\"image\"  src=\"https:\/\/www.europesays.com\/no\/wp-content\/uploads\/2026\/01\/811a596d-43ab-4ded-85b3-c40ae07a415c.jpeg\"  style=\"object-position:0% 0%\" width=\"1177\"\/>Dette er meldingen som kommer opp dersom du fors\u00f8ker \u00e5 legge inn en reiserute, mandag morgen.  Foto: Ruter-appen<\/p>\n<ul aria-hidden=\"true\" class=\"_images_ntbth_112\">\n<li><a class=\"_link_ntbth_117\" href=\"https:\/\/www.vg.no\/forfatter\/bendik-hansen\" style=\"z-index:1\" title=\"Bendik Hansen\" rel=\"nofollow noopener\" target=\"_blank\"><img alt=\"Bilde av Bendik Hansen\" class=\"_image_ntbth_93\" fetchpriority=\"low\" loading=\"lazy\" decoding=\"async\" itemprop=\"image\"  src=\"https:\/\/www.europesays.com\/no\/wp-content\/uploads\/2026\/01\/236bc5a3-2236-4046-b957-81f29d024aa6.jpeg\"  width=\"480\"\/><\/a><\/li>\n<\/ul>\n<p> Oppdatert mandag 5. januar kl. 08:08     <\/p>\n<p class=\"_paragraph_o9xde_4 _paragraph_xtcu6_10 layout-component text-serif-m layout-normal text-serif-m layout-padded\">Klokken 07.45 er det problemer med \u00e5 laste inn b\u00e5de reiser og avganger i Ruter-appen. <\/p>\n<p class=\"_paragraph_o9xde_4 _paragraph_xtcu6_10 layout-component text-serif-m layout-normal text-serif-m layout-padded\">Fors\u00f8ker du \u00e5 legge inn dette, f\u00e5r du denne beskjeden:<\/p>\n<p class=\"_paragraph_o9xde_4 _paragraph_xtcu6_10 layout-component text-serif-m layout-normal text-serif-m layout-padded\"><strong class=\"_strong_o9xde_25\">\u00abNoe gikk galt. Vi klarte ikke \u00e5 hente s\u00f8keresultater. Vennligst pr\u00f8v igjen.\u00bb <\/strong><\/p>\n<p class=\"_paragraph_o9xde_4 _paragraph_xtcu6_10 layout-component text-serif-m layout-normal text-serif-m layout-padded\">Pressevakt i Ruter, Karoline Berg, sier at de har f\u00e5tt problemene bekreftet fra datterselskapet TET DigitalTET DigitalDatter- og teknologiselskap i Ruter, med oppdrag om \u00e5 utvikle og levere &laquo;digitale kundeopplevelser innen b\u00e6rekraft og mobilitet&raquo;. , som drifter appen. <\/p>\n<p class=\"_paragraph_o9xde_4 _paragraph_xtcu6_10 layout-component text-serif-m layout-normal text-serif-m layout-padded\">\u2013 Vi opplever forstyrrelser p\u00e5 Ruter-appen, og det kan oppleves av reises\u00f8k, billettkj\u00f8p og visning av kj\u00f8pte billetter er nede. Vi jobber s\u00e5 hardt vi kan for \u00e5 l\u00f8se problemene og kommer tilbake med status, sier Berg. <\/p>\n<p class=\"_paragraph_o9xde_4 _paragraph_xtcu6_10 layout-component text-serif-m layout-normal text-serif-m layout-padded\">\u2013 Vi beklager de medf\u00f8rte problemene, legger hun til. <\/p>\n<p class=\"_paragraph_o9xde_4 _paragraph_xtcu6_10 layout-component text-serif-m layout-normal text-serif-m layout-padded\"><strong class=\"_strong_o9xde_25\">Pressevakten bekrefter at man kan reise gratis s\u00e5 lenge problemene vedvarer. <\/strong><\/p>\n<p class=\"_paragraph_o9xde_4 _paragraph_xtcu6_10 layout-component text-serif-m layout-normal text-serif-m layout-padded\">\u2013 S\u00e5 lenge disse problemene er gjeldende vil man kunne reise uten billett, sier Berg. <\/p>\n<p class=\"_paragraph_o9xde_4 _paragraph_xtcu6_10 layout-component text-serif-m layout-normal text-serif-m layout-padded\">Det var <a href=\"https:\/\/www.ao.no\/trobbel-med-ruter-appen\/s\/5-128-1227948\" class=\"_link_o9xde_39\" rel=\"nofollow noopener\" target=\"_blank\">Avisa Oslo<\/a> som f\u00f8rst omtalte de tekniske problemene.<\/p>\n<p><img alt=\"Foto: Espen Sj\u00f8lingstad Hoen \/ VG\" class=\"_image_qp4xg_65 layout-component layout-normal\" data-fullscreen- data-track-element-type=\"Article image fullscreen\" data-track-name=\"ImageFullscreen\" decoding=\"async\" loading=\"lazy\" height=\"5464\" itemprop=\"image\"  src=\"https:\/\/www.europesays.com\/no\/wp-content\/uploads\/2026\/01\/c561b943-ba1b-4e4b-a968-b7185ab1ec80.jpeg\"  style=\"object-position:0% 0%\" width=\"8192\"\/>Foto: Espen Sj\u00f8lingstad Hoen \/ VG<\/p>\n<p class=\"_paragraph_o9xde_4 _paragraph_xtcu6_10 layout-component text-serif-m layout-normal text-serif-m layout-padded\">Ruter er et offentlig eid selskap som har ansvar for kollektivtrafikken i Oslo og Akershus. Selskapet st\u00e5r for over halvparten av landets kollektivtransport, og opererer b\u00e5de T-bane, trikk, buss og b\u00e5t. <\/p>\n<p>    <img decoding=\"async\" alt=\"Tips oss illustrasjon\" src=\"https:\/\/www.europesays.com\/no\/wp-content\/uploads\/2025\/10\/pssst-small.webp.webp\"\/>    <\/p>\n<p class=\"title-serif-s\">Har du tips?<\/p>\n<p class=\"text-sans-m\">Send oss informasjon, bilder eller video.<\/p>\n<p>  <a href=\"https:\/\/www.vg.no\/tips-oss\" rel=\"nofollow noopener\" target=\"_blank\"> Tips oss <\/a>      <\/p>\n","protected":false},"excerpt":{"rendered":"\u00c5rets f\u00f8rste mandag er bl\u00e5 for kollektiv\u00adselskapet Ruter. Hverken reiser eller avganger vil lastes inn i appen deres.&hellip;\n","protected":false},"author":2,"featured_media":129026,"comment_status":"","ping_status":"","sticky":false,"template":"","format":"standard","meta":{"footnotes":""},"categories":[10],"tags":[31,20,21,24,25,15,22,23,13,30,28,29,14,16,26,27],"class_list":{"0":"post-129025","1":"post","2":"type-post","3":"status-publish","4":"format-standard","5":"has-post-thumbnail","7":"category-norge","8":"tag-breaking","9":"tag-breaking-news","10":"tag-breakingnews","11":"tag-featured-news","12":"tag-featurednews","13":"tag-headlines","14":"tag-latest-news","15":"tag-latestnews","16":"tag-news","17":"tag-no","18":"tag-norge","19":"tag-norway","20":"tag-nyheter","21":"tag-overskrifter","22":"tag-top-stories","23":"tag-topstories"},"share_on_mastodon":{"url":"https:\/\/pubeurope.com\/@no\/115841276586174889","error":""},"_links":{"self":[{"href":"https:\/\/www.europesays.com\/no\/wp-json\/wp\/v2\/posts\/129025","targetHints":{"allow":["GET"]}}],"collection":[{"href":"https:\/\/www.europesays.com\/no\/wp-json\/wp\/v2\/posts"}],"about":[{"href":"https:\/\/www.europesays.com\/no\/wp-json\/wp\/v2\/types\/post"}],"author":[{"embeddable":true,"href":"https:\/\/www.europesays.com\/no\/wp-json\/wp\/v2\/users\/2"}],"replies":[{"embeddable":true,"href":"https:\/\/www.europesays.com\/no\/wp-json\/wp\/v2\/comments?post=129025"}],"version-history":[{"count":0,"href":"https:\/\/www.europesays.com\/no\/wp-json\/wp\/v2\/posts\/129025\/revisions"}],"wp:featuredmedia":[{"embeddable":true,"href":"https:\/\/www.europesays.com\/no\/wp-json\/wp\/v2\/media\/129026"}],"wp:attachment":[{"href":"https:\/\/www.europesays.com\/no\/wp-json\/wp\/v2\/media?parent=129025"}],"wp:term":[{"taxonomy":"category","embeddable":true,"href":"https:\/\/www.europesays.com\/no\/wp-json\/wp\/v2\/categories?post=129025"},{"taxonomy":"post_tag","embeddable":true,"href":"https:\/\/www.europesays.com\/no\/wp-json\/wp\/v2\/tags?post=129025"}],"curies":[{"name":"wp","href":"https:\/\/api.w.org\/{rel}","templated":true}]}}