{"id":129027,"date":"2026-01-05T07:19:07","date_gmt":"2026-01-05T07:19:07","guid":{"rendered":"https:\/\/www.europesays.com\/no\/129027\/"},"modified":"2026-01-05T07:19:07","modified_gmt":"2026-01-05T07:19:07","slug":"bor-du-i-disse-kommunene-da-kan-du-fa-slettet-studiegjeld-nrk-buskerud-lokale-nyheter-tv-og-radio","status":"publish","type":"post","link":"https:\/\/www.europesays.com\/no\/129027\/","title":{"rendered":"Bor du i disse kommunene? Da kan du f\u00e5 slettet studiegjeld \u2013 NRK Buskerud \u2013 Lokale nyheter, TV og radio"},"content":{"rendered":"<p>Saken oppsummert: <\/p>\n<p>\u2022 Ny ordning gir \u00e5rlig sletting av 25.000 kroner i studiegjeld for de som bor i 189 utvalgte distriktskommuner. <br \/>\u2022 For \u00e5 kvalifisere m\u00e5 man ha bodd i kommunen i minst ett \u00e5r, v\u00e6re yrkesaktiv eller jobbs\u00f8ker, og ha rett p\u00e5 studiel\u00e5n. <br \/>\u2022 Ordningen skal motvirke fraflytting og aldring i mindre sentrale kommuner, samt tiltrekke seg viktig arbeidskraft som sykepleiere, l\u00e6rere og ingeni\u00f8rer. <br \/>\u2022 S\u00f8knader kan sendes inn via L\u00e5nekassens nettsider, og data om bosted og yrkesaktivitet hentes fra offentlige registre. <br \/>\u2022 Regjeringen h\u00e5per ordningen vil gj\u00f8re distriktene mer attraktive, men effekten vil evalueres underveis. <br \/>\u2022 Tidligere erfaringer fra Nord-Troms og Finnmark viser at slike tiltak kan ha positiv effekt p\u00e5 bosetting og skatteinntekter.<\/p>\n<p>Oppsummeringen er laget av en KI-tjeneste fra OpenAI. Innholdet er kvalitetssikret av NRKs journalister f\u00f8r publisering.<\/p>\n<p>\u2013 Man taper penger p\u00e5 \u00e5 flytte ut av byen. Lavere l\u00f8nn og f\u00e6rre arbeidsmuligheter, sier Marcus Waldal Ephithite (30).<\/p>\n<p>Han og samboeren flyttet fra Oslo til Hol i Buskerud for fire \u00e5r siden.<\/p>\n<p><strong>Da de flyttet var det tilskudd til f\u00f8rstegangsetablerere der. Til sammen betaler de rundt 5000 kroner p\u00e5 studiel\u00e5net i m\u00e5neden. \u00c5 f\u00e5 det redusert vil hjelpe dem veldig i hverdagen.<\/strong><\/p>\n<p>\u2013 Det gir mer \u00f8konomisk armslag, sier han.<\/p>\n<p><img decoding=\"async\"   src=\"data:image\/gif;base64,R0lGODlhAQABAIAAAAAAAP\/\/\/yH5BAEAAAAALAAAAAABAAEAAAIBRAA7\" loading=\"eager\" alt=\"Et stort hytte-omr\u00e5de foran et fjell med sn\u00f8\" title=\"Foto: Tordis Gauteplass \/ NRK\"\/><\/p>\n<p class=\"\">Det er flott i fjellet, som her i Hol, men mange mindre kommuner sliter med \u00e5 f\u00e5 unge til \u00e5 bosette seg.<\/p>\n<p>Foto: Tordis Gauteplass \/ NRK<\/p>\n<p>Forventer stor p\u00e5gang<\/p>\n<p>Ordningen med sletting av studiegjeld gjelder for alle som bor i 189 distriktskommuner, som er de minst sentrale kommunene if\u00f8lge <a href=\"https:\/\/www.ssb.no\/befolkning\/folketall\/artikler\/sentralitetsindeksen\" ec-id=\"https:\/\/www.ssb.no\/befolkning\/folketall\/artikler\/sentralitetsindeksen\" ec-name=\"sentralitetsindeksen til Statistisk sentralbyr\u00e5\" rel=\"nofollow noopener\" target=\"_blank\">sentralitetsindeksen til Statistisk sentralbyr\u00e5<\/a> (SSB).<\/p>\n<p>Kravet er at man m\u00e5 ha bodd i kommunen i minst ett \u00e5r<\/p>\n<p>Hvert \u00e5r kuttes studiegjelden til innbyggerne med 25.000 kroner fram til gjelden er nedbetalt.<\/p>\n<p>S\u00f8knadene kan fra i dag sendes inn via L\u00e5nekassens nettsider.<\/p>\n<p>\u2013 Det viktigste er at du oppfyller vilk\u00e5rene. Utdanningsgjeld kan slettes n\u00e5r du har fylt vilk\u00e5rene i 12 sammenhengende m\u00e5neder. Vi innhenter data om bosted og yrkesaktivitet fra offentlige registre, s\u00e5 langt det lar seg gj\u00f8re.<\/p>\n<ul class=\"dhpg__gallery__list\">\n<li class=\"dhpg__gallery__listItem\"><img alt=\"Gunnar Omsted, senior kommunikasjonsr\u00e5dgiver hos L\u00e5nekassen. Han har kort kr\u00f8llete h\u00e5r. Han har p\u00e5 seg en gr\u00e5 skjorte. Han ser mot kamera og smiler. \"  width=\"2400\" height=\"2400\" loading=\"lazy\"\/>Gunnar Omsted\n<ul>\n<li>Senior kommunikasjonsr\u00e5dgiver i L\u00e5nekassen.<\/li>\n<\/ul>\n<\/li>\n<\/ul>\n<p><strong>\u2013 Vi forventer stor interesse for ordningen og er godt forberedt p\u00e5 \u00e5 h\u00e5ndtere s\u00f8knadene, sier Gunnar Omsted, seniorkommunikasjonsr\u00e5dgiver i L\u00e5nekassen.<\/strong><\/p>\n<p>Disse kan s\u00f8ke:<\/p>\n<ul>\n<li>Du m\u00e5 ha bodd minst ett \u00e5r i en kommune hvor ordningen gjelder.<\/li>\n<li>Du m\u00e5 ha tatt en utdanning og hatt rettmessig krav p\u00e5 studiel\u00e5n.<\/li>\n<li>Du m\u00e5 v\u00e6re yrkesaktiv, eller aktiv jobbs\u00f8ker.<\/li>\n<li>Du m\u00e5 bo i kommunen ordningen gjelder, men kan jobbe i en annen kommune.<\/li>\n<li>Dette opph\u00f8rer hvis du flytter til en annen kommune, som ikke er en del av ordningen.<\/li>\n<\/ul>\n<p>Vil snu negativ utvikling<\/p>\n<p>Regjeringen vil bruke ordningen til \u00e5 snu den negative utviklingen med fraflytting og \u00f8kende aldring i de minst sentrale kommunene.<\/p>\n<p>\u2013 Vi har behov for mye viktig kompetanse i mange kommuner. Vi vet at mange strever med \u00e5 f\u00e5 tak i sykepleiere, l\u00e6rere, ingeni\u00f8rer og fagarbeidere, b\u00e5de til velferdsoppgaver og til bedriftene, sier forsknings- og h\u00f8yere utdanningsminister Sigrun Aasland (Ap).<\/p>\n<ul class=\"dhpg__gallery__list\">\n<li class=\"dhpg__gallery__listItem\"><img alt=\"en kvinne som smiler til kameraet\"  width=\"2400\" height=\"2400\" loading=\"lazy\"\/>Sigrun Aasland\n<ul>\n<li>Forsknings- og h\u00f8yere utdanningsminister (Ap)<\/li>\n<\/ul>\n<\/li>\n<\/ul>\n<p>\u2013 Tror dere dette vil hjelpe?<\/p>\n<p>\u2013 Dette er jo en ny ordning, s\u00e5 vi m\u00e5 evaluere effekten underveis. Vi har sett at en lignende ordning har hatt noe effekt i Nord-Troms og Finnmark, og at effekten \u00f8ker merd hvor mye gjeld man kan f\u00e5 slettet.<\/p>\n<p><strong>Det ble br\u00e5k da regjeringen i fjor h\u00f8st foreslo \u00e5 kutte i gjeldssletteordningen. Flere ordf\u00f8rere f\u00f8lte seg lurt, etter \u00e5 ha snakket om det nye tiltaket i valgkampen.<\/strong><\/p>\n<p>\u2013 Vi vet fra mange lokalpolitikere og ordf\u00f8rere at dette er en ordning man har sett fram til \u00e5 kunne tilby folk som lurer p\u00e5 om de skal flytte til kommunen.<\/p>\n<p>Kunne v\u00e6rt utslagsgivende<\/p>\n<p>Marcus Waldal Ephithite tror sletting av studiegjeld vil gj\u00f8re kommunene mer attraktive.<\/p>\n<p>\u2013 Jeg tror ikke jeg hadde flyttet til en kommune ene og alene p\u00e5 grunn av ordningen. Men det kunne v\u00e6rt utslagsgivende hvis det sto mellom to steder hvor alt annet var relativt likt.<\/p>\n<p><img decoding=\"async\"   src=\"data:image\/gif;base64,R0lGODlhAQABAIAAAAAAAP\/\/\/yH5BAEAAAAALAAAAAABAAEAAAIBRAA7\" loading=\"eager\" alt=\"En mann poserer for kamera og smiler. Han har p\u00e5 seg tursekk, en gr\u00f8nn genser og svart turbukse. \" title=\"Foto: Privat\"\/><\/p>\n<p class=\"\">Marcus stortrives i Hol og h\u00e5per den nye ordningen motiverer flere til \u00e5 gi bygda en sjanse.<\/p>\n<p>Foto: Privat<\/p>\n<p><strong>Marcus forteller at det er kombinasjonen av alle typer tiltak som betyr noe, samt at det er et fint sted \u00e5 bo, hvor det er sosialt og jobbmuligheter.<\/strong><\/p>\n<p>\u2013 Du ser jo flere som flytter til Nord-Norge, som f\u00e5r avskrevet ganske mye. Ulempen er jo at de bor der i noen \u00e5r, og s\u00e5 flytter man tilbake. Men det gir jo uansett skatteinntekter til kommunen.<\/p>\n<p>\u2013 Jeg tror det er bra at man f\u00e5r et insentiv for \u00e5 bo litt avsides.<\/p>\n<p>Publisert<\/p>\n<p>05.01.2026, kl. 07.03<\/p>\n<p>Oppdatert<\/p>\n<p>05.01.2026, kl. 07.53<\/p>\n","protected":false},"excerpt":{"rendered":"Saken oppsummert: \u2022 Ny ordning gir \u00e5rlig sletting av 25.000 kroner i studiegjeld for de som bor i&hellip;\n","protected":false},"author":2,"featured_media":129028,"comment_status":"","ping_status":"","sticky":false,"template":"","format":"standard","meta":{"footnotes":""},"categories":[5],"tags":[20,21,24,25,15,19,22,23,17,18,13,30,28,29,14,16,26,27],"class_list":{"0":"post-129027","1":"post","2":"type-post","3":"status-publish","4":"format-standard","5":"has-post-thumbnail","7":"category-overskrifter","8":"tag-breaking-news","9":"tag-breakingnews","10":"tag-featured-news","11":"tag-featurednews","12":"tag-headlines","13":"tag-hovedoppslag","14":"tag-latest-news","15":"tag-latestnews","16":"tag-main-news","17":"tag-mainnews","18":"tag-news","19":"tag-no","20":"tag-norge","21":"tag-norway","22":"tag-nyheter","23":"tag-overskrifter","24":"tag-top-stories","25":"tag-topstories"},"share_on_mastodon":{"url":"https:\/\/pubeurope.com\/@no\/115841280418752552","error":""},"_links":{"self":[{"href":"https:\/\/www.europesays.com\/no\/wp-json\/wp\/v2\/posts\/129027","targetHints":{"allow":["GET"]}}],"collection":[{"href":"https:\/\/www.europesays.com\/no\/wp-json\/wp\/v2\/posts"}],"about":[{"href":"https:\/\/www.europesays.com\/no\/wp-json\/wp\/v2\/types\/post"}],"author":[{"embeddable":true,"href":"https:\/\/www.europesays.com\/no\/wp-json\/wp\/v2\/users\/2"}],"replies":[{"embeddable":true,"href":"https:\/\/www.europesays.com\/no\/wp-json\/wp\/v2\/comments?post=129027"}],"version-history":[{"count":0,"href":"https:\/\/www.europesays.com\/no\/wp-json\/wp\/v2\/posts\/129027\/revisions"}],"wp:featuredmedia":[{"embeddable":true,"href":"https:\/\/www.europesays.com\/no\/wp-json\/wp\/v2\/media\/129028"}],"wp:attachment":[{"href":"https:\/\/www.europesays.com\/no\/wp-json\/wp\/v2\/media?parent=129027"}],"wp:term":[{"taxonomy":"category","embeddable":true,"href":"https:\/\/www.europesays.com\/no\/wp-json\/wp\/v2\/categories?post=129027"},{"taxonomy":"post_tag","embeddable":true,"href":"https:\/\/www.europesays.com\/no\/wp-json\/wp\/v2\/tags?post=129027"}],"curies":[{"name":"wp","href":"https:\/\/api.w.org\/{rel}","templated":true}]}}