{"id":129029,"date":"2026-01-05T07:25:08","date_gmt":"2026-01-05T07:25:08","guid":{"rendered":"https:\/\/www.europesays.com\/no\/129029\/"},"modified":"2026-01-05T07:25:08","modified_gmt":"2026-01-05T07:25:08","slug":"mann-tiltalt-for-a-ha-truet-med-a-sprenge-slottet","status":"publish","type":"post","link":"https:\/\/www.europesays.com\/no\/129029\/","title":{"rendered":"Mann tiltalt for \u00e5 ha truet med \u00e5 sprenge Slottet"},"content":{"rendered":"\n<p class=\"_lead_o9xde_2 _lead_xtcu6_50 layout-component text-serif-m layout-normal text-serif-l layout-component layout-wide layout-padded _wide_17hqh_1 layout-padded\">Ville m\u00f8te kongefamilien og truet med bombing.<\/p>\n<p><img alt=\"Bildet er fra i fjor da en mann p\u00e5grepet ved slottet etter knivtrusler.  Foto: Helge Mikalsen \/ VG\" class=\"_image_qp4xg_65 layout-component layout-wide\" data-fullscreen- data-track-element-type=\"Article image fullscreen\" data-track-name=\"ImageFullscreen\" fetchpriority=\"high\" decoding=\"sync\" loading=\"eager\" height=\"3592\" itemprop=\"image\"  src=\"https:\/\/www.europesays.com\/no\/wp-content\/uploads\/2026\/01\/8954eadd-6a6b-478c-baff-d906be307eea.jpeg\"  style=\"object-position:0% 0%\" width=\"5392\"\/>Bildet er fra i fjor da en mann p\u00e5grepet ved slottet etter knivtrusler.  Foto: Helge Mikalsen \/ VG<\/p>\n<ul aria-hidden=\"true\" class=\"_images_ntbth_112\">\n<li><a class=\"_link_ntbth_117\" href=\"https:\/\/www.vg.no\/forfatter\/hanne-kretuz-hansen\" style=\"z-index:1\" title=\"Hanne Kreutz-Hansen\" rel=\"nofollow noopener\" target=\"_blank\"><img alt=\"Bilde av Hanne Kreutz-Hansen\" class=\"_image_ntbth_93\" fetchpriority=\"low\" loading=\"lazy\" decoding=\"async\" itemprop=\"image\"  src=\"https:\/\/www.europesays.com\/no\/wp-content\/uploads\/2026\/01\/91499188-43f5-43fa-b038-5716eac94ffb.jpeg\"  width=\"480\"\/><\/a><\/li>\n<\/ul>\n<p> Oppdatert mandag 5. januar kl. 07:56    <\/p>\n<ul class=\"_list_o9xde_3 _list_64s2r_85 _unordered_o9xde_106 text-sans-m\">\n<li class=\"_item_o9xde_30\">Mann i 30-\u00e5rene tiltalt for \u00e5 ha truet med \u00e5 sprenge Slottet i januar i fjor.<\/li>\n<li class=\"_item_o9xde_30\">Tiltalte krevde m\u00f8te med deler av kongefamilien.<\/li>\n<li class=\"_item_o9xde_30\">Tidligere truet med \u00e5 sprenge Helsedirektoratets bygning.<\/li>\n<li class=\"_item_o9xde_30\">Rettssaken starter torsdag i Oslo tingrett.<\/li>\n<\/ul>\n<p>Vis mer <\/p>\n<p class=\"_paragraph_o9xde_4 _paragraph_xtcu6_10 layout-component text-serif-m layout-normal text-serif-m layout-padded\">En mann i 30-\u00e5rene m\u00e5 m\u00f8te i retten torsdag, tiltalt for \u00e5 ha truet med \u00e5 sprenge <a href=\"https:\/\/www.vg.no\/tag\/slottet?utm_source=vg-article&amp;utm_medium=auto-tagger&amp;utm_campaign=j0de4b\" class=\"_link_o9xde_39\" rel=\"nofollow noopener\" target=\"_blank\">Slottet<\/a>.<\/p>\n<p class=\"_paragraph_o9xde_4 _paragraph_xtcu6_10 layout-component text-serif-m layout-normal text-serif-m layout-padded\">Hendelsen skjedde i januar i fjor, da mannen krevde et m\u00f8te med deler av kongefamilien. Hvis ikke kravet ble innfridd, truet han med \u00e5 sprenge slottet, melder <a href=\"https:\/\/www.nrk.no\/stor-oslo\/truet-med-a-sprenge-slottet---ma-mote-i-retten-1.17713800\" class=\"_link_o9xde_39\" rel=\"nofollow noopener\" target=\"_blank\">NRK<\/a>.<\/p>\n<p class=\"_paragraph_o9xde_4 _paragraph_xtcu6_10 layout-component text-serif-m layout-normal text-serif-m layout-padded\">Mannen er tiltalt for \u00e5 ha voldt fare for at Kongen hindres eller p\u00e5virkes i sin virksomhet ved bruk av trusler. I tillegg er han tiltalt for \u00e5 ha truet med straffbar atferd under slike omstendigheter at trusselen var egnet til \u00e5 fremkalle alvorlig frykt.<\/p>\n<p class=\"_paragraph_o9xde_4 _paragraph_xtcu6_10 layout-component text-serif-m layout-normal text-serif-m layout-padded\">Dette er ikke f\u00f8rste gang mannen har kommet med bombetrusler. I fjor sommer truet han ogs\u00e5 med \u00e5 sprenge bygningen til Helsedirektoratet.<\/p>\n<p class=\"_paragraph_o9xde_4 _paragraph_xtcu6_10 layout-component text-serif-m layout-normal text-serif-m layout-padded\">F\u00f8rste del av rettssaken starter i Oslo tingrett p\u00e5 torsdag.<\/p>\n<p>Utsatte bygninger<\/p>\n<p class=\"_paragraph_o9xde_4 _paragraph_xtcu6_10 layout-component text-serif-m layout-normal text-serif-m layout-padded\">Trusler mot kongefamilien og offentlige bygninger tas sv\u00e6rt alvorlig av norske myndigheter.<\/p>\n<p class=\"_paragraph_o9xde_4 _paragraph_xtcu6_10 layout-component text-serif-m layout-normal text-serif-m layout-padded\">2024 kastet en mann i elektrisk rullestol to <a href=\"https:\/\/www.vg.no\/nyheter\/i\/jQlEPq\/brann-i-doer-paa-slottet\" data-track-element-type=\"Link\" data-track-id=\"link:jQlEPq\" class=\"_link_o9xde_39\" rel=\"nofollow noopener\" target=\"_blank\">molotovcocktails<\/a> mot en d\u00f8r p\u00e5 baksiden av Slottet. <\/p>\n<p class=\"_paragraph_o9xde_4 _paragraph_xtcu6_10 layout-component text-serif-m layout-normal text-serif-m layout-padded\">Han var fra Belarus og var <a href=\"https:\/\/www.vg.no\/nyheter\/i\/yE6BRr\/mannen-som-kastet-brannbombe-mot-slottet-var-utvist-fra-norge\" data-track-element-type=\"Link\" data-track-id=\"link:yE6BRr\" class=\"_link_o9xde_39\" rel=\"nofollow noopener\" target=\"_blank\">utvis<\/a>t fra Norge. <\/p>\n<p><img alt=\"Brannen ble raskt slukketda brannbomber ble kastet mot slottet i juli 2024.  Foto: Helene Mariussen \/ VG\" class=\"_image_qp4xg_65 layout-component layout-normal\" data-fullscreen- data-track-element-type=\"Article image fullscreen\" data-track-name=\"ImageFullscreen\" decoding=\"async\" loading=\"lazy\" height=\"3730\" itemprop=\"image\"  src=\"https:\/\/www.europesays.com\/no\/wp-content\/uploads\/2026\/01\/6263a9f9-8f2d-4d29-8745-3da1c99e4f7d.png\"  style=\"object-position:0% 0%\" width=\"5595\"\/>Brannen ble raskt slukketda brannbomber ble kastet mot slottet i juli 2024.  Foto: Helene Mariussen \/ VG<\/p>\n<p class=\"_paragraph_o9xde_4 _paragraph_xtcu6_10 layout-component text-serif-m layout-normal text-serif-m layout-padded\">F\u00f8r jul m\u00e5tte en mann i 20-\u00e5ra m\u00f8te i Buskerud tingrett, tiltalt for blant annet fire bombetrusler mot Stortinget. Drammenseren skal ogs\u00e5 ha fors\u00f8kt \u00e5 utpresse Kjell Inge R\u00f8kke for 1 milliard kroner, og for \u00e5 ha truet <a href=\"https:\/\/www.vg.no\/rampelys\/i\/Pd3b86\/mann-doemt-for-drapstrusler-mot-nora-haukland\" data-track-element-type=\"Link\" data-track-id=\"link:Pd3b86\" class=\"_link_o9xde_39\" rel=\"nofollow noopener\" target=\"_blank\">Nora Haukland<\/a>, som er en av de forn\u00e6rmede i straffesaken mot Marius Borg H\u00f8iby.<\/p>\n","protected":false},"excerpt":{"rendered":"Ville m\u00f8te kongefamilien og truet med bombing. Bildet er fra i fjor da en mann p\u00e5grepet ved slottet&hellip;\n","protected":false},"author":2,"featured_media":129030,"comment_status":"","ping_status":"","sticky":false,"template":"","format":"standard","meta":{"footnotes":""},"categories":[10],"tags":[20,21,24,25,15,22,23,13,30,28,29,14,16,404,26,27,46],"class_list":{"0":"post-129029","1":"post","2":"type-post","3":"status-publish","4":"format-standard","5":"has-post-thumbnail","7":"category-norge","8":"tag-breaking-news","9":"tag-breakingnews","10":"tag-featured-news","11":"tag-featurednews","12":"tag-headlines","13":"tag-latest-news","14":"tag-latestnews","15":"tag-news","16":"tag-no","17":"tag-norge","18":"tag-norway","19":"tag-nyheter","20":"tag-overskrifter","21":"tag-slottet","22":"tag-top-stories","23":"tag-topstories","24":"tag-vgai"},"share_on_mastodon":{"url":"https:\/\/pubeurope.com\/@no\/115841304091456584","error":""},"_links":{"self":[{"href":"https:\/\/www.europesays.com\/no\/wp-json\/wp\/v2\/posts\/129029","targetHints":{"allow":["GET"]}}],"collection":[{"href":"https:\/\/www.europesays.com\/no\/wp-json\/wp\/v2\/posts"}],"about":[{"href":"https:\/\/www.europesays.com\/no\/wp-json\/wp\/v2\/types\/post"}],"author":[{"embeddable":true,"href":"https:\/\/www.europesays.com\/no\/wp-json\/wp\/v2\/users\/2"}],"replies":[{"embeddable":true,"href":"https:\/\/www.europesays.com\/no\/wp-json\/wp\/v2\/comments?post=129029"}],"version-history":[{"count":0,"href":"https:\/\/www.europesays.com\/no\/wp-json\/wp\/v2\/posts\/129029\/revisions"}],"wp:featuredmedia":[{"embeddable":true,"href":"https:\/\/www.europesays.com\/no\/wp-json\/wp\/v2\/media\/129030"}],"wp:attachment":[{"href":"https:\/\/www.europesays.com\/no\/wp-json\/wp\/v2\/media?parent=129029"}],"wp:term":[{"taxonomy":"category","embeddable":true,"href":"https:\/\/www.europesays.com\/no\/wp-json\/wp\/v2\/categories?post=129029"},{"taxonomy":"post_tag","embeddable":true,"href":"https:\/\/www.europesays.com\/no\/wp-json\/wp\/v2\/tags?post=129029"}],"curies":[{"name":"wp","href":"https:\/\/api.w.org\/{rel}","templated":true}]}}