{"id":129033,"date":"2026-01-05T07:30:40","date_gmt":"2026-01-05T07:30:40","guid":{"rendered":"https:\/\/www.europesays.com\/no\/129033\/"},"modified":"2026-01-05T07:30:40","modified_gmt":"2026-01-05T07:30:40","slug":"cargill-norway-solgte-fiskefor-for-18-milliarder-kroner-i-fjor-men-tjente-ikke-penger","status":"publish","type":"post","link":"https:\/\/www.europesays.com\/no\/129033\/","title":{"rendered":"Cargill Norway solgte fiskef\u00f4r for 18 milliarder kroner i fjor, men tjente ikke penger"},"content":{"rendered":"<p><strong>Marginpress etter byks i omsetningen.<\/strong><\/p>\n<p>Den amerikanske r\u00e5varegiganten Cargill har eid sine\u00a0tre f\u00f4rfabrikker i Norge i ti \u00e5r. Det norske datterselskapet, tidligere kjent som EWOS, har lagt bak seg et \u00e5r preget av hopp i b\u00e5de salg og kostnader.<\/p>\n<p>Cargill Norway, som fortsatt rapporterer regnskapene gjennom selskapet EWOS, har avvikende regnskaps\u00e5r, fra 1. juni 2024 til 31. mai 2025. Her rapporteres tallene til selskapene Cargill Norway Holding, Cargill Norway, EWOS og Statkorn Aqua.<\/p>\n<p><strong>Inflasjon<\/strong><br \/>Cargill Norways hovedprodukter er f\u00f4r til laks og \u00f8rret, markedsf\u00f8rt under merkevaren EWOS. Den samlede omsetningen \u00f8kte med 15 prosent, til 18 milliarder kroner, i fjor. Men kostnadene \u00f8kte enda mer, og vasket bort nesten hele driftsresultatet.<\/p>\n<p>\u201cOmsetningen var positivt preget av \u00f8kte salgsvolumer fra styrkede markedsandeler ifjor,\u201d skriver styret i sin \u00e5rsberetning.<\/p>\n<p>Driftskostnadene best\u00e5r hovedsaklig av r\u00e5varekostnader, som \u00f8kte med hele 16,2 prosent.<\/p>\n<p><img fetchpriority=\"high\" decoding=\"async\" class=\"wp-image-220136 size-full\" src=\"https:\/\/www.europesays.com\/no\/wp-content\/uploads\/2026\/01\/MG_4735EwosFloro-2-scaled.jpg\" alt=\"\" width=\"2560\" height=\"1826\"\/> EWOS\u2019 f\u00f4rfabrikk i Flor\u00f8. Foto: Cargill<\/p>\n<p>\u201cR\u00e5varene best\u00e5r av en rekke produkter, herunder fiskeolje, fiskemel og soyaproteinkonsentrat. R\u00e5varekostnadene \u00f8kte i rapporteringsperioden fra \u00f8kt inflasjon og en svekket krone mot de viktigste handelsvalutaene USD og Euro. I tillegg \u00f8kte prduksjonsvolumet sammenlignet med 2024.\u201d<\/p>\n<p><strong>Les ogs\u00e5:\u00a0<\/strong><a href=\"https:\/\/ilaks.no\/tilbake-til-fremtiden-er-det-strategisk-viktig-for-en-oppdretter-a-eie-eget-for\/\" rel=\"nofollow noopener\" target=\"_blank\">Tilbake til fremtiden: Er det strategisk viktig for en oppdretter \u00e5 eie eget f\u00f4r?<\/a><\/p>\n<p><strong>Underskudd<\/strong><br \/>Negative netto finansinntekter ga et underskudd p\u00e5 34,4 millioner kroner f\u00f8r skatt.<\/p>\n<p>Selskapet hadde en totalbalanse p\u00e5 6.556 millioner kroner, hvorav 1.432 millioner kroner var bokf\u00f8rt egenkapital. Balansens viktigste eiendeler er de nevnte tre fabrikkene. I fjor var netto kontantstr\u00f8m fra investeringer 252 millioner kroner, prim\u00e6rt drevet av nyinvesteringer i fabrikkene.<\/p>\n<p><img loading=\"lazy\" decoding=\"async\" class=\"wp-image-141310 size-full\" src=\"https:\/\/www.europesays.com\/no\/wp-content\/uploads\/2026\/01\/EWOS.jpg\" alt=\"\" width=\"960\" height=\"720\"\/> Cargill Halsa. FOTO: Protronic AS<\/p>\n<p>\u201cVi ser fortsatt positive signaler basert p\u00e5 kundeordre-estimater og analyse av biomasseutviklingen. I tillegg er v\u00e5re seneste markedsandeler h\u00f8ye, noe som gir et sterkt fundament for forbedringer i v\u00e5r finansielle drift for 2026\u201d, skriver styret videre.<\/p>\n<p>\u201cI driften forventer vi positive effekter fra \u00f8kt volum grunnet viktigheten av skalafordeler. Som en balanserende effekt forventer vi fortsatt marginpress fra sterk konkurranse om kontrakter\u201d.<\/p>\n<p>Cargill Norway har 418 ansatte.<\/p>\n<p><strong>Les ogs\u00e5:<\/strong><a href=\"https:\/\/ilaks.no\/cargill-vil-avslutte-foreksporten-til-russland\/\" rel=\"nofollow noopener\" target=\"_blank\"><strong>\u00a0<\/strong>Cargill vil avslutte f\u00f4reksporten til Russland<\/a><\/p>\n<p>Selskapet har mange ti\u00e5r handlet med Russland, noe som har v\u00e6rt kontroversielt etter Russlands overfall p\u00e5 nabolandet Ukraina. Cargill solgte\u00a0f\u00f4r til Russland for 522 millioner kroner i 2024. I fjor var dette salget avsluttet og redusert til null.<\/p>\n<p>iLaks har kontaktet Cargill for en kommentar til \u00e5rsresultatet.<\/p>\n<tr>\n<td width=\"119\">EWOS AS<\/td>\n<td width=\"80\">2025<\/td>\n<td width=\"80\">2024<\/td>\n<td width=\"80\">Endring<\/td>\n<\/tr>\n<tr>\n<td>Omsetning<\/td>\n<td>18011,3<\/td>\n<td>15656,5<\/td>\n<td>15,0 %<\/td>\n<\/tr>\n<tr>\n<td>EBIT<\/td>\n<td>11,3<\/td>\n<td>195,2<\/td>\n<td>-94,2 %<\/td>\n<\/tr>\n<tr>\n<td>Resultat f\u00f8r skatt<\/td>\n<td>-34,4<\/td>\n<td>121,0<\/td>\n<td>-128,4 %<\/td>\n<\/tr>\n<tr>\n<td\/>\n<td\/>\n<td\/>\n<td\/>\n<\/tr>\n<tr>\n<td>Driftsmargin<\/td>\n<td>0,1 %<\/td>\n<td>1,2 %<\/td>\n<td\/>\n<\/tr>\n<tr>\n<td\/>\n<td\/>\n<td\/>\n<td\/>\n<\/tr>\n<tr>\n<td colspan=\"2\">Alle tall i millioner kroner<\/td>\n<td\/>\n<td\/>\n<\/tr>\n","protected":false},"excerpt":{"rendered":"Marginpress etter byks i omsetningen. Den amerikanske r\u00e5varegiganten Cargill har eid sine\u00a0tre f\u00f4rfabrikker i Norge i ti \u00e5r.&hellip;\n","protected":false},"author":2,"featured_media":129034,"comment_status":"","ping_status":"","sticky":false,"template":"","format":"standard","meta":{"footnotes":""},"categories":[56],"tags":[60,61,62,30,28,29],"class_list":{"0":"post-129033","1":"post","2":"type-post","3":"status-publish","4":"format-standard","5":"has-post-thumbnail","7":"category-naeringsliv","8":"tag-business","9":"tag-economy","10":"tag-naeringsliv","11":"tag-no","12":"tag-norge","13":"tag-norway"},"share_on_mastodon":{"url":"https:\/\/pubeurope.com\/@no\/115841323671097063","error":""},"_links":{"self":[{"href":"https:\/\/www.europesays.com\/no\/wp-json\/wp\/v2\/posts\/129033","targetHints":{"allow":["GET"]}}],"collection":[{"href":"https:\/\/www.europesays.com\/no\/wp-json\/wp\/v2\/posts"}],"about":[{"href":"https:\/\/www.europesays.com\/no\/wp-json\/wp\/v2\/types\/post"}],"author":[{"embeddable":true,"href":"https:\/\/www.europesays.com\/no\/wp-json\/wp\/v2\/users\/2"}],"replies":[{"embeddable":true,"href":"https:\/\/www.europesays.com\/no\/wp-json\/wp\/v2\/comments?post=129033"}],"version-history":[{"count":0,"href":"https:\/\/www.europesays.com\/no\/wp-json\/wp\/v2\/posts\/129033\/revisions"}],"wp:featuredmedia":[{"embeddable":true,"href":"https:\/\/www.europesays.com\/no\/wp-json\/wp\/v2\/media\/129034"}],"wp:attachment":[{"href":"https:\/\/www.europesays.com\/no\/wp-json\/wp\/v2\/media?parent=129033"}],"wp:term":[{"taxonomy":"category","embeddable":true,"href":"https:\/\/www.europesays.com\/no\/wp-json\/wp\/v2\/categories?post=129033"},{"taxonomy":"post_tag","embeddable":true,"href":"https:\/\/www.europesays.com\/no\/wp-json\/wp\/v2\/tags?post=129033"}],"curies":[{"name":"wp","href":"https:\/\/api.w.org\/{rel}","templated":true}]}}