{"id":129035,"date":"2026-01-05T07:32:06","date_gmt":"2026-01-05T07:32:06","guid":{"rendered":"https:\/\/www.europesays.com\/no\/129035\/"},"modified":"2026-01-05T07:32:06","modified_gmt":"2026-01-05T07:32:06","slug":"nyheter-trafikk-varebilstans-i-sentrum","status":"publish","type":"post","link":"https:\/\/www.europesays.com\/no\/129035\/","title":{"rendered":"Nyheter, Trafikk | Varebilstans i sentrum"},"content":{"rendered":"\n<p>En stor varebil har mandag morgen stanset i h\u00f8yre felt i Nyg\u00e5rdstunnelen mot sentrum.<\/p>\n<p>\u2013 Skaper en del k\u00f8. Vi er p\u00e5 stedet, melder operasjonsleder i politiet Dan Erik Johannessen. <\/p>\n<p>Kj\u00f8ret\u00f8yet har punktert, melder Johannessen klokken 0741.<\/p>\n<p>Trafikkoperat\u00f8r ved Vegtrafikksentralen, Thor Andre Snekkevik, opplyste innledningsvis til BA at p\u00e5kj\u00f8ringen fra M\u00f8hlenpris var stengt. <\/p>\n<p>BAs reporter p\u00e5 stedet observerer i 08-tiden at trafikken flyter relativt fint.<\/p>\n<p><b>Samtidig opplyser Snekkevik at tunnelen er \u00e5pen som normalt.<\/b><\/p>\n<p>\u2013 Politiet st\u00e5r fremfor bilen med bl\u00e5lys for \u00e5 passe p\u00e5 trafikken, sier trafikkoperat\u00f8ren.<\/p>\n<p>Klokken 0811 melder operasjonsleder Johannessen at bilberger er p\u00e5 stedet, og at det straks vil v\u00e6re fri ferdsel.<\/p>\n","protected":false},"excerpt":{"rendered":"En stor varebil har mandag morgen stanset i h\u00f8yre felt i Nyg\u00e5rdstunnelen mot sentrum. \u2013 Skaper en del&hellip;\n","protected":false},"author":2,"featured_media":129036,"comment_status":"","ping_status":"","sticky":false,"template":"","format":"standard","meta":{"footnotes":""},"categories":[10],"tags":[36,20,21,24,25,15,22,23,13,30,28,29,9573,14,16,1510,26,27,224],"class_list":{"0":"post-129035","1":"post","2":"type-post","3":"status-publish","4":"format-standard","5":"has-post-thumbnail","7":"category-norge","8":"tag-art","9":"tag-breaking-news","10":"tag-breakingnews","11":"tag-featured-news","12":"tag-featurednews","13":"tag-headlines","14":"tag-latest-news","15":"tag-latestnews","16":"tag-news","17":"tag-no","18":"tag-norge","19":"tag-norway","20":"tag-nygardstunnelen","21":"tag-nyheter","22":"tag-overskrifter","23":"tag-story","24":"tag-top-stories","25":"tag-topstories","26":"tag-trafikk"},"share_on_mastodon":{"url":"https:\/\/pubeurope.com\/@no\/115841331613766625","error":""},"_links":{"self":[{"href":"https:\/\/www.europesays.com\/no\/wp-json\/wp\/v2\/posts\/129035","targetHints":{"allow":["GET"]}}],"collection":[{"href":"https:\/\/www.europesays.com\/no\/wp-json\/wp\/v2\/posts"}],"about":[{"href":"https:\/\/www.europesays.com\/no\/wp-json\/wp\/v2\/types\/post"}],"author":[{"embeddable":true,"href":"https:\/\/www.europesays.com\/no\/wp-json\/wp\/v2\/users\/2"}],"replies":[{"embeddable":true,"href":"https:\/\/www.europesays.com\/no\/wp-json\/wp\/v2\/comments?post=129035"}],"version-history":[{"count":0,"href":"https:\/\/www.europesays.com\/no\/wp-json\/wp\/v2\/posts\/129035\/revisions"}],"wp:featuredmedia":[{"embeddable":true,"href":"https:\/\/www.europesays.com\/no\/wp-json\/wp\/v2\/media\/129036"}],"wp:attachment":[{"href":"https:\/\/www.europesays.com\/no\/wp-json\/wp\/v2\/media?parent=129035"}],"wp:term":[{"taxonomy":"category","embeddable":true,"href":"https:\/\/www.europesays.com\/no\/wp-json\/wp\/v2\/categories?post=129035"},{"taxonomy":"post_tag","embeddable":true,"href":"https:\/\/www.europesays.com\/no\/wp-json\/wp\/v2\/tags?post=129035"}],"curies":[{"name":"wp","href":"https:\/\/api.w.org\/{rel}","templated":true}]}}