{"id":129037,"date":"2026-01-05T07:33:11","date_gmt":"2026-01-05T07:33:11","guid":{"rendered":"https:\/\/www.europesays.com\/no\/129037\/"},"modified":"2026-01-05T07:33:11","modified_gmt":"2026-01-05T07:33:11","slug":"hoye-strompriser-mandag-staten-betaler-for-mange","status":"publish","type":"post","link":"https:\/\/www.europesays.com\/no\/129037\/","title":{"rendered":"H\u00f8ye str\u00f8mpriser mandag. Staten betaler for mange."},"content":{"rendered":"<p class=\"extendedContent hyperion-css-eyn926\" data-test-tag=\"lead-text\">Mandag er str\u00f8mprisene h\u00f8yere enn p\u00e5 lenge i hele landet. Det tjener produsentene mange hundre millioner p\u00e5, skriver Europower.<\/p>\n<p><img decoding=\"async\" class=\"image-asset hyperion-css-u06ts1\" data-test-tag=\"image-asset\" src=\"https:\/\/www.europesays.com\/no\/wp-content\/uploads\/2026\/01\/0f5aa1d2-e4ad-45f6-8eda-8024046452f6.jpeg\"  alt=\"Kulden koster mange kraftkroner mandag. \"  loading=\"eager\" fetchpriority=\"high\" style=\"aspect-ratio:2048 \/ 1365\"\/>Kulden koster mange kraftkroner mandag. Foto: Trond J. Str\u00f8m<\/p>\n<p>Publisert: 05.01.2026 07:29<\/p>\n<p class=\"paywall hyperion-css-1j42uic\">Det er kaldt og hverdagen i gang. Forbruket \u00f8ker, og spotprisen vil ligge p\u00e5 rundt tre kroner over hele landet i 17- og 18-tiden mandag ettermiddag.<\/p>\n<p class=\"paywall hyperion-css-1j42uic\"><strong>Det er den h\u00f8yeste spotprisen p\u00e5 flere m\u00e5neder s\u00f8r i Norge og p\u00e5 to \u00e5r i Nord-Norge og Midt-Norge.<\/strong><\/p>\n<p class=\"paywall hyperion-css-1j42uic\">Avisen <a aria-label=\"Europower\" class=\"default hyperion-css-1raymq9\" href=\"https:\/\/www.europower.no\/kraftmarked\/strompris-pa-3-kr-kwh-produsentene-tjener-600-millioner-kroner-pa-ett-dogn-mandag\/2-1-1922772\" target=\"_blank\" rel=\"noopener nofollow noreferrer\" data-test-tag=\"external-link\">Europower<\/a>, som f\u00f8lger str\u00f8mmarkedet, ansl\u00e5r at kraftprodusentene tjener rundt 600 millioner bare dette d\u00f8gnet.<\/p>\n<p class=\"paywall hyperion-css-1j42uic\">Det inneb\u00e6rer ogs\u00e5 at det l\u00f8nner seg \u00e5 ha Norgespris p\u00e5 str\u00f8m. I desember l\u00f8nnet det seg \u00e5 ha Norgespris i 98 prosent av alle timene, unntatt i Nord-Norge, if\u00f8lge <a aria-label=\"Nettavisen\" class=\"default hyperion-css-1raymq9\" href=\"https:\/\/www.nettavisen.no\/okonomi\/sa-dyr-ble-strommen-i-2025\/s\/5-95-2802253\" target=\"_blank\" rel=\"noopener nofollow noreferrer\" data-test-tag=\"external-link\">Nettavisen<\/a>.<\/p>\n<p class=\"paywall hyperion-css-1j42uic\">Rundt 1 million husholdninger og fritidsboliger har valgt Norgespris. Med andre ord tar staten den h\u00f8ye regningen for mange mandag. Staten betaler en stor del av kraftselskapenes h\u00f8ye inntjening.<\/p>\n<p class=\"paywall hyperion-css-1j42uic\">Men det er store forskjeller rundt i landet. I Nord-Norge har nesten ingen valgt Norgespris, siden str\u00f8mprisene normalt er lavere. P\u00e5 \u00d8stlandet har omtrent halvparten valgt Norgespris.<\/p>\n","protected":false},"excerpt":{"rendered":"Mandag er str\u00f8mprisene h\u00f8yere enn p\u00e5 lenge i hele landet. Det tjener produsentene mange hundre millioner p\u00e5, skriver&hellip;\n","protected":false},"author":2,"featured_media":129038,"comment_status":"","ping_status":"","sticky":false,"template":"","format":"standard","meta":{"footnotes":""},"categories":[5],"tags":[20,21,24,25,15,19,22,23,17,18,13,30,28,29,14,16,26,27],"class_list":{"0":"post-129037","1":"post","2":"type-post","3":"status-publish","4":"format-standard","5":"has-post-thumbnail","7":"category-overskrifter","8":"tag-breaking-news","9":"tag-breakingnews","10":"tag-featured-news","11":"tag-featurednews","12":"tag-headlines","13":"tag-hovedoppslag","14":"tag-latest-news","15":"tag-latestnews","16":"tag-main-news","17":"tag-mainnews","18":"tag-news","19":"tag-no","20":"tag-norge","21":"tag-norway","22":"tag-nyheter","23":"tag-overskrifter","24":"tag-top-stories","25":"tag-topstories"},"share_on_mastodon":{"url":"https:\/\/pubeurope.com\/@no\/115841335475467928","error":""},"_links":{"self":[{"href":"https:\/\/www.europesays.com\/no\/wp-json\/wp\/v2\/posts\/129037","targetHints":{"allow":["GET"]}}],"collection":[{"href":"https:\/\/www.europesays.com\/no\/wp-json\/wp\/v2\/posts"}],"about":[{"href":"https:\/\/www.europesays.com\/no\/wp-json\/wp\/v2\/types\/post"}],"author":[{"embeddable":true,"href":"https:\/\/www.europesays.com\/no\/wp-json\/wp\/v2\/users\/2"}],"replies":[{"embeddable":true,"href":"https:\/\/www.europesays.com\/no\/wp-json\/wp\/v2\/comments?post=129037"}],"version-history":[{"count":0,"href":"https:\/\/www.europesays.com\/no\/wp-json\/wp\/v2\/posts\/129037\/revisions"}],"wp:featuredmedia":[{"embeddable":true,"href":"https:\/\/www.europesays.com\/no\/wp-json\/wp\/v2\/media\/129038"}],"wp:attachment":[{"href":"https:\/\/www.europesays.com\/no\/wp-json\/wp\/v2\/media?parent=129037"}],"wp:term":[{"taxonomy":"category","embeddable":true,"href":"https:\/\/www.europesays.com\/no\/wp-json\/wp\/v2\/categories?post=129037"},{"taxonomy":"post_tag","embeddable":true,"href":"https:\/\/www.europesays.com\/no\/wp-json\/wp\/v2\/tags?post=129037"}],"curies":[{"name":"wp","href":"https:\/\/api.w.org\/{rel}","templated":true}]}}