{"id":129047,"date":"2026-01-05T07:51:22","date_gmt":"2026-01-05T07:51:22","guid":{"rendered":"https:\/\/www.europesays.com\/no\/129047\/"},"modified":"2026-01-05T07:51:22","modified_gmt":"2026-01-05T07:51:22","slug":"sverre-anker-ousdal-er-dod-et-anker-er-borte","status":"publish","type":"post","link":"https:\/\/www.europesays.com\/no\/129047\/","title":{"rendered":"Sverre Anker Ousdal er d\u00f8d: \u2013 Et anker er borte"},"content":{"rendered":"\n<p data-testid=\"textWithMarkup-markup\" data-v-62d58f52=\"\"> \u2013 Det er med stor sorg vi meddeler at skuespiller Sverre Anker Ousdal er g\u00e5tt bort. Etter familiens \u00f8nske informerer Nationaltheatret om at Sverre Anker Ousdal er g\u00e5tt bort, skriver Nationaltheatret <a href=\"https:\/\/www.nationaltheatret.no\/forestillinger\/gi-meg-handen\/skuespiller-sverre-anker-ousdal-er-gatt-bort\" rel=\"noopener nofollow\" target=\"_blank\"> i en pressemelding.<\/a><\/p>\n<p data-testid=\"textWithMarkup-text\" data-v-81d7dc2b=\"\" data-v-62d58f52=\"\">81-\u00e5ringen d\u00f8de br\u00e5tt etter et kort sykehusopphold, opplyser teateret.<\/p>\n<p data-testid=\"textWithMarkup-text\" data-v-81d7dc2b=\"\" data-v-62d58f52=\"\">\u2013 Sverre skulle denne v\u00e5ren medvirke i forestillingen \u00abGi meg h\u00e5nden\u00bb p\u00e5 Nationaltheatret, og hele teateret har sett fram til \u00e5 ha ham tilbake p\u00e5 scenen, skriver de videre.<\/p>\n<p>\u2013 Et anker er borte<\/p>\n<p data-testid=\"textWithMarkup-markup\" data-v-62d58f52=\"\"><a href=\"https:\/\/www.vg.no\/rampelys\/i\/GxGLn4\/sverre-anker-ousdal-er-doed\" rel=\"noopener nofollow\" target=\"_blank\">VG<\/a> omtalte saken f\u00f8rst, og skuespillers\u00f8nnen Mads Ousdal skriver f\u00f8lgende i en uttalelse til avisen p\u00e5 vegne av Ousdal-familien:<\/p>\n<p data-testid=\"textWithMarkup-text\" data-v-81d7dc2b=\"\" data-v-62d58f52=\"\">\u2013 Pappa betydde alt for oss og for mange. Et anker er borte. Vi er takknemlige for all omtanke, sier Mads Ousdal.<\/p>\n<p data-testid=\"textWithMarkup-text\" data-v-81d7dc2b=\"\" data-v-62d58f52=\"\">Norge har mistet en av v\u00e5re aller st\u00f8rste, sier Nationaltheatret-sjef Kristian Seltun.<\/p>\n<p data-testid=\"textWithMarkup-text\" data-v-81d7dc2b=\"\" data-v-62d58f52=\"\">\u2013 Sverre var en bauta p\u00e5 Nationaltheatret \u2013 kunstnerisk kompromissl\u00f8s, raus som medspiller og elsket av publikum. Hans arbeid formet Teatret V\u00e5rt i mer enn fem ti\u00e5r, og vi vil b\u00e6re arven hans videre med takknemlighet og respekt, sier Seltun.<\/p>\n<p>60 \u00e5r med teater, film og TV<\/p>\n<p data-testid=\"textWithMarkup-text\" data-v-81d7dc2b=\"\" data-v-62d58f52=\"\">Ousdal var utdannet ved teaterh\u00f8gskolen og debuterte p\u00e5 Den Nationale Scene i Bergen i 1965.<\/p>\n<p data-testid=\"textWithMarkup-text\" data-v-81d7dc2b=\"\" data-v-62d58f52=\"\">Ousdals karriere spant seg over n\u00e6r 60 \u00e5r, og han spilte alt fra polarhelten Roald Amundsen til landssvikeren Vidkun Quisling. Hans karriere omfattet en lang rekke teaterstykker, med b\u00e5de Ibsen og Shakespeare. Han medvirket ogs\u00e5 i en rekke filmer og TV-serier, deriblant \u00abOrions Belte\u00bb og \u00abFleksnes\u00bb.<\/p>\n<p data-testid=\"textWithMarkup-text\" data-v-81d7dc2b=\"\" data-v-62d58f52=\"\">Han gjorde seg ogs\u00e5 popul\u00e6r blant mange barn i TV-programmet \u00abKlabb og Babb\u00bb sammen med \u00d8ivind Blunck i 1970-\u00e5rene. Han hadde ogs\u00e5 fortellerstemmen i den britiske animasjonsserien \u00abPostman Pat\u00bb i 1980-\u00e5rene.<\/p>\n<p>Prisbel\u00f8nt<\/p>\n<p data-testid=\"textWithMarkup-text\" data-v-81d7dc2b=\"\" data-v-62d58f52=\"\">Han vant en rekke priser for sitt skuespillervirke, deriblant flere Amandapriser, Teaterkritikerprisen, Per Aabels \u00e6respris og Wenche Foss&#8217; \u00e6respris. Sistnevnte mottok han sammen med s\u00f8nnen i 2024. Han ble i 1997 utnevnt til Ridder 1. klasse av St. Olavs Orden for innsatsen innen norsk scenekunst.<\/p>\n<p data-testid=\"textWithMarkup-text\" data-v-81d7dc2b=\"\" data-v-62d58f52=\"\">Ousdal pensjonerte seg fra teateret i 2014, men gjorde flere forestillinger etter dette, blant annet \u00abJordb\u00e6rstedet\u00bb p\u00e5 Nationaltheatret i 2023 og 2024. NRKs anmelder skrev at \u00abOusdals solide prestasjon er nesten verdt billetten alene\u00bb.<\/p>\n<p data-testid=\"textWithMarkup-text\" data-v-81d7dc2b=\"\" data-v-62d58f52=\"\">Ousdal var \u00e5pen om at han nesten var blind etter en operasjon i 2008.<\/p>\n<p data-testid=\"textWithMarkup-text\" data-v-81d7dc2b=\"\" data-v-62d58f52=\"\">Han var samboer med skuespillerkollega Kjersti Holmen som gikk bort i 2021 etter flere \u00e5r med alzheimer-sykdom.<\/p>\n<p>\u2013 En kjempe<\/p>\n<p data-testid=\"textWithMarkup-text\" data-v-81d7dc2b=\"\" data-v-62d58f52=\"\">Statsminister Jonas Gahr St\u00f8re sier Ousdal var en kjempe innen film, TV og teater, som har satt dype spor etter seg.<\/p>\n<p data-testid=\"textWithMarkup-text\" data-v-81d7dc2b=\"\" data-v-62d58f52=\"\">\u2013 Det gjorde dypt inntrykk \u00e5 se ham i krevende roller ogs\u00e5 da han var preget av sykdom. Mine tanker g\u00e5r til hans n\u00e6rmeste, sier St\u00f8re i en uttalelse til NTB.<\/p>\n<p data-testid=\"textWithMarkup-text\" data-v-81d7dc2b=\"\" data-v-62d58f52=\"\">Kulturminister Lubna Jaffery omtaler Ousdal som en bauta.<\/p>\n<p data-testid=\"textWithMarkup-text\" data-v-81d7dc2b=\"\" data-v-62d58f52=\"\">\u2013 Fra han debuterte p\u00e5 Den Nationale Scene i Bergen, og gjennom den lange og mangefasetterte karrieren som b\u00e5de filmskuespiller og ved Nationaltheatret, har han beveget publikummet sitt. Men Ousdal var ogs\u00e5 den helt egne fortellerstemmen til flere generasjoner barn gjennom sitt arbeid med Barne-tv; ikke minst Postman Pat, sier Jaffery.<\/p>\n","protected":false},"excerpt":{"rendered":"\u2013 Det er med stor sorg vi meddeler at skuespiller Sverre Anker Ousdal er g\u00e5tt bort. Etter familiens&hellip;\n","protected":false},"author":2,"featured_media":129048,"comment_status":"","ping_status":"","sticky":false,"template":"","format":"standard","meta":{"footnotes":""},"categories":[5],"tags":[20,21,24,25,15,19,22,23,17,18,13,30,28,29,14,16,26,27],"class_list":{"0":"post-129047","1":"post","2":"type-post","3":"status-publish","4":"format-standard","5":"has-post-thumbnail","7":"category-overskrifter","8":"tag-breaking-news","9":"tag-breakingnews","10":"tag-featured-news","11":"tag-featurednews","12":"tag-headlines","13":"tag-hovedoppslag","14":"tag-latest-news","15":"tag-latestnews","16":"tag-main-news","17":"tag-mainnews","18":"tag-news","19":"tag-no","20":"tag-norge","21":"tag-norway","22":"tag-nyheter","23":"tag-overskrifter","24":"tag-top-stories","25":"tag-topstories"},"share_on_mastodon":{"url":"https:\/\/pubeurope.com\/@no\/115841406231607599","error":""},"_links":{"self":[{"href":"https:\/\/www.europesays.com\/no\/wp-json\/wp\/v2\/posts\/129047","targetHints":{"allow":["GET"]}}],"collection":[{"href":"https:\/\/www.europesays.com\/no\/wp-json\/wp\/v2\/posts"}],"about":[{"href":"https:\/\/www.europesays.com\/no\/wp-json\/wp\/v2\/types\/post"}],"author":[{"embeddable":true,"href":"https:\/\/www.europesays.com\/no\/wp-json\/wp\/v2\/users\/2"}],"replies":[{"embeddable":true,"href":"https:\/\/www.europesays.com\/no\/wp-json\/wp\/v2\/comments?post=129047"}],"version-history":[{"count":0,"href":"https:\/\/www.europesays.com\/no\/wp-json\/wp\/v2\/posts\/129047\/revisions"}],"wp:featuredmedia":[{"embeddable":true,"href":"https:\/\/www.europesays.com\/no\/wp-json\/wp\/v2\/media\/129048"}],"wp:attachment":[{"href":"https:\/\/www.europesays.com\/no\/wp-json\/wp\/v2\/media?parent=129047"}],"wp:term":[{"taxonomy":"category","embeddable":true,"href":"https:\/\/www.europesays.com\/no\/wp-json\/wp\/v2\/categories?post=129047"},{"taxonomy":"post_tag","embeddable":true,"href":"https:\/\/www.europesays.com\/no\/wp-json\/wp\/v2\/tags?post=129047"}],"curies":[{"name":"wp","href":"https:\/\/api.w.org\/{rel}","templated":true}]}}