{"id":129049,"date":"2026-01-05T07:54:08","date_gmt":"2026-01-05T07:54:08","guid":{"rendered":"https:\/\/www.europesays.com\/no\/129049\/"},"modified":"2026-01-05T07:54:08","modified_gmt":"2026-01-05T07:54:08","slug":"flere-rykter-om-apples-billigere-macbook-og-den-kan-komme-snart","status":"publish","type":"post","link":"https:\/\/www.europesays.com\/no\/129049\/","title":{"rendered":"Flere rykter om Apples billigere MacBook \u2013 og den kan komme snart"},"content":{"rendered":"<ul id=\"4dc584f4-2d60-467d-8741-6afcfed9c5f7\">\n<li><strong>En billigere MacBook forventes snart<\/strong><\/li>\n<li><strong>Analytikere har n\u00e5 sp\u00e5dd n\u00e5r den kan dukke opp<\/strong><\/li>\n<li><strong>Den kan f\u00e5 en pris p\u00e5 rundt 600 dollar<\/strong><\/li>\n<\/ul>\n<p id=\"6d75d637-a3cc-4b8a-b2e6-84c3e5a32662\">Ryktene rundt en billigere MacBook fra <a data-analytics-id=\"inline-link\" href=\"https:\/\/global.techradar.com\/no-no\/tag\/apple\" data-auto-tag-linker=\"true\" data-url=\"https:\/\/global.techradar.com\/no-no\/tag\/apple\" data-hl-processed=\"none\" data-mrf-recirculation=\"inline-link\" data-before-rewrite-localise=\"https:\/\/global.techradar.com\/no-no\/tag\/apple\" rel=\"nofollow noopener\" target=\"_blank\">Apple<\/a> \u2013 muligens rundt 599 dollar i USA \u2013 har <a data-analytics-id=\"inline-link\" href=\"https:\/\/www.techradar.com\/computing\/apple-could-launch-a-cut-price-macbook-powered-by-an-iphone-chip-new-report-claims-heres-why-that-would-be-a-massive-hit\" target=\"_blank\" data-mrf-recirculation=\"inline-link\" rel=\"nofollow noopener\">versert i flere m\u00e5neder n\u00e5<\/a>, og en fersk rapport kaster mer lys over hva som kan komme i l\u00f8pet av de neste m\u00e5nedene.<\/p>\n<p>Analytikerne hos <a data-analytics-id=\"inline-link\" href=\"https:\/\/www.trendforce.com\/presscenter\/news\/20251230-12854.html\" target=\"_blank\" data-url=\"https:\/\/www.trendforce.com\/presscenter\/news\/20251230-12854.html\" referrerpolicy=\"no-referrer-when-downgrade\" data-hl-processed=\"none\" data-mrf-recirculation=\"inline-link\" rel=\"nofollow noopener\">TrendForce<\/a> (via <a data-analytics-id=\"inline-link\" href=\"https:\/\/www.macrumors.com\/2026\/01\/02\/12-9-inch-macbook-spring-2026-rumor\/\" target=\"_blank\" data-url=\"https:\/\/www.macrumors.com\/2026\/01\/02\/12-9-inch-macbook-spring-2026-rumor\/\" referrerpolicy=\"no-referrer-when-downgrade\" data-hl-processed=\"none\" data-mrf-recirculation=\"inline-link\" rel=\"nofollow noopener\">MacRumors<\/a>) er sikre p\u00e5 at det vil komme en rimeligere Apple-b\u00e6rbar PC \u00abv\u00e5ren 2026\u00bb p\u00e5 den nordlige halvkule. Det vil si mars, april eller mai, men rapporten blir ikke mer spesifikk enn det.<\/p>\n<p><a id=\"elk-seasonal\" class=\"paywall\" aria-hidden=\"true\" data-url=\"\" href=\"\" target=\"_blank\" referrerpolicy=\"no-referrer-when-downgrade\" data-hl-processed=\"none\"\/><\/p>\n<p id=\"6d75d637-a3cc-4b8a-b2e6-84c3e5a32662-2\">Dessuten sies den b\u00e6rbare PC-en \u00e5 ha en 12,9-tommers skjerm og vil sikte seg inn p\u00e5 \u00abinnstegs- til mellomklassesegmentet\u00bb. Selv med press p\u00e5 forsyningskjeden og prissetting, b\u00f8r den b\u00e6rbare PC-en finne mange interesserte kj\u00f8pere, sier TrendForce-teamet.<\/p>\n<p>Du liker kanskje<\/p>\n<p>Disse sp\u00e5dommene er ikke helt nye, men stemmer overens med det vi allerede har h\u00f8rt om denne b\u00e6rbare PC-en \u2013 og gitt at de kommer fra et velrenommert analyseselskap, gj\u00f8r det oss mer tilb\u00f8yelige til \u00e5 tro at de er n\u00f8yaktige.<\/p>\n<p><a id=\"elk-37dfbb5a-a3bf-4156-82cc-d4c0e289c85e\" class=\"paywall\" aria-hidden=\"true\" data-url=\"\" href=\"\" target=\"_blank\" referrerpolicy=\"no-referrer-when-downgrade\" data-hl-processed=\"none\"\/>Dette har vi i vente<\/p>\n<p class=\"vanilla-image-block\" style=\"padding-top:56.25%;\">\n<p><img decoding=\"async\" src=\"https:\/\/www.europesays.com\/no\/wp-content\/uploads\/2026\/01\/YDkCTxjAwWKkaffT8Le9mJ.jpg\" alt=\"Acer Chromebook Plus 516 &amp;aring;pen p&amp;aring; skrivebord med rosa bakgrunn\"   loading=\"lazy\" data-new-v2-image=\"true\" data-original-mos=\"https:\/\/www.europesays.com\/no\/wp-content\/uploads\/2026\/01\/YDkCTxjAwWKkaffT8Le9mJ.jpg\" data-pin-media=\"https:\/\/www.europesays.com\/no\/wp-content\/uploads\/2026\/01\/YDkCTxjAwWKkaffT8Le9mJ.jpg\" class=\"inline\"\/>\n<\/p>\n<p>DenDenne laptopen kan utfordre Chromebook-modeller som Acer Chromebook Plus 516 (Image credit: Future)<\/p>\n<p id=\"ee242d5f-407c-4f26-97ef-1ed7e3cb5bac\">I f\u00f8lge <a data-analytics-id=\"inline-link\" href=\"https:\/\/www.techradar.com\/computing\/macbooks\/apple-rumored-to-be-releasing-its-affordable-macbook-and-another-cut-price-iphone-early-in-2026\" target=\"_blank\" data-mrf-recirculation=\"inline-link\" rel=\"nofollow noopener\">tidligere lekkasjer<\/a> kommer den billigere MacBooken med en iPhone-brikke \u2013 muligens A18 Pro \u2013 og i en rekke farger. S\u00f8lv, bl\u00e5tt, rosa og gult har blitt nevnt som mulige nyanser vi f\u00e5r se.<\/p>\n<p>En LCD-skjerm i lavere prisklasse <a data-analytics-id=\"inline-link\" href=\"https:\/\/www.techradar.com\/computing\/apples-rumored-cheap-macbook-could-be-powered-by-an-iphone-chip-here-are-6-things-to-expect\" target=\"_blank\" data-mrf-recirculation=\"inline-link\" rel=\"nofollow noopener\">vil ogs\u00e5 bli brukt<\/a> for \u00e5 holde kostnadene nede, if\u00f8lge rapporter, og det har v\u00e6rt snakk om at den b\u00e6rbare datamaskinen vil bruke et design som er forskjellig fra b\u00e5de MacBook Air- og MacBook Pro-b\u00e6rbare datamaskiner som Apple allerede selger.<\/p>\n<p>Prisen er det mest spennende aspektet her. Hvis Apple klarer \u00e5 lansere denne enheten til under 600 dollar, vil den v\u00e6re betydelig billigere enn dagens utvalg av MacBooks \u2013 som i dag starter p\u00e5 999 dollar for <a data-analytics-id=\"inline-link\" href=\"https:\/\/www.techradar.com\/computing\/macbooks\/apple-macbook-air-13-inch-m4\" target=\"_blank\" data-mrf-recirculation=\"inline-link\" rel=\"nofollow noopener\">13&#8243; M4 MacBook Air<\/a>. I Norge er den veiledende startprisen for denne modellen <a data-analytics-id=\"inline-link\" href=\"https:\/\/go.redirectingat.com?id=92X363&amp;xcust=trd_no_2993245208235523512&amp;xs=1&amp;url=https%3A%2F%2Fwww.apple.com%2Fno%2Fshop%2Fbuy-mac%2Fmacbook-air&amp;sref=https%3A%2F%2Fglobal.techradar.com%2Fcomputing%2Fmacbooks%2Fwe-have-more-rumored-details-for-apples-cheaper-macbook-and-it-could-be-out-soon\" target=\"_blank\" data-url=\"https:\/\/www.apple.com\/no\/shop\/buy-mac\/macbook-air\" referrerpolicy=\"no-referrer-when-downgrade\" rel=\"sponsored noopener nofollow\" data-hl-processed=\"skimlinks\" data-google-interstitial=\"false\" data-placeholder-url=\"https:\/\/go.redirectingat.com?id=92X363&amp;xcust=hawk-custom-tracking&amp;xs=1&amp;url=https%3A%2F%2Fwww.apple.com%2Fno%2Fshop%2Fbuy-mac%2Fmacbook-air&amp;sref=https%3A%2F%2Fglobal.techradar.com%2Fcomputing%2Fmacbooks%2Fwe-have-more-rumored-details-for-apples-cheaper-macbook-and-it-could-be-out-soon\" data-mrf-recirculation=\"inline-link\">13 990 kroner hos Apple<\/a>. Vil den rimeligere modellen havne p\u00e5 rundt ti lapper her til lands?<\/p>\n<p class=\"newsletter-form__strapline\">Registrer deg for siste nytt, anmeldelser, meninger, toppteknologiske tilbud og mer.<\/p>\n<p>Det ville i s\u00e5 fall bety at Apple ville konkurrere med <a data-analytics-id=\"inline-link\" href=\"https:\/\/global.techradar.com\/no-no\/news\/beste-chromebook\" target=\"_blank\" data-url=\"https:\/\/global.techradar.com\/no-no\/news\/beste-chromebook\" data-hl-processed=\"none\" data-mrf-recirculation=\"inline-link\" data-before-rewrite-localise=\"https:\/\/global.techradar.com\/no-no\/news\/beste-chromebook\" rel=\"nofollow noopener\">de beste Chromebookene<\/a> og Windows-laptoper i den billigere enden av markedet \u2013 kanskje nok til \u00e5 f\u00e5 enda flere til \u00e5 investere i en Mac-datamaskin. Det vil tiden vise.<\/p>\n<p><a id=\"elk-bd81521e-df8c-4451-82a4-5a3366c1d3c9\" class=\"paywall\" aria-hidden=\"true\" data-url=\"\" href=\"\" target=\"_blank\" referrerpolicy=\"no-referrer-when-downgrade\" data-hl-processed=\"none\"\/><\/p>\n","protected":false},"excerpt":{"rendered":"En billigere MacBook forventes snart Analytikere har n\u00e5 sp\u00e5dd n\u00e5r den kan dukke opp Den kan f\u00e5 en&hellip;\n","protected":false},"author":2,"featured_media":129050,"comment_status":"","ping_status":"","sticky":false,"template":"","format":"standard","meta":{"footnotes":""},"categories":[57],"tags":[30,28,29,65,63,64,66,70,69,67,68],"class_list":{"0":"post-129049","1":"post","2":"type-post","3":"status-publish","4":"format-standard","5":"has-post-thumbnail","7":"category-vitenskap-og-teknologi","8":"tag-no","9":"tag-norge","10":"tag-norway","11":"tag-science","12":"tag-science-and-technology","13":"tag-scienceandtechnology","14":"tag-technology","15":"tag-teknologi","16":"tag-vitenskap","17":"tag-vitenskap-og-teknologi","18":"tag-vitenskapteknologi"},"share_on_mastodon":{"url":"https:\/\/pubeurope.com\/@no\/115841418051926084","error":""},"_links":{"self":[{"href":"https:\/\/www.europesays.com\/no\/wp-json\/wp\/v2\/posts\/129049","targetHints":{"allow":["GET"]}}],"collection":[{"href":"https:\/\/www.europesays.com\/no\/wp-json\/wp\/v2\/posts"}],"about":[{"href":"https:\/\/www.europesays.com\/no\/wp-json\/wp\/v2\/types\/post"}],"author":[{"embeddable":true,"href":"https:\/\/www.europesays.com\/no\/wp-json\/wp\/v2\/users\/2"}],"replies":[{"embeddable":true,"href":"https:\/\/www.europesays.com\/no\/wp-json\/wp\/v2\/comments?post=129049"}],"version-history":[{"count":0,"href":"https:\/\/www.europesays.com\/no\/wp-json\/wp\/v2\/posts\/129049\/revisions"}],"wp:featuredmedia":[{"embeddable":true,"href":"https:\/\/www.europesays.com\/no\/wp-json\/wp\/v2\/media\/129050"}],"wp:attachment":[{"href":"https:\/\/www.europesays.com\/no\/wp-json\/wp\/v2\/media?parent=129049"}],"wp:term":[{"taxonomy":"category","embeddable":true,"href":"https:\/\/www.europesays.com\/no\/wp-json\/wp\/v2\/categories?post=129049"},{"taxonomy":"post_tag","embeddable":true,"href":"https:\/\/www.europesays.com\/no\/wp-json\/wp\/v2\/tags?post=129049"}],"curies":[{"name":"wp","href":"https:\/\/api.w.org\/{rel}","templated":true}]}}