{"id":129051,"date":"2026-01-05T08:13:09","date_gmt":"2026-01-05T08:13:09","guid":{"rendered":"https:\/\/www.europesays.com\/no\/129051\/"},"modified":"2026-01-05T08:13:09","modified_gmt":"2026-01-05T08:13:09","slug":"fagermo-tilbake-fra-sykmelding-skal-i-godset-mote","status":"publish","type":"post","link":"https:\/\/www.europesays.com\/no\/129051\/","title":{"rendered":"Fagermo tilbake fra sykmelding: Skal i Godset-m\u00f8te"},"content":{"rendered":"\n<p class=\"_lead_o9xde_2 _lead_xtcu6_50 layout-component text-serif-m layout-normal text-serif-l layout-component layout-wide layout-padded _wide_17hqh_1 layout-padded\">Flere medier skriver at Magne Hoseth n\u00e6rmer seg Str\u00f8msgodset \u2013 samtidig m\u00f8ter Dag-Eilev Fagermo (58) p\u00e5 jobb denne uken.<\/p>\n<p><img alt=\" Foto: Svein Ove Ekornesv\u00e5g \/ NTB\" class=\"_image_qp4xg_65 layout-component layout-wide\" data-fullscreen- data-track-element-type=\"Article image fullscreen\" data-track-name=\"ImageFullscreen\" fetchpriority=\"high\" decoding=\"sync\" loading=\"eager\" height=\"3730\" itemprop=\"image\"  src=\"https:\/\/www.europesays.com\/no\/wp-content\/uploads\/2026\/01\/02291081-356c-4778-b22f-99642cc0be1a.png\"  style=\"object-position:0% 0%\" width=\"5595\"\/> Foto: Svein Ove Ekornesv\u00e5g \/ NTB<\/p>\n<ul aria-hidden=\"true\" class=\"_images_ntbth_112\">\n<li><a class=\"_link_ntbth_117\" href=\"https:\/\/www.vg.no\/forfatter\/andreas-hopen\" style=\"z-index:1\" title=\"Andreas Hopen\" rel=\"nofollow noopener\" target=\"_blank\"><img alt=\"Bilde av Andreas Hopen\" class=\"_image_ntbth_93\" fetchpriority=\"low\" loading=\"lazy\" decoding=\"async\" itemprop=\"image\"  src=\"https:\/\/www.europesays.com\/no\/wp-content\/uploads\/2026\/01\/1767600788_399_8d697287-ea03-4d54-ab67-6d65b82629eb.jpeg\"  width=\"480\"\/><\/a><\/li>\n<\/ul>\n<p> Oppdatert mandag 5. januar kl. 08:47    <\/p>\n<ul class=\"_list_o9xde_3 _list_64s2r_85 _unordered_o9xde_106 text-sans-m\">\n<li class=\"_item_o9xde_30\">Flere medier melder at Magne Hoseth n\u00e6rmer seg en trenerrolle i Str\u00f8msgodset.<\/li>\n<li class=\"_item_o9xde_30\">Dag-Eilev Fagermo har v\u00e6rt sykmeldt, men kommer tilbake p\u00e5 jobb denne uken.<\/li>\n<li class=\"_item_o9xde_30\">Fagermo er positiv til nye ansettelser i trenerteamet og klar til \u00e5 ta viktige avgj\u00f8relser.<\/li>\n<li class=\"_item_o9xde_30\">Str\u00f8msgodset har tidligere mottatt varsler mot Fagermo ang\u00e5ende oppf\u00f8rsel.<\/li>\n<\/ul>\n<p>Vis mer <\/p>\n<p class=\"_paragraph_o9xde_4 _paragraph_xtcu6_10 layout-component text-serif-m layout-normal text-serif-m layout-padded\">Str\u00f8msgodset-trener Dag-Eilev Fagermo har den siste tiden v\u00e6rt sykmeldt fra jobben som hovedtrener. N\u00e5 er 58-\u00e5ringen klar for \u00e5 returnere til jobb.<\/p>\n<p class=\"_paragraph_o9xde_4 _paragraph_xtcu6_10 layout-component text-serif-m layout-normal text-serif-m layout-padded\">\u2013 Etter oppf\u00f8lgende vurdering av lege har Fagermo f\u00e5tt gr\u00f8nt lys til \u00e5 starte p\u00e5 jobb igjen. Han vil m\u00f8te p\u00e5 jobb onsdag morgen, og er klar for \u00e5 gj\u00f8re sitt ytterste for \u00e5 bringe Str\u00f8msgodset tilbake til Eliteserien, skriver Fagermos advokat Alf K\u00e5re Knudsen i R\u00e6der Bing Advokatfirma til VG.<\/p>\n<p class=\"_paragraph_o9xde_4 _paragraph_xtcu6_10 layout-component text-serif-m layout-normal text-serif-m layout-padded\">VG skrev i desember at det er planlagt m\u00f8ter mellom Fagermo og Str\u00f8msgodset ang\u00e5ende fremtiden. Dette m\u00f8tet skal gjennomf\u00f8res denne uken, if\u00f8lge VGs opplysninger.<\/p>\n<p><img decoding=\"async\" alt=\"Bilde av Alf K\u00e5re Knudsen\" class=\"_image_ygndg_42\" height=\"28\" itemprop=\"image\" loading=\"lazy\"  src=\"https:\/\/www.europesays.com\/no\/wp-content\/uploads\/2026\/01\/33d3b959-cc9c-4d61-894e-c037625fd08f.png\"  width=\"40\"\/><strong class=\"_name_ygndg_51 title-serif-xs\">Alf K\u00e5re Knudsen<\/strong><\/p>\n<p class=\"_paragraph_o9xde_4 _paragraph_xtcu6_10 layout-component text-serif-m layout-normal text-serif-m layout-padded\">Knudsens uttalelser kommer bare noen timer etter at <a href=\"https:\/\/www.rbnett.no\/sport\/moldefk\/n\/GxGR24\/hoseth-hoeyaktuell-for-norsk-klubb\" class=\"_link_o9xde_39\" rel=\"nofollow noopener\" target=\"_blank\">Romsdals Budstikke<\/a> meldte at Magne Hoseth (45) forlater Molde og n\u00e6rmer seg en trenerrolle i Str\u00f8msgodset. <\/p>\n<p class=\"_paragraph_o9xde_4 _paragraph_xtcu6_10 layout-component text-serif-m layout-normal text-serif-m layout-padded\"><a href=\"https:\/\/www.tv2.no\/sport\/tv-2-erfarer-pa-plass-i-drammen-naermer-seg-godset-jobben\/18432012\/\" class=\"_link_o9xde_39\" rel=\"nofollow noopener\" target=\"_blank\">TV 2<\/a> skrev videre at Hoseth var p\u00e5 plass i Drammen s\u00f8ndag for \u00e5 gjennomf\u00f8re samtaler med klubben.<\/p>\n<p class=\"_paragraph_o9xde_4 _paragraph_xtcu6_10 layout-component text-serif-m layout-normal text-serif-m layout-padded\">\u2013 Han (Fagermo) er positiv til at det har v\u00e6rt jobbet med assistent-ansettelser i trenerapparatet, og vil raskt v\u00e6re klar til \u00e5 ta beslutninger om hvem klubben skal g\u00e5 for \u2013 slik hovedtrener har en kontraktfestet rett til, skriver Knudsen videre.<\/p>\n<p class=\"_paragraph_o9xde_4 _paragraph_xtcu6_10 layout-component text-serif-m layout-normal text-serif-m layout-padded\"><a href=\"https:\/\/www.dt.no\/narmer-seg-stromsgodset\/s\/5-57-2766616\" class=\"_link_o9xde_39\" rel=\"nofollow noopener\" target=\"_blank\">Drammens Tidende <\/a>skriver at Hoseth sannsynligvis er tiltenkt en rolle som assistenttrener i f\u00f8rste omgang.<\/p>\n<p class=\"_paragraph_o9xde_4 _paragraph_xtcu6_10 layout-component text-serif-m layout-normal text-serif-m layout-padded\">Str\u00f8msgodsets nyansatte sportssjef Jackie Liljedahl Rasmussen sier han ikke kan kommentere rykter, men:<\/p>\n<p class=\"_paragraph_o9xde_4 _paragraph_xtcu6_10 layout-component text-serif-m layout-normal text-serif-m layout-padded\">\u2013 Jeg kan si at vi innen kort tid offentliggj\u00f8r nye ansikter i Godset, skriver sportssjefen til VG.<\/p>\n<p><img decoding=\"async\" alt=\"Bilde av Jackie Rasmussen\" class=\"_image_ygndg_42\" height=\"23\" itemprop=\"image\" loading=\"lazy\"  src=\"https:\/\/www.europesays.com\/no\/wp-content\/uploads\/2026\/01\/e47d7f71-e8a1-44b6-aa94-ded83090ac77.jpeg\"  width=\"40\"\/><strong class=\"_name_ygndg_51 title-serif-xs\">Jackie Rasmussen<\/strong><\/p>\n<p class=\"_paragraph_o9xde_4 _paragraph_xtcu6_10 layout-component text-serif-m layout-normal text-serif-m layout-padded\">Dag-Eilev Fagermo tok over som Str\u00f8msgodset-trener i sommer, men klarte ikke \u00e5 redde klubben fra nedrykk til Obosligaen.<\/p>\n<p class=\"_paragraph_o9xde_4 _paragraph_xtcu6_10 layout-component text-serif-m layout-normal text-serif-m layout-padded\">Etter nedrykket ble Fagermo sykmeldt, samtidig som Str\u00f8msgodset har <a href=\"https:\/\/www.vg.no\/sport\/i\/BxJ8bE\/opplysninger-til-vg-stroemsgodset-oensker-aa-kvitte-seg-med-dag-eilev-fagermo\" data-track-element-type=\"Link\" data-track-id=\"link:BxJ8bE\" class=\"_link_o9xde_39\" rel=\"nofollow noopener\" target=\"_blank\">\u00f8nsket \u00e5 kvitte seg med treneren<\/a> som har signert en avtale ut 2027.<\/p>\n<p class=\"_paragraph_o9xde_4 _paragraph_xtcu6_10 layout-component text-serif-m layout-normal text-serif-m layout-padded\">I midten av desember kom Str\u00f8msgodset med en pressemelding der de skrev at de hadde mottatt flere varsler mot treneren som <a href=\"https:\/\/www.vg.no\/sport\/i\/bOKEkv\/stroemsgodset-bekrefter-varsler-mot-dag-eilev-fagermo\" data-track-element-type=\"Link\" data-track-id=\"link:bOKEkv\" class=\"_link_o9xde_39\" rel=\"nofollow noopener\" target=\"_blank\">gikk p\u00e5 Fagermos adferd<\/a>.<\/p>\n<p class=\"_paragraph_o9xde_4 _paragraph_xtcu6_10 layout-component text-serif-m layout-normal text-serif-m layout-padded\">Fagermos advokat mente Godset truet med \u00abskittkasting\u00bb hvis ikke Godset-treneren gikk med p\u00e5 \u00e5 avslutte arbeidsforholdet, fortalte advokaten til <a href=\"https:\/\/www.vg.no\/sport\/i\/k0a2v6\/fagermo-advokat-hevder-stroemsgodset-truet-med-skitkasting\" data-track-element-type=\"Link\" data-track-id=\"link:k0a2v6\" class=\"_link_o9xde_39\" rel=\"nofollow noopener\" target=\"_blank\">VG<\/a> like f\u00f8r jul.<\/p>\n","protected":false},"excerpt":{"rendered":"Flere medier skriver at Magne Hoseth n\u00e6rmer seg Str\u00f8msgodset \u2013 samtidig m\u00f8ter Dag-Eilev Fagermo (58) p\u00e5 jobb denne&hellip;\n","protected":false},"author":2,"featured_media":129052,"comment_status":"","ping_status":"","sticky":false,"template":"","format":"standard","meta":{"footnotes":""},"categories":[59],"tags":[6935,92,30,28,29,83,82,1942],"class_list":{"0":"post-129051","1":"post","2":"type-post","3":"status-publish","4":"format-standard","5":"has-post-thumbnail","7":"category-sport","8":"tag-dag-eilev-fagermo","9":"tag-fotball","10":"tag-no","11":"tag-norge","12":"tag-norway","13":"tag-sport","14":"tag-sports","15":"tag-stromsgodset-if"},"share_on_mastodon":{"url":"https:\/\/pubeurope.com\/@no\/115841492820587927","error":""},"_links":{"self":[{"href":"https:\/\/www.europesays.com\/no\/wp-json\/wp\/v2\/posts\/129051","targetHints":{"allow":["GET"]}}],"collection":[{"href":"https:\/\/www.europesays.com\/no\/wp-json\/wp\/v2\/posts"}],"about":[{"href":"https:\/\/www.europesays.com\/no\/wp-json\/wp\/v2\/types\/post"}],"author":[{"embeddable":true,"href":"https:\/\/www.europesays.com\/no\/wp-json\/wp\/v2\/users\/2"}],"replies":[{"embeddable":true,"href":"https:\/\/www.europesays.com\/no\/wp-json\/wp\/v2\/comments?post=129051"}],"version-history":[{"count":0,"href":"https:\/\/www.europesays.com\/no\/wp-json\/wp\/v2\/posts\/129051\/revisions"}],"wp:featuredmedia":[{"embeddable":true,"href":"https:\/\/www.europesays.com\/no\/wp-json\/wp\/v2\/media\/129052"}],"wp:attachment":[{"href":"https:\/\/www.europesays.com\/no\/wp-json\/wp\/v2\/media?parent=129051"}],"wp:term":[{"taxonomy":"category","embeddable":true,"href":"https:\/\/www.europesays.com\/no\/wp-json\/wp\/v2\/categories?post=129051"},{"taxonomy":"post_tag","embeddable":true,"href":"https:\/\/www.europesays.com\/no\/wp-json\/wp\/v2\/tags?post=129051"}],"curies":[{"name":"wp","href":"https:\/\/api.w.org\/{rel}","templated":true}]}}