{"id":129065,"date":"2026-01-05T08:35:15","date_gmt":"2026-01-05T08:35:15","guid":{"rendered":"https:\/\/www.europesays.com\/no\/129065\/"},"modified":"2026-01-05T08:35:15","modified_gmt":"2026-01-05T08:35:15","slug":"timothee-chalamet-hyller-kylie-jenner-under-critic-choice-awards","status":"publish","type":"post","link":"https:\/\/www.europesays.com\/no\/129065\/","title":{"rendered":"Timoth\u00e8e Chalamet hyller Kylie Jenner under Critic Choice Awards"},"content":{"rendered":"<p class=\"kicker \" style=\"\">Kj\u00e6rligheten blomstrer:<\/p>\n<p>  Til tross for gjentatte bruddrykter, beviste superparet nok en gang at de er stormende forelsket.<\/p>\n<p>\n    OSS TO: Kylie Jenner og Timoth\u00e9e Chalamet er et av Hollywoods mest profilerte superpar. Foto: NTB\n  <\/p>\n<p>Skuespiller Timoth\u00e9e Chalamet (30) overrasket alle da han mottok prisen for beste mannlige hovedrolle under \u00e5rets Critic Choice Awards.\u00a0<\/p>\n<p>    <a itemprop=\"url\" href=\"https:\/\/www.seher.no\/kjendis\/nederlag-i-natt\/84055187\" rel=\"nofollow noopener\" target=\"_blank\"><\/p>\n<p>        <img loading=\"lazy\" decoding=\"async\" src=\"https:\/\/www.europesays.com\/no\/wp-content\/uploads\/2026\/01\/84055112.webp.webp\" width=\"147\" height=\"98\" title=\"Nederlag i natt\" alt=\"\" class=\"lazyload\" style=\"--aspect-ratio-image: 1.50; \"\/><\/p>\n<p>        Nederlag i natt<\/p>\n<p>    <\/a><\/p>\n<p>Selv om det for mange var forventet at det unge stjerneskuddet skulle plukke med seg en pris, var det noks\u00e5 uventet at han benyttet anledningen til \u00e5 hylle kj\u00e6resten Kylie Jenner (28) i takketalen sin.\u00a0<\/p>\n<p>        <img loading=\"lazy\" decoding=\"async\" src=\"https:\/\/www.europesays.com\/no\/wp-content\/uploads\/2026\/01\/84055518.webp.webp\" width=\"667\" height=\"854\" title=\"VANT PRIS: Skuespilleren holder stolt opp prisen sin for beste mannlige hovedrolle. Foto: NTB\" alt=\"\" class=\"\" style=\"--aspect-ratio-image: 0.78; \"\/><\/p>\n<p>\n        VANT PRIS: Skuespilleren holder stolt opp prisen sin for beste mannlige hovedrolle. Foto: NTB\n    <\/p>\n<p>Paret har nemlig v\u00e6rt sv\u00e6rt sparsommelige p\u00e5 \u00e5 dele detaljer vedr\u00f8rende forholdet sitt &#8211; og det var derfor ikke selvsagt at skuespilleren skulle komme med en kj\u00e6rlighetserkl\u00e6ring under den prestisjefylte utdelingen, skriver <a href=\"https:\/\/www.tmz.com\/2026\/01\/04\/timothee-chalamet-says-love-you-kylie-jenner-critics-choice-awards\/\" rel=\"nofollow noopener\" target=\"_blank\">TMZ.<\/a><\/p>\n<p>        <img loading=\"lazy\" decoding=\"async\" src=\"https:\/\/www.europesays.com\/no\/wp-content\/uploads\/2026\/01\/83836498.webp.webp\" width=\"667\" height=\"881\" title=\"HYLLET KJ\u00c6RESTEN: Til en fullsatt sal benyttet Timoth\u00e9e anledningen til \u00e5 takke kj\u00e6resten, som selvsagt var p\u00e5 plass for \u00e5 st\u00f8tte ham. Foto: Frank Franklin II \/ AP Photo \/ NTB\" alt=\"\" class=\"\" style=\"--aspect-ratio-image: 0.76; \"\/><\/p>\n<p>\n        HYLLET KJ\u00c6RESTEN: Til en fullsatt sal benyttet Timoth\u00e9e anledningen til \u00e5 takke kj\u00e6resten, som selvsagt var p\u00e5 plass for \u00e5 st\u00f8tte ham. Foto: Frank Franklin II \/ AP Photo \/ NTB\n    <\/p>\n<p>        <img loading=\"lazy\" decoding=\"async\" src=\"https:\/\/www.europesays.com\/no\/wp-content\/uploads\/2026\/01\/83957371.webp.webp\" width=\"667\" height=\"594\" title=\"KLINTE TIL: Selv om paret valgte \u00e5 holde forholdet noks\u00e5 privat i starten, har de den siste tiden dukket opp p\u00e5 flere offentlige arrangementer sammen. Foto: NTB\" alt=\"\" class=\"\" style=\"--aspect-ratio-image: 1.12; \"\/><\/p>\n<p>\n        KLINTE TIL: Selv om paret valgte \u00e5 holde forholdet noks\u00e5 privat i starten, har de den siste tiden dukket opp p\u00e5 flere offentlige arrangementer sammen. Foto: NTB\n    <\/p>\n<p>Kylie, som selvsagt var tilstede for \u00e5 overv\u00e6re \u00f8yeblikket, ble trolig minst like overrasket som resten av forsamlingen.<\/p>\n<p>        REALITY-FORTID: \u00abFlukten fra Bolivia\u00bb-skuespilleren r\u00f8per hvordan deltakelsen i det popul\u00e6re realityprogrammet landet henne dr\u00f8mmerollen. Reporter: Sanne Holt. Video: \u00abFlukten fra Bolivia\u00bb\/ TV 2\/ Celine N\u00e6ss Andreassen\/ R\u00f8d L\u00f8per<\/p>\n<p>I talen takket skuespilleren kj\u00e6resten sin for det sterke fundamentet de to har bygget sammen de siste tre \u00e5rene.\u00a0<\/p>\n<p class=\"font-weight-bold m-font-weight-bold\" data-lab-font_weight=\"font-weight-bold\">&#8211; Takk til partneren min i tre \u00e5r. Jeg elsker deg. Jeg kunne ikke gjort dette uten deg. Fra bunnen av mitt hjerte &#8211; tusen takk, sa han fra scenen.\u00a0<\/p>\n<blockquote class=\"twitter-tweet\" data-media-max-width=\"560\">\n<p lang=\"en\" dir=\"ltr\">Timoth\u00e9e Chalamet ended his Best Actor speech by thanking Kylie Jenner:<\/p>\n<p>&laquo;Thank you to my partner of three years. Thank you for our foundation. I love you. I couldn&#8217;t do this without you. Thank you from the bottom of my heart.&raquo; <a href=\"https:\/\/t.co\/RnLVIAGPxm\" rel=\"nofollow\">pic.twitter.com\/RnLVIAGPxm<\/a><\/p>\n<p>\u2014 Spencer Althouse (@SpencerAlthouse) <a href=\"https:\/\/twitter.com\/SpencerAlthouse\/status\/2008008267994386463?ref_src=twsrc%5Etfw\" rel=\"nofollow noopener\" target=\"_blank\">January 5, 2026<\/a><\/p><\/blockquote>\n<p>Kameramannen var raskt ute med \u00e5 fange Kardashian-stjernens reaksjon, som svarte med et r\u00f8rende:<\/p>\n<p class=\"font-weight-bold m-font-weight-bold\" data-lab-font_weight=\"font-weight-bold\">&#8211; Jeg elsker deg ogs\u00e5.<\/p>\n<p>    <a itemprop=\"url\" href=\"https:\/\/www.seher.no\/kjendis\/na-skal-de-gifte-seg\/84054602\" rel=\"nofollow noopener\" target=\"_blank\"><\/p>\n<p>        <img loading=\"lazy\" decoding=\"async\" src=\"https:\/\/www.europesays.com\/no\/wp-content\/uploads\/2026\/01\/84054639.webp.webp\" width=\"980\" height=\"441\" title=\"N\u00e5 skal de gifte seg\" alt=\"\" class=\"lazyload\" style=\"--aspect-ratio-image: 2.22; \"\/><\/p>\n<p>        N\u00e5 skal de gifte seg<\/p>\n<p>    <\/a><\/p>\n<p>Til tross for gjentatte bruddrykter har paret holdt sammen siden v\u00e5ren 2023. De valgte dog \u00e5 holde forholdet privat i lang tid, men har den siste tiden v\u00e6rt til stede sammen under flere offentlige arrangementer<\/p>\n<p>        <img loading=\"lazy\" decoding=\"async\" src=\"https:\/\/www.europesays.com\/no\/wp-content\/uploads\/2026\/01\/82764533.webp.webp\" width=\"686\" height=\"865\" title=\"KJ\u00c6RLIGHETEN BLOMSTRER: Selv om onde tunger skal ha det til at superparet er i ferd med \u00e5 skille lag, er det ingenting som tyder p\u00e5 at de har rett. Foto: Carlos Barria \/ Reuters \/ NTB\" alt=\"\" class=\"\" style=\"--aspect-ratio-image: 0.79; \"\/><\/p>\n<p>\n        KJ\u00c6RLIGHETEN BLOMSTRER: Selv om onde tunger skal ha det til at superparet er i ferd med \u00e5 skille lag, er det ingenting som tyder p\u00e5 at de har rett. Foto: Carlos Barria \/ Reuters \/ NTB\n    <\/p>\n<p class=\"\">Kilder har tidligere fortalt b\u00e5de TMZ og People at de to fortsatt er veldig forelsket i hverandre, og at paret virkelig gj\u00f8r en innsats for \u00e5 se hverandre regelmessig til tross for travle timeplaner.<\/p>\n<p><script async src=\"https:\/\/platform.twitter.com\/widgets.js\" charset=\"utf-8\"><\/script><\/p>\n","protected":false},"excerpt":{"rendered":"Kj\u00e6rligheten blomstrer: Til tross for gjentatte bruddrykter, beviste superparet nok en gang at de er stormende forelsket. OSS&hellip;\n","protected":false},"author":2,"featured_media":129066,"comment_status":"","ping_status":"","sticky":false,"template":"","format":"standard","meta":{"footnotes":""},"categories":[58],"tags":[15037,4104,71,479,8515,30,28,29,11244,72],"class_list":{"0":"post-129065","1":"post","2":"type-post","3":"status-publish","4":"format-standard","5":"has-post-thumbnail","7":"category-underholdning","8":"tag-critics-choice-awards","9":"tag-eksklusivt","10":"tag-entertainment","11":"tag-kjendis","12":"tag-kylie-jenner","13":"tag-no","14":"tag-norge","15":"tag-norway","16":"tag-timothee-chalamet","17":"tag-underholdning"},"share_on_mastodon":{"url":"https:\/\/pubeurope.com\/@no\/115841579412500758","error":""},"_links":{"self":[{"href":"https:\/\/www.europesays.com\/no\/wp-json\/wp\/v2\/posts\/129065","targetHints":{"allow":["GET"]}}],"collection":[{"href":"https:\/\/www.europesays.com\/no\/wp-json\/wp\/v2\/posts"}],"about":[{"href":"https:\/\/www.europesays.com\/no\/wp-json\/wp\/v2\/types\/post"}],"author":[{"embeddable":true,"href":"https:\/\/www.europesays.com\/no\/wp-json\/wp\/v2\/users\/2"}],"replies":[{"embeddable":true,"href":"https:\/\/www.europesays.com\/no\/wp-json\/wp\/v2\/comments?post=129065"}],"version-history":[{"count":0,"href":"https:\/\/www.europesays.com\/no\/wp-json\/wp\/v2\/posts\/129065\/revisions"}],"wp:featuredmedia":[{"embeddable":true,"href":"https:\/\/www.europesays.com\/no\/wp-json\/wp\/v2\/media\/129066"}],"wp:attachment":[{"href":"https:\/\/www.europesays.com\/no\/wp-json\/wp\/v2\/media?parent=129065"}],"wp:term":[{"taxonomy":"category","embeddable":true,"href":"https:\/\/www.europesays.com\/no\/wp-json\/wp\/v2\/categories?post=129065"},{"taxonomy":"post_tag","embeddable":true,"href":"https:\/\/www.europesays.com\/no\/wp-json\/wp\/v2\/tags?post=129065"}],"curies":[{"name":"wp","href":"https:\/\/api.w.org\/{rel}","templated":true}]}}