{"id":129109,"date":"2026-01-05T09:18:21","date_gmt":"2026-01-05T09:18:21","guid":{"rendered":"https:\/\/www.europesays.com\/no\/129109\/"},"modified":"2026-01-05T09:18:21","modified_gmt":"2026-01-05T09:18:21","slug":"her-kan-det-bli-30-minus-til-uka-adressa-no","status":"publish","type":"post","link":"https:\/\/www.europesays.com\/no\/129109\/","title":{"rendered":"Her kan det bli 30 minus til uka &#8211; adressa.no"},"content":{"rendered":"<ol>\n<li><a href=\"https:\/\/news.google.com\/rss\/articles\/CBMif0FVX3lxTE4xRWRNT1JiMnJHWEJnVG5wcnJKMjNnaGVaRWpWZGl4Q0tIOUs0SnJjMnFXVkhjNlNGM1hqMGswNUh4MVhvTmZtZjk0RklZeDk0SG1yV3pNZDNYSnlFVVo3RkxWYlFOaEZKZlVPaUhUUEdwa1llUEs2U0xzc0QtaVU?oc=5\" target=\"_blank\" rel=\"nofollow noopener\">Her kan det bli 30 minus til uka<\/a>&nbsp;&nbsp;adressa.no<\/li>\n<li><a href=\"https:\/\/news.google.com\/rss\/articles\/CBMioAFBVV95cUxOVkFVbmhTZzcxT0VxTGl4cUJhbFlJNDFUOElZVzdfMHNnTnJhZFVlY3FiSzB2Vy01SGFQTjZIa2xpamg5TnM1aVZVbVRiVFp3MzZyRlk3X2dzOWc3Wm5yU2hka252WDJjQ0JVU0h3b3MzZktmRUx1V2E3Q01HZTljQS10V29vTXFmT1haM2V1YTNvLWZLT3lLa2JvMDdBLWxD?oc=5\" target=\"_blank\" rel=\"nofollow noopener\">Kulde, V\u00e6r | N\u00e5 kommer kulda: \u2013 De som er glade i vinter f\u00e5r et par gode uker<\/a>&nbsp;&nbsp;Nordlys<\/li>\n<li><a href=\"https:\/\/news.google.com\/rss\/articles\/CBMid0FVX3lxTE85NDB4MnpHcXhUZDU1UVR2MXpYYlEtVF8xcUlPZWt4RURRTGs5cS1TbG5uVmRjOTlZLUstMk9TZE4wbXp4TkJ2Y3NTRkFJUVVhbDZ5NnpRR2tCWXJsczR0bFZFd1NsQkRHOWlSNnRDdWZFNWRaSzMw?oc=5\" target=\"_blank\" rel=\"nofollow noopener\">V\u00e6r, Sn\u00f8 | Varsler opp mot 15 cm sn\u00f8 i dag<\/a>&nbsp;&nbsp;Haugesunds Avis<\/li>\n<li><a href=\"https:\/\/news.google.com\/rss\/articles\/CBMif0FVX3lxTFBhMWEwWnpPUU9LOXJTMFdacmdWYmlRU28wTG1pR0Nhd1JWSE9DbkZGMXRGS2xKU0d2WWgtZ1QxS3E3RWFxem9yT3h3RDZSQWQ4cVlNRWpNSS1WanFrZVNaZkxSV0VkU21pa0pxbF9PWGw1UkpvUWUyZ2dlTDJiRkU?oc=5\" target=\"_blank\" rel=\"nofollow noopener\">(+) Slik blir v\u00e6ret den kommende uken<\/a>&nbsp;&nbsp;itromso.no<\/li>\n<li><a href=\"https:\/\/news.google.com\/rss\/articles\/CBMiqAFBVV95cUxPNWE4ZnN5cjhxYmpuRWJyVDZzcGVEaDVnejVjamQ5dVl0aFl5SUxubkt2U2s3aWl1RzNka1dsbHN2bWtSMnNqdHNWelhDZkN4b2VNWlVSWFdOS0R1cmJ5aEkzS3ItejNnZG1KdklvS05IMzhjeFN0SGRrNzdid25xbTlFNllYR3IxV1MxTFBFYmlIUS1xb0ZnTDNpaExscWhmRzJSWkJ4UEM?oc=5\" target=\"_blank\" rel=\"nofollow noopener\">N\u00e5 blir det enda kaldere i Indre \u00d8stfold: \u2013 Helt annen v\u00e6rsituasjon<\/a>&nbsp;&nbsp;Smaalenenes Avis<\/li>\n<\/ol>\n","protected":false},"excerpt":{"rendered":"Her kan det bli 30 minus til uka&nbsp;&nbsp;adressa.no Kulde, V\u00e6r | N\u00e5 kommer kulda: \u2013 De som er&hellip;\n","protected":false},"author":2,"featured_media":129110,"comment_status":"","ping_status":"","sticky":false,"template":"","format":"standard","meta":{"footnotes":""},"categories":[5],"tags":[1623,20,21,24,25,15,19,22,23,17,18,1202,13,30,28,29,14,16,3847,385,26,27,596,270],"class_list":{"0":"post-129109","1":"post","2":"type-post","3":"status-publish","4":"format-standard","5":"has-post-thumbnail","7":"category-overskrifter","8":"tag-alexander-skeltved","9":"tag-breaking-news","10":"tag-breakingnews","11":"tag-featured-news","12":"tag-featurednews","13":"tag-headlines","14":"tag-hovedoppslag","15":"tag-latest-news","16":"tag-latestnews","17":"tag-main-news","18":"tag-mainnews","19":"tag-meteorologisk-institutt","20":"tag-news","21":"tag-no","22":"tag-norge","23":"tag-norway","24":"tag-nyheter","25":"tag-overskrifter","26":"tag-roros","27":"tag-temperatur","28":"tag-top-stories","29":"tag-topstories","30":"tag-trondheim","31":"tag-trondelag"},"share_on_mastodon":{"url":"https:\/\/pubeurope.com\/@no\/115841748321703582","error":""},"_links":{"self":[{"href":"https:\/\/www.europesays.com\/no\/wp-json\/wp\/v2\/posts\/129109","targetHints":{"allow":["GET"]}}],"collection":[{"href":"https:\/\/www.europesays.com\/no\/wp-json\/wp\/v2\/posts"}],"about":[{"href":"https:\/\/www.europesays.com\/no\/wp-json\/wp\/v2\/types\/post"}],"author":[{"embeddable":true,"href":"https:\/\/www.europesays.com\/no\/wp-json\/wp\/v2\/users\/2"}],"replies":[{"embeddable":true,"href":"https:\/\/www.europesays.com\/no\/wp-json\/wp\/v2\/comments?post=129109"}],"version-history":[{"count":0,"href":"https:\/\/www.europesays.com\/no\/wp-json\/wp\/v2\/posts\/129109\/revisions"}],"wp:featuredmedia":[{"embeddable":true,"href":"https:\/\/www.europesays.com\/no\/wp-json\/wp\/v2\/media\/129110"}],"wp:attachment":[{"href":"https:\/\/www.europesays.com\/no\/wp-json\/wp\/v2\/media?parent=129109"}],"wp:term":[{"taxonomy":"category","embeddable":true,"href":"https:\/\/www.europesays.com\/no\/wp-json\/wp\/v2\/categories?post=129109"},{"taxonomy":"post_tag","embeddable":true,"href":"https:\/\/www.europesays.com\/no\/wp-json\/wp\/v2\/tags?post=129109"}],"curies":[{"name":"wp","href":"https:\/\/api.w.org\/{rel}","templated":true}]}}