{"id":129162,"date":"2026-01-05T10:39:07","date_gmt":"2026-01-05T10:39:07","guid":{"rendered":"https:\/\/www.europesays.com\/no\/129162\/"},"modified":"2026-01-05T10:39:07","modified_gmt":"2026-01-05T10:39:07","slug":"radhuset-tent-pa-og-et-titalls-steder-angrepet-med-oks","status":"publish","type":"post","link":"https:\/\/www.europesays.com\/no\/129162\/","title":{"rendered":"R\u00e5dhuset tent p\u00e5 og et titalls steder angrepet med \u00f8ks"},"content":{"rendered":"<p class=\"extendedContent hyperion-css-eyn926\" data-test-tag=\"lead-text\">Klokken 02.23 i natt fikk politiet melding om en brann i r\u00e5dhuset p\u00e5 Fagernes. Etter det rant meldingene inn. Det er 14 ulike \u00e5steder.<\/p>\n<p class=\"paywall hyperion-css-1j42uic\">Da brannvesenet kom til r\u00e5dhuset p\u00e5 Fagernes, fant de s\u00f8ppel og annet skrot som brant p\u00e5 utsiden av r\u00e5dhuset. De fikk raskt kontroll, men r\u00f8yk trakk inn i r\u00e5dhuset og gjorde at det luktet r\u00f8yk der i morgentimene.<\/p>\n<p class=\"paywall hyperion-css-1j42uic\">Gjennom natten kom det inn ni ulike meldinger om skadeverk p\u00e5 bygninger i omr\u00e5det fra Leira s\u00f8r for Fagernes til Skrautv\u00e5l nord for Fagernes. To av dem var branntill\u00f8p og sju av dem skadeverk.<\/p>\n<p class=\"paywall hyperion-css-1j42uic\">P\u00e5 morgenkvisten kom det enda flere meldinger. Totalt er politiet oppe i 14 ulike \u00e5steder, opplyser de til Oppland Arbeiderblad. Det skal dreie seg om mange knuste ruter.<\/p>\n<p class=\"paywall hyperion-css-1j42uic\">\u2013 Det er absolutt et uvanlig omfang. Det danner seg et bilde der offentlige instanser, bedrifter og en h\u00e5ndfull private adresser er rammet.<\/p>\n<p>Lette etter \u00f8ksemann &#8211; p\u00e5grepet<\/p>\n<p class=\"paywall hyperion-css-1j42uic\">P\u00e5 flere av stedene ble det observert en person med \u00f8ks, if\u00f8lge de som ringte politiet. Politiet lette gjennom natten etter mulige gjerningspersoner og fikk bistand fra politihelikopter. <\/p>\n<p class=\"paywall hyperion-css-1j42uic\">\u2013 Politiet har funnet spor p\u00e5 \u00e5stedene som kan indikere at det er samme gjerningsperson p\u00e5 flere av stedene, fortalte politiets operasjonsleder P\u00e5l Gjestvang til Oppland Arbeiderblad.<\/p>\n<p class=\"paywall hyperion-css-1j42uic\"><strong>Politiet melder klokken 11.04 at en mann er p\u00e5grepet og siktet for forholdene. <\/strong><\/p>\n<p class=\"paywall hyperion-css-1j42uic\"><strong>\u2013 Personen ble p\u00e5grepet p\u00e5 Gj\u00f8vik og det var udramatisk. Etterforskningen fortsetter, skriver politiet.<\/strong><\/p>\n<p class=\"paywall hyperion-css-1j42uic\">Gj\u00f8vik ligger halvannen times kj\u00f8ring fra Fagernes.<\/p>\n<p>Kj\u00f8rte rundt i SUV<\/p>\n<p class=\"paywall hyperion-css-1j42uic\">Politiet skriver at mannen skal ha kj\u00f8rt en SUV. <\/p>\n<p class=\"paywall hyperion-css-1j42uic\"><strong>Politiet \u00f8nsket tips, og sa de lette etter en grovt bygd mann i m\u00f8rke kl\u00e6r og med \u00abr\u00f8slig gange\u00bb. <\/strong><\/p>\n<p class=\"paywall hyperion-css-1j42uic\">Oppland Arbeiderblad skriver at skadeverket ble gjort b\u00e5de ved bedrifter og p\u00e5 private adresser. <\/p>\n<p class=\"paywall hyperion-css-1j42uic\">Mistenker \u00e9n gjerningsperson. Det kommer snart en melding p\u00e5 det.<\/p>\n","protected":false},"excerpt":{"rendered":"Klokken 02.23 i natt fikk politiet melding om en brann i r\u00e5dhuset p\u00e5 Fagernes. Etter det rant meldingene&hellip;\n","protected":false},"author":2,"featured_media":914,"comment_status":"","ping_status":"","sticky":false,"template":"","format":"standard","meta":{"footnotes":""},"categories":[10],"tags":[20,21,24,25,15,22,23,13,30,28,29,14,16,26,27],"class_list":{"0":"post-129162","1":"post","2":"type-post","3":"status-publish","4":"format-standard","5":"has-post-thumbnail","7":"category-norge","8":"tag-breaking-news","9":"tag-breakingnews","10":"tag-featured-news","11":"tag-featurednews","12":"tag-headlines","13":"tag-latest-news","14":"tag-latestnews","15":"tag-news","16":"tag-no","17":"tag-norge","18":"tag-norway","19":"tag-nyheter","20":"tag-overskrifter","21":"tag-top-stories","22":"tag-topstories"},"share_on_mastodon":{"url":"https:\/\/pubeurope.com\/@no\/115842066935440011","error":""},"_links":{"self":[{"href":"https:\/\/www.europesays.com\/no\/wp-json\/wp\/v2\/posts\/129162","targetHints":{"allow":["GET"]}}],"collection":[{"href":"https:\/\/www.europesays.com\/no\/wp-json\/wp\/v2\/posts"}],"about":[{"href":"https:\/\/www.europesays.com\/no\/wp-json\/wp\/v2\/types\/post"}],"author":[{"embeddable":true,"href":"https:\/\/www.europesays.com\/no\/wp-json\/wp\/v2\/users\/2"}],"replies":[{"embeddable":true,"href":"https:\/\/www.europesays.com\/no\/wp-json\/wp\/v2\/comments?post=129162"}],"version-history":[{"count":0,"href":"https:\/\/www.europesays.com\/no\/wp-json\/wp\/v2\/posts\/129162\/revisions"}],"wp:featuredmedia":[{"embeddable":true,"href":"https:\/\/www.europesays.com\/no\/wp-json\/wp\/v2\/media\/914"}],"wp:attachment":[{"href":"https:\/\/www.europesays.com\/no\/wp-json\/wp\/v2\/media?parent=129162"}],"wp:term":[{"taxonomy":"category","embeddable":true,"href":"https:\/\/www.europesays.com\/no\/wp-json\/wp\/v2\/categories?post=129162"},{"taxonomy":"post_tag","embeddable":true,"href":"https:\/\/www.europesays.com\/no\/wp-json\/wp\/v2\/tags?post=129162"}],"curies":[{"name":"wp","href":"https:\/\/api.w.org\/{rel}","templated":true}]}}