{"id":129163,"date":"2026-01-05T10:40:12","date_gmt":"2026-01-05T10:40:12","guid":{"rendered":"https:\/\/www.europesays.com\/no\/129163\/"},"modified":"2026-01-05T10:40:12","modified_gmt":"2026-01-05T10:40:12","slug":"bekreftet-amorim-sparket-2","status":"publish","type":"post","link":"https:\/\/www.europesays.com\/no\/129163\/","title":{"rendered":"Bekreftet: Amorim sparket"},"content":{"rendered":"<p> R\u00faben Amorim er ferdig som manager i Manchester United. Det skriver storklubben i en <a href=\"https:\/\/www.manutd.com\/en\/news\/detail\/ruben-amorim-departs-role-as-head-coach-of-man-utd?t=y&amp;utm_source=twitter&amp;utm_medium=story&amp;utm_campaign=club_news\" target=\"_blank\" rel=\"nofollow noopener\">pressemelding.<\/a><\/p>\n<p>De opplyser at ledelsen har tatt avgj\u00f8relsen om at det er riktig tidspunkt \u00e5 gj\u00f8re en endring.\u00a0<\/p>\n<p>\u00abDette vil gi laget den beste muligheten til \u00e5 havne h\u00f8yest mulig i Premier League\u00bb, begrunner de.<\/p>\n<p>\u2013 \u00c5rets minst overraskende nyhet<\/p>\n<p>United-helten Darren Fletcher tar over det midlertidige ansvaret.<\/p>\n<p> \u2013 \u00c5rets minst overraskende nyhet til n\u00e5. Amorim har ikke f\u00e5tt til mye. Om noe synes jeg det har g\u00e5tt litt bakover fra der han startet, sier TV 2s fotballekspert Simen Stams\u00f8-M\u00f8ller og fortsetter:\u00a0<\/p>\n<p>\u2013 Det f\u00f8ltes som et friskt pust da han kom inn, men etter hvert ble det mer og mer tydelig at han ikke har det som skal til for \u00e5 lede Manchester United.<\/p>\n<p>        <img class=\"image__img lazyload\" itemprop=\"image\" title=\"Foto: Nick Potts \/ Pa Photos \/ NTB\" alt=\"OVERTAR: Darren Fletcher, som har 223 kamper for Manchester United. Foto: Nick Potts \/ Pa Photos \/ NTB\" width=\"675\" height=\"439\" bad-src=\"https:\/\/www.europesays.com\/no\/wp-content\/uploads\/2026\/01\/18433227.webp.jpeg\" fetchpriority=\"auto\" \/><\/p>\n<p>      OVERTAR: Darren Fletcher, som har 223 kamper for Manchester United.<br \/>\n         Foto: Nick Potts \/ Pa Photos \/ NTB<\/p>\n<p>Amorim tok over etter Erik ten Hag i november i fjor, men portugiserens ideer og grep slo ikke positivt ut p\u00e5 banen.\u00a0<\/p>\n<p>Allerede i hans f\u00f8rste halv\u00e5r i klubben startet snakket om han var rett mann for jobben.<\/p>\n<p>Svake resultater<\/p>\n<p>40-\u00e5ringen vant kun sju av 27 kamper i Premier League sist sesong.\u00a0<\/p>\n<p>Det gjorde at Manchester United ble nummer 15 og fikk sin svakeste plassering p\u00e5 toppniv\u00e5 siden nedrykket i 1974.<\/p>\n<p>Et lyspunkt p\u00e5 v\u00e5ren var veien mot europaligafinalen. Seier der ville gitt Champions League-billett, men United tapte 0-1 for Tottenham. <\/p>\n<p>        <img class=\"image__img lazyload\" itemprop=\"image\" title=\"Foto: Ian Hodgson \/ AP \/ NTB\" alt=\"T\u00d8FF TID: Ruben Amorim fikk fort kritikk rettet mot seg. Foto: Ian Hodgson \/ AP \/ NTB\" width=\"978\" height=\"551\" bad-src=\"https:\/\/www.europesays.com\/no\/wp-content\/uploads\/2026\/01\/18433229.webp.jpeg\" fetchpriority=\"auto\" \/><\/p>\n<p>      T\u00d8FF TID: Ruben Amorim fikk fort kritikk rettet mot seg.<br \/>\n         Foto: Ian Hodgson \/ AP \/ NTB<\/p>\n<p>Amorim hentet blant andre Matheus Cunha, Bryan Mbuemo og Benjamin Sesko i sommer for over to milliarder norske kroner.\u00a0<\/p>\n<p>Likevel har de hatt en variabel sesong.<\/p>\n<p>Portugiseren forlater United p\u00e5 en sjetteplass, med 18 poeng opp til ligaleder Arsenal.<\/p>\n<p> \u2013 Har han v\u00e6rt for prinsippfast?<\/p>\n<p>\u2013 Ja, det virker s\u00e5nn. Men de aller fleste trenere har sin filosofi og ide om hvordan ting skal se ut. Det s\u00e5 veldig bra ut i Sporting, han er fortsatt en ung og fersk manager. At han stolte p\u00e5 det han fikk til i Sporting er forst\u00e5elig, men det var \u00e5penbart ikke overf\u00f8rbart, sier Stams\u00f8-M\u00f8ller.<\/p>\n<p>\u2013 Det var noe ekte ved ham som jeg likte. Jeg trodde p\u00e5 det han sa. Det er det ikke ofte jeg gj\u00f8r med managere. Men om det er en god ide i en garderobe, som er splittet med veldig mange forskjellige agendaer&#8230; Det er utrolig risikabelt \u00e5 v\u00e6re s\u00e5 \u00e5pen som han har v\u00e6rt, utdyper eksperten.<\/p>\n","protected":false},"excerpt":{"rendered":"R\u00faben Amorim er ferdig som manager i Manchester United. Det skriver storklubben i en pressemelding. De opplyser at&hellip;\n","protected":false},"author":2,"featured_media":129152,"comment_status":"","ping_status":"","sticky":false,"template":"","format":"standard","meta":{"footnotes":""},"categories":[5],"tags":[20,21,24,25,15,19,22,23,17,18,13,30,28,29,14,16,26,27],"class_list":{"0":"post-129163","1":"post","2":"type-post","3":"status-publish","4":"format-standard","5":"has-post-thumbnail","7":"category-overskrifter","8":"tag-breaking-news","9":"tag-breakingnews","10":"tag-featured-news","11":"tag-featurednews","12":"tag-headlines","13":"tag-hovedoppslag","14":"tag-latest-news","15":"tag-latestnews","16":"tag-main-news","17":"tag-mainnews","18":"tag-news","19":"tag-no","20":"tag-norge","21":"tag-norway","22":"tag-nyheter","23":"tag-overskrifter","24":"tag-top-stories","25":"tag-topstories"},"share_on_mastodon":{"url":"https:\/\/pubeurope.com\/@no\/115842070875031902","error":""},"_links":{"self":[{"href":"https:\/\/www.europesays.com\/no\/wp-json\/wp\/v2\/posts\/129163","targetHints":{"allow":["GET"]}}],"collection":[{"href":"https:\/\/www.europesays.com\/no\/wp-json\/wp\/v2\/posts"}],"about":[{"href":"https:\/\/www.europesays.com\/no\/wp-json\/wp\/v2\/types\/post"}],"author":[{"embeddable":true,"href":"https:\/\/www.europesays.com\/no\/wp-json\/wp\/v2\/users\/2"}],"replies":[{"embeddable":true,"href":"https:\/\/www.europesays.com\/no\/wp-json\/wp\/v2\/comments?post=129163"}],"version-history":[{"count":0,"href":"https:\/\/www.europesays.com\/no\/wp-json\/wp\/v2\/posts\/129163\/revisions"}],"wp:featuredmedia":[{"embeddable":true,"href":"https:\/\/www.europesays.com\/no\/wp-json\/wp\/v2\/media\/129152"}],"wp:attachment":[{"href":"https:\/\/www.europesays.com\/no\/wp-json\/wp\/v2\/media?parent=129163"}],"wp:term":[{"taxonomy":"category","embeddable":true,"href":"https:\/\/www.europesays.com\/no\/wp-json\/wp\/v2\/categories?post=129163"},{"taxonomy":"post_tag","embeddable":true,"href":"https:\/\/www.europesays.com\/no\/wp-json\/wp\/v2\/tags?post=129163"}],"curies":[{"name":"wp","href":"https:\/\/api.w.org\/{rel}","templated":true}]}}