{"id":129180,"date":"2026-01-05T10:55:10","date_gmt":"2026-01-05T10:55:10","guid":{"rendered":"https:\/\/www.europesays.com\/no\/129180\/"},"modified":"2026-01-05T10:55:10","modified_gmt":"2026-01-05T10:55:10","slug":"bolig-og-eiendom-gausdal-selger-hytta-pa-skeikampen-med-tungt-hjerte","status":"publish","type":"post","link":"https:\/\/www.europesays.com\/no\/129180\/","title":{"rendered":"Bolig og eiendom, Gausdal | Selger hytta p\u00e5 Skeikampen: \u2013 Med tungt hjerte"},"content":{"rendered":"\n<p>Det var f\u00f8r jul at tr\u00f8nderen p\u00e5 sin egen instagramside meldte at hytta, som sto ferdig i 2020, skal selges.<\/p>\n<p>\u2013 Det er med tungt hjerte at vi n\u00e5 selger hytta p\u00e5 favorittplassen, skriver langrennsstjernen.<\/p>\n<p><a href=\"www.tv2.no\/sport\" rel=\"Follow\">TV2 <\/a>omtalte saken f\u00f8rst.<\/p>\n<p>   <img decoding=\"async\" width=\"8078\" height=\"5385\" fetchpriority=\"low\"  loading=\"lazy\"  src=\"https:\/\/www.europesays.com\/no\/wp-content\/uploads\/2026\/01\/cueres_scp-mangler_navn_Of5IxOFEzDI.jpg\" alt=\"Oslo 20251112. &#10;Johannes H\u00f8sflot Kl\u00e6bo sammen med kj\u00e6resten Pernille D\u00f8svik p\u00e5 r\u00f8d l\u00f8per f\u00f8r f\u00f8rpremieren p\u00e5 dokumentarfilmen \" kl=\"\" p=\"\" colosseum=\"\" kino=\"\" i=\"\" oslo.=\"\" foto:=\"\" jonas=\"\" been=\"\" henriksen=\"\" ntb=\"\" class=\"brick-c-cFOWSL\" style=\"--brick-image-ratio: 8078 \/ 5385;\"\/><\/p>\n<p>      Johannes H\u00f8sflot Kl\u00e6bo sammen med forloveden Pernille D\u00f8svik p\u00e5 r\u00f8d l\u00f8per f\u00f8r f\u00f8rpremieren p\u00e5 dokumentarfilmen &#8216;Kl\u00e6bo&#8217; p\u00e5 Colosseum kino i Oslo.<br \/>\n      Foto: Jonas Been Henriksen\/NTB\n    <\/p>\n<p>  \u2013 Et perfekt sted for meg<\/p>\n<p>Sammen med forloveden Pernille D\u00f8svik skal skikongen, som tok seks av seks VM-gull i Trondheim for snart ett \u00e5r siden, snart flytte inn i ei ny hytte p\u00e5 Skeikampen i Kjoslia p\u00e5 Skeikampen, s\u00e5 salget er forventet.<\/p>\n<p>Den nye hytta blir nesten 400 kvadratmeter, og skal if\u00f8lge <a rel=\"Follow nofollow noopener\" href=\"https:\/\/www.aftenposten.no\/hytte\/hytteinterior-og-hytteinspirasjon\/i\/0VA03g\/klaebo-bygger-laftehytte-paa-370-kvm\" target=\"_blank\">Aftenposten<\/a> st\u00e5 ferdig etter OL i februar.<\/p>\n<p>\u2013 Skeikampen er et perfekt sted for trening og avslapning for meg, har H\u00f8sflot Kl\u00e6bo tidligere uttalt.<\/p>\n<p>Hytta er lagt ut med en prisantydning p\u00e5 7.250.000 og har et bruksareal p\u00e5 130 kvadratmeter og en tomt p\u00e5 over to m\u00e5l.<\/p>\n<p>  <a href=\"https:\/\/www.gd.no\/5-18-2252074\" class=\"related-teaser has-image default-story-teaser article--c-eRUmMG article--c-eRUmMG-jKCPdD-design-default\" rel=\"nofollow noopener\" target=\"_blank\"><\/p>\n<p>    <img decoding=\"async\" loading=\"lazy\"  src=\"https:\/\/www.europesays.com\/no\/wp-content\/uploads\/2026\/01\/07787e5f-7173-41ee-8cc5-8a80a09f3f37.jpg\" alt=\"\" class=\"brick-c-cFOWSL\" style=\"\"\/><\/p>\n<p>\n            Les ogs\u00e5<\/p>\n<p>              Stjerna bygger nytt i Gausdal\n        <\/p>\n<p>  <\/a><br \/>\n  Millionrabatt<\/p>\n<p>Kl\u00e6bo kj\u00f8pte tilbake i 2020 hytta for 900.000 kroner, etter \u00e5 ha f\u00e5tt millionrabatt p\u00e5 tomta. Med kj\u00f8pet fulgte ansiktet hans p\u00e5 salgsplakaten til J\u00f8ra Bygg. I 2018 ble den samme tomta kj\u00f8pt for tre millioner av Gausdalutbyggerne, som var knyttet til J\u00f8ra Bygg AS.<\/p>\n<p>Hytteprodusenten i Gausdal er ikke alene om \u00e5 kutte prisen for skikjendisene. P\u00e5 Sjusj\u00f8en bygde Martin Johnsrud Sundby to hytter p\u00e5 rabatterte tomter etter \u00e5 ha v\u00e6rt frontfigur i salget for Br\u00f8ttum Almenning i Birkebeinerbakken.<\/p>\n<p>Sundby betalte 400.000 kroner for den f\u00f8rste tomta i 2014, der det senere ble solgt tomter til over to millioner kroner. I 2020 solgte han hytta og bygde ny etter \u00e5 ha kj\u00f8pt tomt til 1,3 millioner kroner. Denne gangen ble de fire n\u00e6rmeste nabotomtene solgt for fra 2,45 millioner til 3,3 millioner kroner.<\/p>\n<p>  <a href=\"https:\/\/www.gd.no\/5-18-1666405\" class=\"related-teaser has-image default-story-teaser article--c-eRUmMG article--c-eRUmMG-jKCPdD-design-default\" rel=\"nofollow noopener\" target=\"_blank\"><\/p>\n<p>    <img decoding=\"async\" loading=\"lazy\"  src=\"https:\/\/www.europesays.com\/no\/wp-content\/uploads\/2026\/01\/NTB_fqYufZTco2U_1.jpg\" alt=\"\" class=\"brick-c-cFOWSL\" style=\"\"\/><\/p>\n<p>\n            Les ogs\u00e5<\/p>\n<p>              Han betalte fullpris \u2013 andre kjendiser f\u00e5r millionrabatt\n        <\/p>\n<p>  <\/a><\/p>\n","protected":false},"excerpt":{"rendered":"Det var f\u00f8r jul at tr\u00f8nderen p\u00e5 sin egen instagramside meldte at hytta, som sto ferdig i 2020,&hellip;\n","protected":false},"author":2,"featured_media":129181,"comment_status":"","ping_status":"","sticky":false,"template":"","format":"standard","meta":{"footnotes":""},"categories":[5],"tags":[36,198,20,21,24,25,1428,15,19,5258,711,22,23,17,18,13,30,28,29,14,16,15044,83,1510,26,27],"class_list":{"0":"post-129180","1":"post","2":"type-post","3":"status-publish","4":"format-standard","5":"has-post-thumbnail","7":"category-overskrifter","8":"tag-art","9":"tag-bolig-og-eiendom","10":"tag-breaking-news","11":"tag-breakingnews","12":"tag-featured-news","13":"tag-featurednews","14":"tag-gausdal","15":"tag-headlines","16":"tag-hovedoppslag","17":"tag-hytte","18":"tag-johannes-hosflot-klaebo","19":"tag-latest-news","20":"tag-latestnews","21":"tag-main-news","22":"tag-mainnews","23":"tag-news","24":"tag-no","25":"tag-norge","26":"tag-norway","27":"tag-nyheter","28":"tag-overskrifter","29":"tag-skeikampen","30":"tag-sport","31":"tag-story","32":"tag-top-stories","33":"tag-topstories"},"share_on_mastodon":{"url":"https:\/\/pubeurope.com\/@no\/115842129816667530","error":""},"_links":{"self":[{"href":"https:\/\/www.europesays.com\/no\/wp-json\/wp\/v2\/posts\/129180","targetHints":{"allow":["GET"]}}],"collection":[{"href":"https:\/\/www.europesays.com\/no\/wp-json\/wp\/v2\/posts"}],"about":[{"href":"https:\/\/www.europesays.com\/no\/wp-json\/wp\/v2\/types\/post"}],"author":[{"embeddable":true,"href":"https:\/\/www.europesays.com\/no\/wp-json\/wp\/v2\/users\/2"}],"replies":[{"embeddable":true,"href":"https:\/\/www.europesays.com\/no\/wp-json\/wp\/v2\/comments?post=129180"}],"version-history":[{"count":0,"href":"https:\/\/www.europesays.com\/no\/wp-json\/wp\/v2\/posts\/129180\/revisions"}],"wp:featuredmedia":[{"embeddable":true,"href":"https:\/\/www.europesays.com\/no\/wp-json\/wp\/v2\/media\/129181"}],"wp:attachment":[{"href":"https:\/\/www.europesays.com\/no\/wp-json\/wp\/v2\/media?parent=129180"}],"wp:term":[{"taxonomy":"category","embeddable":true,"href":"https:\/\/www.europesays.com\/no\/wp-json\/wp\/v2\/categories?post=129180"},{"taxonomy":"post_tag","embeddable":true,"href":"https:\/\/www.europesays.com\/no\/wp-json\/wp\/v2\/tags?post=129180"}],"curies":[{"name":"wp","href":"https:\/\/api.w.org\/{rel}","templated":true}]}}