{"id":129224,"date":"2026-01-05T11:38:30","date_gmt":"2026-01-05T11:38:30","guid":{"rendered":"https:\/\/www.europesays.com\/no\/129224\/"},"modified":"2026-01-05T11:38:30","modified_gmt":"2026-01-05T11:38:30","slug":"snakk-om-a-kle-av-konkurrentene","status":"publish","type":"post","link":"https:\/\/www.europesays.com\/no\/129224\/","title":{"rendered":"&#8211; Snakk om \u00e5 kle av konkurrentene"},"content":{"rendered":"<p class=\"kicker \" style=\"\">Tour de Ski, klassisk sprint<\/p>\n<p>  Ekspertene m\u00e5per etter oppvisningen til Johannes H\u00f8sflot Kl\u00e6bo (29). Scenene fra oppl\u00f8pet sjokkerer.\u00a0<\/p>\n<p>\n    ALDRI TRUET: Johannes H\u00f8sflot Kl\u00e6bo gjorde som han ville p\u00e5 den klassiske sprinten i Val di Fiemme. Foto: Terje Pedersen \/ NTB\n  <\/p>\n<p>VAL DI FIEMME (Dagbladet): Kl\u00e6bo vant den klassiske sprinten lekende lett. Tr\u00f8nderen tok kommandoen fra start i finalen og holdt ledelsen hele veien.<\/p>\n<p class=\"font-weight-bold m-font-weight-bold\" data-lab-font_weight=\"font-weight-bold\">Forspranget inn p\u00e5 oppl\u00f8pet var s\u00e5 stort at han n\u00e6rmest kunne gli inn til seier uten \u00e5 ta et eneste stavtak.<\/p>\n<p class=\"font-weight-bold m-font-weight-bold\" data-lab-font_weight=\"font-weight-bold\">  &#8211; Det var bra. M\u00e5let mitt var \u00e5 komme f\u00f8rst p\u00e5 toppen for \u00e5 ta med l\u00e6ring. Jeg h\u00e5pet jeg hadde et par i ryggen for \u00e5 se hvordan feelingen var. Det var ingen som var med, og da ble det s\u00e5nn, sier Kl\u00e6bo i pressesonen.<\/p>\n<p class=\"font-weight-bold m-font-weight-bold\" data-lab-font_weight=\"font-weight-bold\">&#8211; Har du gjort noe lignende f\u00f8r?<\/p>\n<p class=\"font-weight-bold m-font-weight-bold\" data-lab-font_weight=\"font-weight-bold\">&#8211; Jeg vet ikke. Det ble i hvert fall st\u00f8rre avstand enn jeg hadde trodd, sier Kl\u00e6bo til Dagbladet.<\/p>\n<p>    <a itemprop=\"url\" href=\"https:\/\/www.dagbladet.no\/sport\/det-er-kaos\/84048588\" rel=\"nofollow noopener\" target=\"_blank\"><\/p>\n<p>        <img loading=\"lazy\" decoding=\"async\" src=\"https:\/\/www.europesays.com\/no\/wp-content\/uploads\/2026\/01\/1767613109_986_84048973.webp.webp\" width=\"980\" height=\"441\" title=\"- Det er kaos\" alt=\"\" class=\"lazyload\" style=\"--aspect-ratio-image: 2.22; \"\/><\/p>\n<p>        &#8211; Det er kaos<\/p>\n<p>    <\/a><\/p>\n<p>&#8211; Det er det verste jeg har sett, sier Viaplays Jan Christian Bj\u00f8rn.\u00a0<\/p>\n<p>NRKs Jann Post sier:<\/p>\n<p>&#8211;\u00a0 Han tar ikke et stavtak, snakk om \u00e5 kle av konkurrentene.<\/p>\n<p>Franske Jules Chappaz tok andreplass, mens svenske Anton Grahn tok tredjeplassen.\u00a0<\/p>\n<p>        <img loading=\"lazy\" decoding=\"async\" src=\"https:\/\/www.europesays.com\/no\/wp-content\/uploads\/2026\/01\/84051424.webp.webp\" width=\"980\" height=\"559\" title=\"TOPP TRE: Norges Johannes H\u00f8sflot Kl\u00e6bo tok f\u00f8rsteplass, Franske Jules Chappaz tok andreplass og Sveriges Anton Grahn tok tredjeplass i klassisk sprint finaler under Tour de ski i Val di Fiemme.Foto: Terje Pedersen \/ NTB\" alt=\"\" class=\"\" style=\"--aspect-ratio-image: 1.75; \"\/><\/p>\n<p>\n        TOPP TRE: Norges Johannes H\u00f8sflot Kl\u00e6bo tok f\u00f8rsteplass, Franske Jules Chappaz tok andreplass og Sveriges Anton Grahn tok tredjeplass i klassisk sprint finaler under Tour de ski i Val di Fiemme.Foto: Terje Pedersen \/ NTB\n    <\/p>\n<p>Emil Iversen havnet p\u00e5 en 35.-plass og r\u00f8k dermed ut av sprintprologen. Like etterp\u00e5 sa han at\u00a0\u00absprintkarrieren er over.\u00bb<\/p>\n<p>&#8211; Takk for laget &#8211; det var faen med den siste prologen jeg skal g\u00e5. N\u00e5 er jeg lei. Men tro det eller ei, jeg f\u00f8lte meg veldig pigg, og jeg skal selvf\u00f8lgelig g\u00e5 i morgen ogs\u00e5. Jeg ber til Gud, la dette v\u00e6re den siste prologen jeg noensinne g\u00e5r. Ikke bruk ressurser p\u00e5 \u00e5 sm\u00f8re ski, kj\u00f8pe sportsdrikke osv. Det er pinlig, men jeg ga alt, sa Iversen til NRK.<\/p>\n<p>        GYNGER: Johannes H\u00f8sflot Kl\u00e6bo valgte \u00e5 avslutte sine heat med en meget annerledes teknikk. Video: NRK, Schjesvold\/S\u00f8r\u00f8 Olsen\/Dagbladet TV-sporten<\/p>\n<p>&#8211; Det var en maksdag. Jeg er en gammel, treig j\u00e6vel. Sprintkarrieren min er over. Jeg h\u00e5per aldri jeg skal g\u00e5 en prolog igjen. Jeg ga det en sjanse, men det gikk akkurat ikke, sa Iversen til skrivende presse.<\/p>\n<p data-lab-italic=\"italic\" class=\"italic m-italic\">&#8211; Hvor mye frister det \u00e5 g\u00e5 i morgen?<\/p>\n<p>&#8211; Veldig mye. Jeg f\u00f8lte meg veldig bra, og gleder meg til \u00e5 skvise ut det siste, og krige meg opp til toppen. Bakken passer meg bedre enn en klassisk sprintprolog. Det er litt ironisk, sa 34-\u00e5ringen til Dagbladet.\u00a0<\/p>\n","protected":false},"excerpt":{"rendered":"Tour de Ski, klassisk sprint Ekspertene m\u00e5per etter oppvisningen til Johannes H\u00f8sflot Kl\u00e6bo (29). Scenene fra oppl\u00f8pet sjokkerer.\u00a0&hellip;\n","protected":false},"author":2,"featured_media":129225,"comment_status":"","ping_status":"","sticky":false,"template":"","format":"standard","meta":{"footnotes":""},"categories":[5],"tags":[20,21,24,25,15,19,711,398,22,23,17,18,13,30,28,29,14,16,83,26,27,12662],"class_list":{"0":"post-129224","1":"post","2":"type-post","3":"status-publish","4":"format-standard","5":"has-post-thumbnail","7":"category-overskrifter","8":"tag-breaking-news","9":"tag-breakingnews","10":"tag-featured-news","11":"tag-featurednews","12":"tag-headlines","13":"tag-hovedoppslag","14":"tag-johannes-hosflot-klaebo","15":"tag-langrenn","16":"tag-latest-news","17":"tag-latestnews","18":"tag-main-news","19":"tag-mainnews","20":"tag-news","21":"tag-no","22":"tag-norge","23":"tag-norway","24":"tag-nyheter","25":"tag-overskrifter","26":"tag-sport","27":"tag-top-stories","28":"tag-topstories","29":"tag-tour-de-ski"},"share_on_mastodon":{"url":"https:\/\/pubeurope.com\/@no\/115842299006863755","error":""},"_links":{"self":[{"href":"https:\/\/www.europesays.com\/no\/wp-json\/wp\/v2\/posts\/129224","targetHints":{"allow":["GET"]}}],"collection":[{"href":"https:\/\/www.europesays.com\/no\/wp-json\/wp\/v2\/posts"}],"about":[{"href":"https:\/\/www.europesays.com\/no\/wp-json\/wp\/v2\/types\/post"}],"author":[{"embeddable":true,"href":"https:\/\/www.europesays.com\/no\/wp-json\/wp\/v2\/users\/2"}],"replies":[{"embeddable":true,"href":"https:\/\/www.europesays.com\/no\/wp-json\/wp\/v2\/comments?post=129224"}],"version-history":[{"count":0,"href":"https:\/\/www.europesays.com\/no\/wp-json\/wp\/v2\/posts\/129224\/revisions"}],"wp:featuredmedia":[{"embeddable":true,"href":"https:\/\/www.europesays.com\/no\/wp-json\/wp\/v2\/media\/129225"}],"wp:attachment":[{"href":"https:\/\/www.europesays.com\/no\/wp-json\/wp\/v2\/media?parent=129224"}],"wp:term":[{"taxonomy":"category","embeddable":true,"href":"https:\/\/www.europesays.com\/no\/wp-json\/wp\/v2\/categories?post=129224"},{"taxonomy":"post_tag","embeddable":true,"href":"https:\/\/www.europesays.com\/no\/wp-json\/wp\/v2\/tags?post=129224"}],"curies":[{"name":"wp","href":"https:\/\/api.w.org\/{rel}","templated":true}]}}