{"id":129250,"date":"2026-01-05T12:03:07","date_gmt":"2026-01-05T12:03:07","guid":{"rendered":"https:\/\/www.europesays.com\/no\/129250\/"},"modified":"2026-01-05T12:03:07","modified_gmt":"2026-01-05T12:03:07","slug":"det-ble-nettopp-enklere-a-stromme-pa-mobiltelefonen-med-shures-nye-minimikrofon","status":"publish","type":"post","link":"https:\/\/www.europesays.com\/no\/129250\/","title":{"rendered":"Det ble nettopp enklere \u00e5 str\u00f8mme p\u00e5 mobiltelefonen med Shures nye minimikrofon &#8211;"},"content":{"rendered":"<p>Er du interessert i \u00e5 utforske en verden av vlogging og livestreaming, men ikke har lyst til \u00e5 bruke penger p\u00e5 et dyrt kamera og lydutstyr? I s\u00e5 fall har Shure <a href=\"https:\/\/www.shure.com\/en-GB\/newsroom\/shure-launches-mv88-usb-c-stereo-microphone\" target=\"_blank\" rel=\"nofollow noopener\">nylig annonsert<\/a> en ny enhet som gj\u00f8r det enda enklere \u00e5 skape innhold p\u00e5 farten med smarttelefonen som base.<\/p>\n<p>Under CES-messen presenterte Shure den oppdaterte MV88, som er en minimikrofon som n\u00e5 st\u00f8tter USB-C-tilkobling, slik at den kan kobles direkte til smarttelefonen din for \u00e5 ta opp lyd av bedre kvalitet. Ikke bare har den denne brukervennligheten, men enheten kommer ogs\u00e5 med innebygde overv\u00e5kingssystemer som gj\u00f8r det enda enklere \u00e5 f\u00e5 det perfekte lydniv\u00e5et og samtidig fjerne u\u00f8nsket bakgrunnslyd. Som Shure uttrykker det, har denne dingsen &laquo;ingen oppsett, ikke noe ekstra utstyr, bare plugg inn og sett i gang.&raquo;<\/p>\n<p>Den har fem forh\u00e5ndsinnstillinger for hurtigstart, og tilbyr muligheter for \u00e5 koble til dedikerte mobilapper for ytterligere tilpasning. N\u00e5r det gjelder prisen for denne lille dingsen, vil den koste \u00a3145\/$159\/\u20ac169 og er tilgjengelig for kj\u00f8p n\u00e5.<\/p>\n<p><img loading=\"lazy\" decoding=\"async\" id=\"img-1950103-4774553\" data-fullsize=\"\/media\/45\/streamingyourmobile_4774553b.jpg\" data-lazy=\"\" src=\"https:\/\/www.gamereactor.nohttps:\/\/www.gamereactor.no\/media\/45\/streamingyourmobile_4774553_650x.jpg\" width=\"650\" onclick=\"if (!window.__cfRLUnblockHandlers) return false; gallery_openmodal('1950103','4774553',false,'bbc502f239f99ddce9b2889e7da81684');\" height=\"433\" alt=\"Det ble nettopp enklere \u00e5 str\u00f8mme p\u00e5 mobiltelefonen med Shures nye minimikrofon\" class=\"rwd_col_content lazy\" data-cf-modified-fd58174d0c993fba50afd663-=\"\"\/><\/p>\n","protected":false},"excerpt":{"rendered":"Er du interessert i \u00e5 utforske en verden av vlogging og livestreaming, men ikke har lyst til \u00e5&hellip;\n","protected":false},"author":2,"featured_media":129251,"comment_status":"","ping_status":"","sticky":false,"template":"","format":"standard","meta":{"footnotes":""},"categories":[57],"tags":[30,28,29,65,63,64,66,70,69,67,68],"class_list":{"0":"post-129250","1":"post","2":"type-post","3":"status-publish","4":"format-standard","5":"has-post-thumbnail","7":"category-vitenskap-og-teknologi","8":"tag-no","9":"tag-norge","10":"tag-norway","11":"tag-science","12":"tag-science-and-technology","13":"tag-scienceandtechnology","14":"tag-technology","15":"tag-teknologi","16":"tag-vitenskap","17":"tag-vitenskap-og-teknologi","18":"tag-vitenskapteknologi"},"share_on_mastodon":{"url":"https:\/\/pubeurope.com\/@no\/115842397144955282","error":""},"_links":{"self":[{"href":"https:\/\/www.europesays.com\/no\/wp-json\/wp\/v2\/posts\/129250","targetHints":{"allow":["GET"]}}],"collection":[{"href":"https:\/\/www.europesays.com\/no\/wp-json\/wp\/v2\/posts"}],"about":[{"href":"https:\/\/www.europesays.com\/no\/wp-json\/wp\/v2\/types\/post"}],"author":[{"embeddable":true,"href":"https:\/\/www.europesays.com\/no\/wp-json\/wp\/v2\/users\/2"}],"replies":[{"embeddable":true,"href":"https:\/\/www.europesays.com\/no\/wp-json\/wp\/v2\/comments?post=129250"}],"version-history":[{"count":0,"href":"https:\/\/www.europesays.com\/no\/wp-json\/wp\/v2\/posts\/129250\/revisions"}],"wp:featuredmedia":[{"embeddable":true,"href":"https:\/\/www.europesays.com\/no\/wp-json\/wp\/v2\/media\/129251"}],"wp:attachment":[{"href":"https:\/\/www.europesays.com\/no\/wp-json\/wp\/v2\/media?parent=129250"}],"wp:term":[{"taxonomy":"category","embeddable":true,"href":"https:\/\/www.europesays.com\/no\/wp-json\/wp\/v2\/categories?post=129250"},{"taxonomy":"post_tag","embeddable":true,"href":"https:\/\/www.europesays.com\/no\/wp-json\/wp\/v2\/tags?post=129250"}],"curies":[{"name":"wp","href":"https:\/\/api.w.org\/{rel}","templated":true}]}}