{"id":129252,"date":"2026-01-05T12:06:09","date_gmt":"2026-01-05T12:06:09","guid":{"rendered":"https:\/\/www.europesays.com\/no\/129252\/"},"modified":"2026-01-05T12:06:09","modified_gmt":"2026-01-05T12:06:09","slug":"ulykker-og-hendelser-trafikk-bil-av-vegen-person-bevisstlos","status":"publish","type":"post","link":"https:\/\/www.europesays.com\/no\/129252\/","title":{"rendered":"Ulykker og hendelser, Trafikk | Bil av vegen \u2013 person bevisstl\u00f8s"},"content":{"rendered":"\n<p>Politiet melder like over klokken 12 at det dreier seg om en bilulykke med en personbil involvert. <\/p>\n<p>Det skal ha v\u00e6rt en person i bilen, og denne skal v\u00e6re bevisstl\u00f8s. Hendelsen har skjedd p\u00e5 Vingrom. <\/p>\n<p>\u2013 Det er usikkert om det er et helsetilfelle eller som f\u00f8lge av utforkj\u00f8ringen, sier operasjonsleder Christian Svarstad. <\/p>\n<p>Hallgrim Ous, politibetjent p\u00e5 stedet, sier det ser ut som at hendelsen mest sannsynlig er et sykdomstilfelle. Bilen har kj\u00f8rt over i motsatt kj\u00f8refelt og kj\u00f8rt ut i noe som framst\u00e5r som normal hastighet. <\/p>\n<p>Sj\u00e5f\u00f8ren er tatt h\u00e5nd om av helsepersonell. <\/p>\n<p>Trafikken flyter forbi, men bilen m\u00e5 berges. <\/p>\n","protected":false},"excerpt":{"rendered":"Politiet melder like over klokken 12 at det dreier seg om en bilulykke med en personbil involvert. Det&hellip;\n","protected":false},"author":2,"featured_media":129253,"comment_status":"","ping_status":"","sticky":false,"template":"","format":"standard","meta":{"footnotes":"","_share_on_mastodon":"0"},"categories":[10],"tags":[36,20,21,24,25,15,22,23,13,30,28,29,14,16,1510,26,27,224,941,15047],"class_list":["post-129252","post","type-post","status-publish","format-standard","has-post-thumbnail","category-norge","tag-art","tag-breaking-news","tag-breakingnews","tag-featured-news","tag-featurednews","tag-headlines","tag-latest-news","tag-latestnews","tag-news","tag-no","tag-norge","tag-norway","tag-nyheter","tag-overskrifter","tag-story","tag-top-stories","tag-topstories","tag-trafikk","tag-ulykker-og-hendelser","tag-vingrom"],"share_on_mastodon":{"url":"https:\/\/pubeurope.com\/@no\/115842409085434312","error":""},"_links":{"self":[{"href":"https:\/\/www.europesays.com\/no\/wp-json\/wp\/v2\/posts\/129252","targetHints":{"allow":["GET"]}}],"collection":[{"href":"https:\/\/www.europesays.com\/no\/wp-json\/wp\/v2\/posts"}],"about":[{"href":"https:\/\/www.europesays.com\/no\/wp-json\/wp\/v2\/types\/post"}],"author":[{"embeddable":true,"href":"https:\/\/www.europesays.com\/no\/wp-json\/wp\/v2\/users\/2"}],"replies":[{"embeddable":true,"href":"https:\/\/www.europesays.com\/no\/wp-json\/wp\/v2\/comments?post=129252"}],"version-history":[{"count":0,"href":"https:\/\/www.europesays.com\/no\/wp-json\/wp\/v2\/posts\/129252\/revisions"}],"wp:featuredmedia":[{"embeddable":true,"href":"https:\/\/www.europesays.com\/no\/wp-json\/wp\/v2\/media\/129253"}],"wp:attachment":[{"href":"https:\/\/www.europesays.com\/no\/wp-json\/wp\/v2\/media?parent=129252"}],"wp:term":[{"taxonomy":"category","embeddable":true,"href":"https:\/\/www.europesays.com\/no\/wp-json\/wp\/v2\/categories?post=129252"},{"taxonomy":"post_tag","embeddable":true,"href":"https:\/\/www.europesays.com\/no\/wp-json\/wp\/v2\/tags?post=129252"}],"curies":[{"name":"wp","href":"https:\/\/api.w.org\/{rel}","templated":true}]}}