{"id":129280,"date":"2026-01-05T12:36:36","date_gmt":"2026-01-05T12:36:36","guid":{"rendered":"https:\/\/www.europesays.com\/no\/129280\/"},"modified":"2026-01-05T12:36:36","modified_gmt":"2026-01-05T12:36:36","slug":"politiet-drapshypotese-styrket","status":"publish","type":"post","link":"https:\/\/www.europesays.com\/no\/129280\/","title":{"rendered":"Politiet: Drapshypotese styrket"},"content":{"rendered":"<p>  Politiet har etterlyst en mann i 60-\u00e5ra for drap i Grue. Han var siktet for kroppskrenkelse mot kvinnen i 2021.<\/p>\n<p>\n    DRAPSETTERFORSKNING: Politiet etterforsker et mulig drap i Kirken\u00e6r i Grue. Foto: Morten Risberg \/ Dagbladet\n  <\/p>\n<p>GRUE\/OSLO (Dagbladet): Politiet<a href=\"https:\/\/www.dagbladet.no\/nyheter\/drapssiktet-sist-sett-pa-julaften\/84032265\" rel=\"nofollow noopener\" target=\"_blank\"> etterforsker et mulig drap<\/a> i Kirken\u00e6r i Grue, etter at en kvinne i 40-\u00e5ra ble funnet d\u00f8d l\u00f8rdag.<\/p>\n<p>If\u00f8lge politiet er det omstendigheter p\u00e5 stedet som tyder p\u00e5 at hun ble utsatt for vold, og har siktet en mann i 60-\u00e5ra for drap. Mannen er fremdeles p\u00e5 frifot og internasjonalt etterlyst.\u00a0<\/p>\n<p>&#8211; Hypotesen om drap er styrket etter at kriminalteknikere var p\u00e5 \u00e5stedet i g\u00e5r og gjorde funn p\u00e5 stedet og p\u00e5 avd\u00f8de, sier politiadvokat Marit Welo til Dagbladet.<\/p>\n<p>Politiadvokaten opplyser at den siktede mannen har noe straffehistorikk som ligger tilbake i tid, blant annet for vold. I tillegg var han under etterforskning for en sak mot den avd\u00f8de kvinnen.<\/p>\n<p>&#8211; Det er registrert en sak<br \/>\nmellom dem i 2021, som ble etterforsket som kroppskrenkelse med ham som siktet. Den ble henlagt p\u00e5 bevisets<br \/>\nstilling, sier politiadvokaten.<\/p>\n<p>Den siktede mannen har ikke f\u00e5tt oppnevnt forsvarer.<\/p>\n<p>        <img loading=\"lazy\" decoding=\"async\" src=\"https:\/\/www.europesays.com\/no\/wp-content\/uploads\/2026\/01\/84036069.webp.webp\" width=\"980\" height=\"559\" title=\"BLOMSTER: Det er lagt ned blomster og skrevet kort p\u00e5 \u00e5stedet. Foto: John Terje Pedersen \/ Dagbladet\" alt=\"\" class=\"\" style=\"--aspect-ratio-image: 1.75; \"\/><\/p>\n<p>\n        BLOMSTER: Det er lagt ned blomster og skrevet kort p\u00e5 \u00e5stedet. Foto: John Terje Pedersen \/ Dagbladet\n    <\/p>\n<p>Fremdeles p\u00e5 frifot\t<\/p>\n<p> Politiet har gjennomf\u00f8rt en rekke<br \/>\netterforskningsskritt for \u00e5 f\u00e5 tak i ham.<\/p>\n<p>Politiet ber mannen melde seg og oppfordrer samtidig personer som kan vite noe om<br \/>\nhvor han befinner seg, om \u00e5 kontakte politiet. Tips kan ringes inn p\u00e5 02800, skriver politiet i en pressemelding mandag.\u00a0<\/p>\n<p>        <img loading=\"lazy\" decoding=\"async\" src=\"https:\/\/www.europesays.com\/no\/wp-content\/uploads\/2026\/01\/84036191.webp.webp\" width=\"686\" height=\"515\" title=\"\u00c5STEDSUNDERS\u00d8KELSER: Politiet har, med bistand fra Kripos, gjort unders\u00f8kelser p\u00e5 \u00e5stedet. Politiet mener funnene styrker hypotesen om drap. Foto: Morten Risberg \/ Dagbladet\" alt=\"\" class=\"\" style=\"--aspect-ratio-image: 1.33; \"\/><\/p>\n<p>\n        \u00c5STEDSUNDERS\u00d8KELSER: Politiet har, med bistand fra Kripos, gjort unders\u00f8kelser p\u00e5 \u00e5stedet. Politiet mener funnene styrker hypotesen om drap. Foto: Morten Risberg \/ Dagbladet\n    <\/p>\n<p>Welo forklarer at politiet har noen konkrete tips som de unders\u00f8ker, men \u00f8nsker ikke \u00e5 utdype dette.\u00a0<\/p>\n<p>Dagbladet skrev s\u00f8ndag at <a href=\"https:\/\/www.dagbladet.no\/nyheter\/drapssiktet-sist-sett-pa-julaften\/84032265\" rel=\"nofollow noopener\" target=\"_blank\">siste observasjon av mannen er p\u00e5 julaften<\/a>.\u00a0<\/p>\n<p>&#8211; Dette er noe vi jobber med \u00e5 kartlegge. Vi etterforsker b\u00e5de teknisk og taktisk. Vi unders\u00f8ker<br \/>\ndata og telefoni, innhenter videooverv\u00e5kning og gjennomf\u00f8rer avh\u00f8r med vitner.<\/p>\n<p>Bistandsadvokat Bj\u00f8rn Erik Pettersen sier f\u00f8lgende p\u00e5 vegne av de etterlatte:\u00a0<\/p>\n<p>&#8211; De p\u00e5r\u00f8rende vil avvente politiets videre etterforskning av saken, i h\u00e5p om at den vil gi svar p\u00e5 de sp\u00f8rsm\u00e5l som de sitter igjen med. De ber om ro, og respekt for deres sorg over avd\u00f8des bortgang.\u00a0<\/p>\n<p>    <a itemprop=\"url\" href=\"https:\/\/www.dagbladet.no\/nyheter\/drapssiktet-sist-sett-pa-julaften\/84032265\" rel=\"nofollow noopener\" target=\"_blank\"><\/p>\n<p>        <img loading=\"lazy\" decoding=\"async\" src=\"https:\/\/www.europesays.com\/no\/wp-content\/uploads\/2026\/01\/84032505.webp.webp\" width=\"980\" height=\"441\" title=\"Drapssiktet sist sett p\u00e5 julaften\" alt=\"\" class=\"lazyload\" style=\"--aspect-ratio-image: 2.22; \"\/><\/p>\n<p>        Drapssiktet sist sett p\u00e5 julaften<\/p>\n<p>    <\/a><\/p>\n<p>Tatt flere beslag\t<\/p>\n<p>Kvinnen blir obdusert mandag for \u00e5 f\u00e5 fastsl\u00e5tt d\u00f8ds\u00e5rsaken.<\/p>\n<p>Det jobbes ogs\u00e5 med<br \/>\ninnhenting og analysering av digitale spor, opplyser politiet.\u00a0<\/p>\n<p>Det er gjort flere beslag i saken, men politiadvokaten vil ikke kommentere dette n\u00e6rmere av<br \/>\nhensyn til etterforskningen.<\/p>\n<p> &#8211; Ut i fra opplysninger politiet har hentet inn har det v\u00e6rt en samboer-relasjon mellom den d\u00f8de kvinnen og mannen. Politiet kan ikke g\u00e5 noe n\u00e6rmere inn p\u00e5 opplysninger om forhold knyttet til de involverte, uttalte politiadvokat Ann Katrin Nysveen s\u00f8ndag.<\/p>\n<p>        <img loading=\"lazy\" decoding=\"async\" src=\"https:\/\/www.europesays.com\/no\/wp-content\/uploads\/2026\/01\/84035930.webp.webp\" width=\"667\" height=\"381\" title=\"VISER TIL POLITIET: Ordf\u00f8rer Rune Grenberg avbildet ved en tidligere anledning. Foto: Terje Pedersen \/ NTB\" alt=\"\" class=\"\" style=\"--aspect-ratio-image: 1.75; \"\/><\/p>\n<p>\n        VISER TIL POLITIET: Ordf\u00f8rer Rune Grenberg avbildet ved en tidligere anledning. Foto: Terje Pedersen \/ NTB\n    <\/p>\n<p>Ordf\u00f8rer: &#8211; Tragisk<\/p>\n<p>Ordf\u00f8rer i Grue,\u00a0Rune Grenberg, sier at hans tanker f\u00f8rst og fremst g\u00e5r til de ber\u00f8rte i denne saken.\u00a0<\/p>\n<p>&#8211; Et tragisk utfall som vi ikke har full oversikt p\u00e5 enn\u00e5. Dette er en politisak og politiet deler informasjon slik det er form\u00e5lstjenlig for dem av hensyn til etterforskningen.\u00a0<\/p>\n<p>Han sier videre:<\/p>\n<p>&#8211; For Innlandet politidistrikt har det v\u00e6rt mange alvorlige og ressurskrevende hendelser de siste \u00e5ra og denne siste saken er enda en sak som m\u00e5 prioriteres innenfor stramme rammer. Jeg h\u00e5per politiet s\u00e5 raskt som mulig f\u00e5r en p\u00e5gripelse og at vi kan ta tilbake hverdagen for et lite lokalsamfunn. <\/p>\n","protected":false},"excerpt":{"rendered":"Politiet har etterlyst en mann i 60-\u00e5ra for drap i Grue. Han var siktet for kroppskrenkelse mot kvinnen&hellip;\n","protected":false},"author":2,"featured_media":129281,"comment_status":"","ping_status":"","sticky":false,"template":"","format":"standard","meta":{"footnotes":""},"categories":[5],"tags":[20,21,24,25,15,19,2539,22,23,17,18,13,30,28,29,14,16,26,27],"class_list":{"0":"post-129280","1":"post","2":"type-post","3":"status-publish","4":"format-standard","5":"has-post-thumbnail","7":"category-overskrifter","8":"tag-breaking-news","9":"tag-breakingnews","10":"tag-featured-news","11":"tag-featurednews","12":"tag-headlines","13":"tag-hovedoppslag","14":"tag-innenriks","15":"tag-latest-news","16":"tag-latestnews","17":"tag-main-news","18":"tag-mainnews","19":"tag-news","20":"tag-no","21":"tag-norge","22":"tag-norway","23":"tag-nyheter","24":"tag-overskrifter","25":"tag-top-stories","26":"tag-topstories"},"share_on_mastodon":{"url":"https:\/\/pubeurope.com\/@no\/115842526989132575","error":""},"_links":{"self":[{"href":"https:\/\/www.europesays.com\/no\/wp-json\/wp\/v2\/posts\/129280","targetHints":{"allow":["GET"]}}],"collection":[{"href":"https:\/\/www.europesays.com\/no\/wp-json\/wp\/v2\/posts"}],"about":[{"href":"https:\/\/www.europesays.com\/no\/wp-json\/wp\/v2\/types\/post"}],"author":[{"embeddable":true,"href":"https:\/\/www.europesays.com\/no\/wp-json\/wp\/v2\/users\/2"}],"replies":[{"embeddable":true,"href":"https:\/\/www.europesays.com\/no\/wp-json\/wp\/v2\/comments?post=129280"}],"version-history":[{"count":0,"href":"https:\/\/www.europesays.com\/no\/wp-json\/wp\/v2\/posts\/129280\/revisions"}],"wp:featuredmedia":[{"embeddable":true,"href":"https:\/\/www.europesays.com\/no\/wp-json\/wp\/v2\/media\/129281"}],"wp:attachment":[{"href":"https:\/\/www.europesays.com\/no\/wp-json\/wp\/v2\/media?parent=129280"}],"wp:term":[{"taxonomy":"category","embeddable":true,"href":"https:\/\/www.europesays.com\/no\/wp-json\/wp\/v2\/categories?post=129280"},{"taxonomy":"post_tag","embeddable":true,"href":"https:\/\/www.europesays.com\/no\/wp-json\/wp\/v2\/tags?post=129280"}],"curies":[{"name":"wp","href":"https:\/\/api.w.org\/{rel}","templated":true}]}}