{"id":129301,"date":"2026-01-05T13:07:17","date_gmt":"2026-01-05T13:07:17","guid":{"rendered":"https:\/\/www.europesays.com\/no\/129301\/"},"modified":"2026-01-05T13:07:17","modified_gmt":"2026-01-05T13:07:17","slug":"tidligere-tv-2-vaerdame-deler-gladnyhet","status":"publish","type":"post","link":"https:\/\/www.europesays.com\/no\/129301\/","title":{"rendered":"Tidligere TV 2-v\u00e6rdame deler gladnyhet"},"content":{"rendered":"<p>I over seks \u00e5r var sunnm\u00f8ringen Kristina Kvistad Hustad (37) en sentral skikkelse p\u00e5 TV 2s flater.<\/p>\n<p>Som v\u00e6ranker p\u00e5 kanalen ble hun et kjent fjes for det norske folk.\u00a0<\/p>\n<p>        <img class=\"image__img lazyload\" itemprop=\"image\" title=\"Foto: Gorm R\u00f8seth \/ TV 2\" alt=\"SLUTTET: TV 2s tidligere v\u00e6rmelder Kristina Kvistad Hustad. Foto: Gorm R\u00f8seth \/ TV 2\" width=\"675\" height=\"453\" bad-src=\"https:\/\/www.europesays.com\/no\/wp-content\/uploads\/2026\/01\/15598054.webp.jpeg\" fetchpriority=\"auto\" \/><\/p>\n<p>      SLUTTET: TV 2s tidligere v\u00e6rmelder Kristina Kvistad Hustad.<br \/>\n         Foto: Gorm R\u00f8seth \/ TV 2<\/p>\n<p>I 2023 var det imidlertid slutt, da hun gikk over i <a href=\"https:\/\/www.tv2.no\/nyheter\/innenriks\/kristina-kvistad-hustad-slutter-i-tv-2\/15598020\/\" target=\"_blank\" rel=\"nofollow noopener\">rollen som kommunikasjonsr\u00e5dgiver.\u00a0<\/a><\/p>\n<p>Kvistad Hustad har siden den gang trukket seg tilbake fra offentligheten, men s\u00f8ndag delte hun med sine nesten 9000 f\u00f8lgere p\u00e5 <a href=\"https:\/\/www.instagram.com\/p\/DTFo_v1COg5\/?hl=nb&amp;img_index=1\" target=\"_blank\" rel=\"nofollow noopener\">Instagram<\/a>\u00a0at hun har forlovet seg.\u00a0<\/p>\n<p>Forelsket p\u00e5 nytt<\/p>\n<p>N\u00e5r TV 2 sl\u00e5r p\u00e5 tr\u00e5den mandag morgen forteller hun at frieriet fant sted i New York.\u00a0<\/p>\n<p>\u2013 Det var veldig fint, resten tenker jeg at jeg vil holde for meg selv, sier hun.<\/p>\n<p>Det tidligere v\u00e6rankeret legger ikke skjul p\u00e5 at frieriet f\u00f8les som om hun har blitt forelsket p\u00e5 nytt.<\/p>\n<p><a href=\"https:\/\/www.tv2.no\/underholdning\/god-kveld-norge\/bekrefter-kjaereste\/11632190\/\" target=\"_blank\" rel=\"nofollow noopener\">I 2020 m\u00f8tte hun sin utk\u00e5rede<\/a>, tidligere fotballspiller Vegard Dokken. Den gang fortalte hun at de m\u00f8ttes gjennom felles venner.<\/p>\n<p>\u2013 Ingen forventning\u00a0<\/p>\n<p>P\u00e5 sp\u00f8rsm\u00e5l om frieriet var forventet, svarer Kvistad Hustad \u00abb\u00e5de ja og nei\u00bb.<\/p>\n<p>\u2013 Men ikke der og da, jeg hadde ingen forventning. S\u00e5 ja, jeg ble veldig overrasket, innr\u00f8mmer hun overfor TV 2.<\/p>\n<p>37-\u00e5ringen forteller at planleggingen ikke er i gang, men hun har imidlertid noen tanker:<\/p>\n<p>\u2013 Som jente er det alltid noen tanker. Men forel\u00f8pig holder jeg kortene tett til brystet.\u00a0<\/p>\n<p><script async src=\"\/\/www.instagram.com\/embed.js\"><\/script><\/p>\n","protected":false},"excerpt":{"rendered":"I over seks \u00e5r var sunnm\u00f8ringen Kristina Kvistad Hustad (37) en sentral skikkelse p\u00e5 TV 2s flater. Som&hellip;\n","protected":false},"author":2,"featured_media":129302,"comment_status":"","ping_status":"","sticky":false,"template":"","format":"standard","meta":{"footnotes":""},"categories":[12],"tags":[20,21,24,25,15,22,23,13,30,28,29,14,16,26,27,42,43,44,45],"class_list":{"0":"post-129301","1":"post","2":"type-post","3":"status-publish","4":"format-standard","5":"has-post-thumbnail","7":"category-verden","8":"tag-breaking-news","9":"tag-breakingnews","10":"tag-featured-news","11":"tag-featurednews","12":"tag-headlines","13":"tag-latest-news","14":"tag-latestnews","15":"tag-news","16":"tag-no","17":"tag-norge","18":"tag-norway","19":"tag-nyheter","20":"tag-overskrifter","21":"tag-top-stories","22":"tag-topstories","23":"tag-verden","24":"tag-world","25":"tag-world-news","26":"tag-worldnews"},"share_on_mastodon":{"url":"https:\/\/pubeurope.com\/@no\/115842648836594027","error":""},"_links":{"self":[{"href":"https:\/\/www.europesays.com\/no\/wp-json\/wp\/v2\/posts\/129301","targetHints":{"allow":["GET"]}}],"collection":[{"href":"https:\/\/www.europesays.com\/no\/wp-json\/wp\/v2\/posts"}],"about":[{"href":"https:\/\/www.europesays.com\/no\/wp-json\/wp\/v2\/types\/post"}],"author":[{"embeddable":true,"href":"https:\/\/www.europesays.com\/no\/wp-json\/wp\/v2\/users\/2"}],"replies":[{"embeddable":true,"href":"https:\/\/www.europesays.com\/no\/wp-json\/wp\/v2\/comments?post=129301"}],"version-history":[{"count":0,"href":"https:\/\/www.europesays.com\/no\/wp-json\/wp\/v2\/posts\/129301\/revisions"}],"wp:featuredmedia":[{"embeddable":true,"href":"https:\/\/www.europesays.com\/no\/wp-json\/wp\/v2\/media\/129302"}],"wp:attachment":[{"href":"https:\/\/www.europesays.com\/no\/wp-json\/wp\/v2\/media?parent=129301"}],"wp:term":[{"taxonomy":"category","embeddable":true,"href":"https:\/\/www.europesays.com\/no\/wp-json\/wp\/v2\/categories?post=129301"},{"taxonomy":"post_tag","embeddable":true,"href":"https:\/\/www.europesays.com\/no\/wp-json\/wp\/v2\/tags?post=129301"}],"curies":[{"name":"wp","href":"https:\/\/api.w.org\/{rel}","templated":true}]}}