{"id":129303,"date":"2026-01-05T13:08:12","date_gmt":"2026-01-05T13:08:12","guid":{"rendered":"https:\/\/www.europesays.com\/no\/129303\/"},"modified":"2026-01-05T13:08:12","modified_gmt":"2026-01-05T13:08:12","slug":"ulykke-salangen-oddvar-73-omkom","status":"publish","type":"post","link":"https:\/\/www.europesays.com\/no\/129303\/","title":{"rendered":"Ulykke, Salangen | Oddvar (73) omkom"},"content":{"rendered":"\n<p>Det var 73 \u00e5r gamle Oddvar Inge Fredriksen, bosatt i Troms\u00f8, som omkom i en ulykke i Salangen i romjula. <\/p>\n<p>Ulykken skjedde ved Navarsvika i L\u00f8ksefjorden mandag 29. desember 2025. <\/p>\n<p>Fredriksen stoppet ved en utforkj\u00f8ring og gikk ut av bilen for \u00e5 hjelpe en annen bilist som hadde kj\u00f8rt i gr\u00f8fta. Under arbeidet p\u00e5 ulykkesstedet gikk det galt.<\/p>\n<p>Politiet har tidligere opplyst at det var sv\u00e6rt glatt p\u00e5 stedet, og hovedhypotesen er at mannens egen bil begynte \u00e5 skli, noe som f\u00f8rte til at han havnet i klem. Brannvesenet fikk frigjort mannen og det ble fors\u00f8kt livreddende f\u00f8rstehjelp, men livet sto ikke til \u00e5 redde.<\/p>\n<p>Politiet skriver mandag at de fortsatt jobber med \u00e5 etterforske detaljene rundt ulykken og at to vitner er avh\u00f8rt. <\/p>\n<p>\u2013 Saken er fortsatt under etterforskning. Det gjenst\u00e5r \u00e5stedsrapport fra kriminaltekniker som var p\u00e5 stedet, samt vitneavh\u00f8r, skriver politiet. <\/p>\n","protected":false},"excerpt":{"rendered":"Det var 73 \u00e5r gamle Oddvar Inge Fredriksen, bosatt i Troms\u00f8, som omkom i en ulykke i Salangen&hellip;\n","protected":false},"author":2,"featured_media":129304,"comment_status":"","ping_status":"","sticky":false,"template":"","format":"standard","meta":{"footnotes":""},"categories":[10],"tags":[36,20,21,24,25,15,22,23,13,30,28,29,14,16,1624,1510,26,27,2409,51],"class_list":{"0":"post-129303","1":"post","2":"type-post","3":"status-publish","4":"format-standard","5":"has-post-thumbnail","7":"category-norge","8":"tag-art","9":"tag-breaking-news","10":"tag-breakingnews","11":"tag-featured-news","12":"tag-featurednews","13":"tag-headlines","14":"tag-latest-news","15":"tag-latestnews","16":"tag-news","17":"tag-no","18":"tag-norge","19":"tag-norway","20":"tag-nyheter","21":"tag-overskrifter","22":"tag-salangen","23":"tag-story","24":"tag-top-stories","25":"tag-topstories","26":"tag-troms","27":"tag-ulykke"},"share_on_mastodon":{"url":"https:\/\/pubeurope.com\/@no\/115842652899281204","error":""},"_links":{"self":[{"href":"https:\/\/www.europesays.com\/no\/wp-json\/wp\/v2\/posts\/129303","targetHints":{"allow":["GET"]}}],"collection":[{"href":"https:\/\/www.europesays.com\/no\/wp-json\/wp\/v2\/posts"}],"about":[{"href":"https:\/\/www.europesays.com\/no\/wp-json\/wp\/v2\/types\/post"}],"author":[{"embeddable":true,"href":"https:\/\/www.europesays.com\/no\/wp-json\/wp\/v2\/users\/2"}],"replies":[{"embeddable":true,"href":"https:\/\/www.europesays.com\/no\/wp-json\/wp\/v2\/comments?post=129303"}],"version-history":[{"count":0,"href":"https:\/\/www.europesays.com\/no\/wp-json\/wp\/v2\/posts\/129303\/revisions"}],"wp:featuredmedia":[{"embeddable":true,"href":"https:\/\/www.europesays.com\/no\/wp-json\/wp\/v2\/media\/129304"}],"wp:attachment":[{"href":"https:\/\/www.europesays.com\/no\/wp-json\/wp\/v2\/media?parent=129303"}],"wp:term":[{"taxonomy":"category","embeddable":true,"href":"https:\/\/www.europesays.com\/no\/wp-json\/wp\/v2\/categories?post=129303"},{"taxonomy":"post_tag","embeddable":true,"href":"https:\/\/www.europesays.com\/no\/wp-json\/wp\/v2\/tags?post=129303"}],"curies":[{"name":"wp","href":"https:\/\/api.w.org\/{rel}","templated":true}]}}