{"id":129313,"date":"2026-01-05T13:16:07","date_gmt":"2026-01-05T13:16:07","guid":{"rendered":"https:\/\/www.europesays.com\/no\/129313\/"},"modified":"2026-01-05T13:16:07","modified_gmt":"2026-01-05T13:16:07","slug":"fotball-valerenga-anders-krystad-er-dod","status":"publish","type":"post","link":"https:\/\/www.europesays.com\/no\/129313\/","title":{"rendered":"Fotball, V\u00e5lerenga | Anders Krystad er d\u00f8d"},"content":{"rendered":"\n<p>Anders Krystad er d\u00f8d 69 \u00e5r gammel.<\/p>\n<p>Det melder <a href=\"https:\/\/www.tv2.no\/sport\/anders-krystad-er-dod\/18432840\/\" rel=\"Follow nofollow noopener\" target=\"_blank\">TV 2<\/a>.<\/p>\n<p><b>Les ogs\u00e5: <a href=\"https:\/\/www.nettavisen.no\/sport\/anders-krystad-har-fatt-lungekreft-jeg-ble-livredd\/s\/5-95-2310035\" rel=\"Follow nofollow noopener\" target=\"_blank\">Fikk beskjeden alle fryktet: \u2013 Jeg ble livredd<\/a><\/b><\/p>\n<p>Krystad har i en \u00e5rrekke v\u00e6rt et midtpunkt i V\u00e5lerengas supportermilj\u00f8 og var sentral i \u00e5 starte opp Klanen. Han har ogs\u00e5 v\u00e6rt daglig leder i V\u00e5lerenga.<\/p>\n<p>V\u00e5lerenga-profilen har v\u00e6rt bosatt i Vietnam i mange \u00e5r. Han har de siste \u00e5rene v\u00e6rt kreftsyk og sovnet inn s\u00f8ndag med sin familie og kona Ngoc ved sin side.<\/p>\n<p>\u00abDet f\u00f8les uvirkelig at pappa ikke lenger er med oss og han etterlater seg et stort tomrom i livene v\u00e5re. Men minnene lever videre\u00bb, skriver datteren Karen \u00d8yan Krystad p\u00e5 Facebook.<\/p>\n<p>I den vietnamesiske byen Hue har han jobbet med barnefotballprosjektet FFAV (Football For All in Vietnam) siden 2001.<\/p>\n<p>I fjor \u00e5pnet han for f\u00f8rste gang opp om lungekreften i et intervju med Nettavisen.<\/p>\n<p>\u2013 Naturligvis ble jeg livredd. Det var akkurat det som tok livet av faren min for 20 \u00e5r siden. Vi skal alle d\u00f8, det vet vi fra den dagen vi blir f\u00f8dt, men \u00e5 f\u00e5 satt dato p\u00e5 d\u00f8dsattesten er dramatisk, forteller Krystad til Nettavisen.<\/p>\n<p>Krystad har v\u00e6rt en viktig figur i V\u00e5lerengas antirasisme-arbeid.<\/p>\n","protected":false},"excerpt":{"rendered":"Anders Krystad er d\u00f8d 69 \u00e5r gammel. Det melder TV 2. Les ogs\u00e5: Fikk beskjeden alle fryktet: \u2013&hellip;\n","protected":false},"author":2,"featured_media":129314,"comment_status":"","ping_status":"","sticky":false,"template":"","format":"standard","meta":{"footnotes":""},"categories":[12],"tags":[20,21,24,25,15,22,23,13,30,28,29,14,16,26,27,42,43,44,45],"class_list":{"0":"post-129313","1":"post","2":"type-post","3":"status-publish","4":"format-standard","5":"has-post-thumbnail","7":"category-verden","8":"tag-breaking-news","9":"tag-breakingnews","10":"tag-featured-news","11":"tag-featurednews","12":"tag-headlines","13":"tag-latest-news","14":"tag-latestnews","15":"tag-news","16":"tag-no","17":"tag-norge","18":"tag-norway","19":"tag-nyheter","20":"tag-overskrifter","21":"tag-top-stories","22":"tag-topstories","23":"tag-verden","24":"tag-world","25":"tag-world-news","26":"tag-worldnews"},"share_on_mastodon":{"url":"https:\/\/pubeurope.com\/@no\/115842684297783250","error":""},"_links":{"self":[{"href":"https:\/\/www.europesays.com\/no\/wp-json\/wp\/v2\/posts\/129313","targetHints":{"allow":["GET"]}}],"collection":[{"href":"https:\/\/www.europesays.com\/no\/wp-json\/wp\/v2\/posts"}],"about":[{"href":"https:\/\/www.europesays.com\/no\/wp-json\/wp\/v2\/types\/post"}],"author":[{"embeddable":true,"href":"https:\/\/www.europesays.com\/no\/wp-json\/wp\/v2\/users\/2"}],"replies":[{"embeddable":true,"href":"https:\/\/www.europesays.com\/no\/wp-json\/wp\/v2\/comments?post=129313"}],"version-history":[{"count":0,"href":"https:\/\/www.europesays.com\/no\/wp-json\/wp\/v2\/posts\/129313\/revisions"}],"wp:featuredmedia":[{"embeddable":true,"href":"https:\/\/www.europesays.com\/no\/wp-json\/wp\/v2\/media\/129314"}],"wp:attachment":[{"href":"https:\/\/www.europesays.com\/no\/wp-json\/wp\/v2\/media?parent=129313"}],"wp:term":[{"taxonomy":"category","embeddable":true,"href":"https:\/\/www.europesays.com\/no\/wp-json\/wp\/v2\/categories?post=129313"},{"taxonomy":"post_tag","embeddable":true,"href":"https:\/\/www.europesays.com\/no\/wp-json\/wp\/v2\/tags?post=129313"}],"curies":[{"name":"wp","href":"https:\/\/api.w.org\/{rel}","templated":true}]}}