{"id":129315,"date":"2026-01-05T13:17:15","date_gmt":"2026-01-05T13:17:15","guid":{"rendered":"https:\/\/www.europesays.com\/no\/129315\/"},"modified":"2026-01-05T13:17:15","modified_gmt":"2026-01-05T13:17:15","slug":"tog-vaer-sprengkulde-i-sverige-gir-god-butikk-i-narvik-fremover","status":"publish","type":"post","link":"https:\/\/www.europesays.com\/no\/129315\/","title":{"rendered":"Tog, V\u00e6r | Sprengkulde i Sverige gir god butikk i Narvik &#8211; Fremover"},"content":{"rendered":"<ol>\n<li><a href=\"https:\/\/news.google.com\/rss\/articles\/CBMijAFBVV95cUxOWTRlVXFRbTk1THJVbXpjWkJZcTBHLUV2blJaLWY1TWxXTWNNNjZETzNjcURIR2NwZW5la21xMHU5VHYwUFVvb0JtNC1HaVlIUjFNT3JsYlU4UTdWaVNWeVVXNDJTREh4Z1JZaG9hcUs1QWZNMTBuSlpqY2g3LW5Zb3VmVlRnNHluUkpYRw?oc=5\" target=\"_blank\" rel=\"nofollow noopener\">Tog, V\u00e6r | Sprengkulde i Sverige gir god butikk i Narvik<\/a>&nbsp;&nbsp;Fremover<\/li>\n<li><a href=\"https:\/\/news.google.com\/rss\/articles\/CBMiiwFBVV95cUxPT2ZvUm1uWWRfNWdVVXlLU29tSlpqcFkwR0Vab3ZfZHI0ZDI0X2s2ejFnSlpQbGF3ZDAzUG14Q3piUlBYMGRjeW15Y1BGUllOVXZuekU4bi1hYndWQk5UZklVM1lHQ0F5cUdoZkZSSjE5eUhLZEljM2k0N3lCakNxQjVva01IclVLNHJF?oc=5\" target=\"_blank\" rel=\"nofollow noopener\">Tog, SJ | Alle tog innstilt \u2013 ingen alternativ transport<\/a>&nbsp;&nbsp;Fremover<\/li>\n<li><a href=\"https:\/\/news.google.com\/rss\/articles\/CBMiekFVX3lxTFB1YTE4QVJubU5sekUzOVlKMzVmdjZBUTVZQXB0U0tJaG92RXVtb1JFOFhLdUtrd29NTDFtQk5TUy03TFdGeDMxXzlYLXBvc1lua01SdkhfTTVKUTlpdjdwaW9NRjYycVpSbmYxVERmS3hxRTVzNlJ1YmdB?oc=5\" target=\"_blank\" rel=\"nofollow noopener\">Innstiller alle passasjertog<\/a>&nbsp;&nbsp;Dagbladet<\/li>\n<li><a href=\"https:\/\/news.google.com\/rss\/articles\/CBMiogFBVV95cUxOazhIcjJpYnhxeFQtSlR6OGdSRXVieXRuS0Z2cEhaT0JuTjRMcG1Pb25IcEZMd2lscXRycmhBRS1iTjNhLThjNTF4MlZFSkczcWdjOFg0WC0wZnRIdFpVNDltb2dORDY5MzJnTFVoSU1Rc1kxZUNZd1huSEVINTdtU0ZPalRaT3R6clBoMGZ5SEV1OHpCOEgyZWxQaF9pSFgyZnc?oc=5\" target=\"_blank\" rel=\"nofollow noopener\">Alle tog mellom Narvik og G\u00e4llivare innstilt p\u00e5 grunn av kulde \u2013 Siste nytt<\/a>&nbsp;&nbsp;NRK<\/li>\n<li><a href=\"https:\/\/news.google.com\/rss\/articles\/CBMioAFBVV95cUxPbXhuN3FfdFJ6ZUpnbVVSLV83SmNWT2szdUZmVzk3R3BpdzhEVURxc1IzdllSWTk0bkNlTlZmeUhPRmR2aGlXTTdJVC1HdlZHTG1ZaFBreVZRSWowRHBiRFpvZlJrMjVpRTlSbzhfamlYRlIycEU0WmJUbGplUkpuQlQxZzk1Z0VoeVZORnd0X2hTcTVtT2lWVy1oTGdXZnNS?oc=5\" target=\"_blank\" rel=\"nofollow noopener\">(+) Ofotbanen \u00e5pner ikke f\u00f8r tidligst s\u00f8ndag kveld<\/a>&nbsp;&nbsp;folkebladet.no<\/li>\n<\/ol>\n","protected":false},"excerpt":{"rendered":"Tog, V\u00e6r | Sprengkulde i Sverige gir god butikk i Narvik&nbsp;&nbsp;Fremover Tog, SJ | Alle tog innstilt \u2013&hellip;\n","protected":false},"author":2,"featured_media":129316,"comment_status":"","ping_status":"","sticky":false,"template":"","format":"standard","meta":{"footnotes":""},"categories":[10],"tags":[20,21,24,25,15,22,23,13,30,28,29,14,16,26,27],"class_list":{"0":"post-129315","1":"post","2":"type-post","3":"status-publish","4":"format-standard","5":"has-post-thumbnail","7":"category-norge","8":"tag-breaking-news","9":"tag-breakingnews","10":"tag-featured-news","11":"tag-featurednews","12":"tag-headlines","13":"tag-latest-news","14":"tag-latestnews","15":"tag-news","16":"tag-no","17":"tag-norge","18":"tag-norway","19":"tag-nyheter","20":"tag-overskrifter","21":"tag-top-stories","22":"tag-topstories"},"share_on_mastodon":{"url":"https:\/\/pubeurope.com\/@no\/115842688211789671","error":""},"_links":{"self":[{"href":"https:\/\/www.europesays.com\/no\/wp-json\/wp\/v2\/posts\/129315","targetHints":{"allow":["GET"]}}],"collection":[{"href":"https:\/\/www.europesays.com\/no\/wp-json\/wp\/v2\/posts"}],"about":[{"href":"https:\/\/www.europesays.com\/no\/wp-json\/wp\/v2\/types\/post"}],"author":[{"embeddable":true,"href":"https:\/\/www.europesays.com\/no\/wp-json\/wp\/v2\/users\/2"}],"replies":[{"embeddable":true,"href":"https:\/\/www.europesays.com\/no\/wp-json\/wp\/v2\/comments?post=129315"}],"version-history":[{"count":0,"href":"https:\/\/www.europesays.com\/no\/wp-json\/wp\/v2\/posts\/129315\/revisions"}],"wp:featuredmedia":[{"embeddable":true,"href":"https:\/\/www.europesays.com\/no\/wp-json\/wp\/v2\/media\/129316"}],"wp:attachment":[{"href":"https:\/\/www.europesays.com\/no\/wp-json\/wp\/v2\/media?parent=129315"}],"wp:term":[{"taxonomy":"category","embeddable":true,"href":"https:\/\/www.europesays.com\/no\/wp-json\/wp\/v2\/categories?post=129315"},{"taxonomy":"post_tag","embeddable":true,"href":"https:\/\/www.europesays.com\/no\/wp-json\/wp\/v2\/tags?post=129315"}],"curies":[{"name":"wp","href":"https:\/\/api.w.org\/{rel}","templated":true}]}}