{"id":129319,"date":"2026-01-05T13:19:39","date_gmt":"2026-01-05T13:19:39","guid":{"rendered":"https:\/\/www.europesays.com\/no\/129319\/"},"modified":"2026-01-05T13:19:39","modified_gmt":"2026-01-05T13:19:39","slug":"det-hjelper-ikke-a-vaeregod-pa-ski-hvis-du-er-endouchebag","status":"publish","type":"post","link":"https:\/\/www.europesays.com\/no\/129319\/","title":{"rendered":"\u2013 Det hjelper ikke \u00e5 v\u00e6re\ngod p\u00e5 ski hvis du er en\n\u00abdouchebag\u00bb"},"content":{"rendered":"<p>Det er en skikkelig fin og frisk h\u00f8stdag p\u00e5 By\u00e5sen i Trondheim. Himmelen er overraskende klar og bl\u00e5 til h\u00f8st i Trondheim \u00e5\u00a0v\u00e6re, og bladene er blitt gule og oransje. Sikkert en perfekt dag for en l\u00f8petur i marka, tenker jeg, idet taxien setter oss av i oppkj\u00f8rselen til barndomshjemmet til Johannes H\u00f8sflot Kl\u00e6bo. <\/p>\n<p>Hovedpersonen selv er, ikke overraskende, ute og tar dagens f\u00f8rste \u00f8kt, men mamma Elisabeth har satt p\u00e5 kaffe, og \u00f8nsker oss velkommen inn. Hun lager lunsj til Johannes samtidig som hun serverer rykende varm kaffe i store krus, og snakker med svigerdatteren Pernille i telefonen, som forteller at hun er fem minutter unna, men m\u00e5 l\u00e5ne badet til \u00e5 sminke seg litt n\u00e5r hun kommer ned. <\/p>\n<p>Anledningen til bes\u00f8ket p\u00e5 By\u00e5sen, der det tross alt ikke er ofte at pressen blir invitert helt inn, er filmen \u00abKl\u00e6bo\u00bb, som hadde premiere 14. november. Johannes lot seg nemlig f\u00f8lge av kameraer i et halvt \u00e5r under oppladningen til VM p\u00e5 hjemmebane i\u00a0februar i \u00e5r, og regien, den er det lillebror Ola som har.<\/p>\n<p>        <img loading=\"lazy\" decoding=\"async\" src=\"https:\/\/www.europesays.com\/no\/wp-content\/uploads\/2026\/01\/84009274.webp.webp\" width=\"686\" height=\"1098\" title=\"I sommer gikk Johannes&#10;ned p\u00e5 kne og fridde til&#10;Pernille. Men n\u00e5r bryllupet skal st\u00e5, har de enn\u00e5&#10;ikke planlagt. FOTO: Tor Kvello\" alt=\"\" class=\"\" style=\"--aspect-ratio-image: 0.62; \"\/><\/p>\n<p>\n        I sommer gikk Johannes<br \/>\nned p\u00e5 kne og fridde til<br \/>\nPernille. Men n\u00e5r bryllupet skal st\u00e5, har de enn\u00e5<br \/>\nikke planlagt. FOTO: Tor Kvello\n    <\/p>\n<p>    <a itemprop=\"url\" href=\"https:\/\/www.kk.no\/underholdning\/jeg-var-sa-redd-for-at-de-skulle-bli-sinte-pa-meg\/83997867\" rel=\"nofollow noopener\" target=\"_blank\"><\/p>\n<p>        <img loading=\"lazy\" decoding=\"async\" src=\"https:\/\/www.europesays.com\/no\/wp-content\/uploads\/2026\/01\/83998530.webp.webp\" width=\"980\" height=\"441\" title=\"- Jeg var s\u00e5 redd for at de skulle bli sinte p\u00e5 meg\" alt=\"\" class=\"lazyload\" style=\"--aspect-ratio-image: 2.22; \"\/><\/p>\n<p>        &#8211; Jeg var s\u00e5 redd for at de skulle bli sinte p\u00e5 meg<\/p>\n<p>    <\/a><\/p>\n<p>S\u00e5 n\u00e5 sitter vi alts\u00e5 ved spisebordet og venter p\u00e5 at verdens st\u00f8rste skistjerne skal tr\u00e5kke over den samme d\u00f8rstokken han gjorde i hele oppveksten. Stua er lys og hyggelig, og hele atmosf\u00e6ren vitner om en familie som har mange baller i lufta, er tett p\u00e5 hverandre og der latteren aldri er langt unna. <\/p>\n<p>Samboer Pernille, som faktisk bare var fem minutter unna, sitter henslengt ved stuebordet, og p\u00e5 kj\u00f8kkenet st\u00e5r ogs\u00e5 morfar K\u00e5re og drikker kaffe. Det blir veldig tydelig at Johannes er omgitt av gode folk som bidrar og f\u00e5r hverdagen til \u00e5 henge sammen.<\/p>\n<p>Elisabeth H\u00f8sflot Kl\u00e6bo har alltid v\u00e6rt tett p\u00e5 ungene sine, og med to s\u00f8nner, Johannes og Ola, og en datter, Ane, har det uten tvil v\u00e6rt en aktiv hverdag. Johannes har hun fulgt fra de f\u00f8rste turene p\u00e5 ski i barndommen, gjennom ungdoms\u00e5rene og hele veien til verdenseliten. <\/p>\n<p>Der mange andre ser en idrettsstjerne, ser hun utvilsomt fortsatt gutten som var nysgjerrig, m\u00e5lbevisst og full av energi. Og denne h\u00f8sten skal hun ogs\u00e5 f\u00e5 lene seg tilbake i de r\u00f8de stolene p\u00e5 \u00e6rverdige Colosseum kino og se filmen om Johannes, laget av broren Ola. Og klippene fra barndommen, de er det Elisabeth som har lett frem fra gamle VHS-kassetter. <\/p>\n<p>Da vi er p\u00e5 bes\u00f8k, har filmen enn\u00e5 ikke hatt premiere \u2013 Ola sitter i klipperommet og f\u00e5r de siste detaljene p\u00e5 plass, og Elisabeth gru-gleder seg: <\/p>\n<p class=\"font-weight-bold m-font-weight-bold\" data-lab-font_weight=\"font-weight-bold\">\u2013 Jeg har stilt som krav at vi i den aller n\u00e6rmeste familien m\u00e5 f\u00e5 se filmen alene f\u00f8rst, for jeg er ganske sikker p\u00e5 at det kommer noen t\u00e5rer. Ikke fordi det er trist, VM endte tross alt med seks gull, men fordi det helt sikkert blir veldig r\u00f8rende og litt sterkt \u00e5 f\u00e5 det s\u00e5 tett p\u00e5.<\/p>\n<p>        <img loading=\"lazy\" decoding=\"async\" src=\"https:\/\/www.europesays.com\/no\/wp-content\/uploads\/2026\/01\/84009275.webp.webp\" width=\"686\" height=\"460\" title=\"\u2013 Mamma er limet&#10;i familien sammen&#10;med pappa, som&#10;jeg jo ogs\u00e5 jobber&#10;med, og Pernille er&#10;limet hjemme \u2013 den&#10;som f\u00e5r hverdagen&#10;til \u00e5 henge sammen,&#10;sier Johannes. FOTO: Tor Kvello\" alt=\"\" class=\"\" style=\"--aspect-ratio-image: 1.49; \"\/><\/p>\n<p>\n        \u2013 Mamma er limet<br \/>\ni familien sammen<br \/>\nmed pappa, som<br \/>\njeg jo ogs\u00e5 jobber<br \/>\nmed, og Pernille er<br \/>\nlimet hjemme \u2013 den<br \/>\nsom f\u00e5r hverdagen<br \/>\ntil \u00e5 henge sammen,<br \/>\nsier Johannes. FOTO: Tor Kvello\n    <\/p>\n<p>I intervjuer har Elisabeth fortalt om viktigheten av \u00e5 ha beina p\u00e5 jorda, uansett hvor h\u00f8yt s\u00f8nnen flyr. Hun minner ham p\u00e5 \u00e5 v\u00e6re takknemlig, \u00e5 ta vare p\u00e5 seg selv \u2013 og \u00e5 huske at livet er st\u00f8rre enn langrenn:<\/p>\n<p> \u2013 Det hjelper ikke \u00e5 v\u00e6re god p\u00e5 ski hvis du er en \u00abdouchebag\u00bb, ler hun mens hun viser oss det utend\u00f8rs \u00abtreningsrommet\u00bb med rulleskim\u00f8lle som Johannes og morfar K\u00e5re lagde som p\u00e5bygg til huset en langhelg de var alene hjemme. Riktignok har den f\u00e5tt noen estetiske oppgraderinger siden den gang, men dedikasjonen har det aldri v\u00e6rt tvil om.<\/p>\n<p>Og s\u00e5 st\u00e5r han i gangen. Ferdig trent og s\u00e5 langt unna \u00abdouchebag\u00bb som det g\u00e5r an \u00e5\u00a0komme. Dagens f\u00f8rste trenings\u00f8kt er unnagjort, men timeplanen er tett. Det er tross alt OL om noen sm\u00e5 m\u00e5neder. Og vi f\u00e5r snart merke at han spiser og lar seg intervjue med samme effektivitet som han g\u00e5r p\u00e5 ski. Her er det rutiner i fokus, ikke utenomsnakk. <\/p>\n<p class=\"font-weight-bold m-font-weight-bold\" data-lab-font_weight=\"font-weight-bold\">Mens mamma passer p\u00e5 at han f\u00e5r i seg mat, g\u00e5r skravla rundt bordet, men da han blir spurt om han vil spise i fred, svarer han tydelig at han gjerne tar intervjuet mens han spiser. S\u00e5 mens pastaen effektivt g\u00e5r ned p\u00e5 h\u00f8ykant, snakker vi om kvinnene i hans liv og hvor viktige de er.<\/p>\n<p class=\"font-weight-bold m-font-weight-bold\" data-lab-font_weight=\"font-weight-bold\">\u2013 De er p\u00e5 mange m\u00e5ter limet, forteller Johannes. <\/p>\n<p>\u2013 Mamma er limet i familien sammen med pappa, som jeg jo ogs\u00e5 jobber med, og Pernille er limet hjemme \u2013 den som f\u00e5r hverdagen til \u00e5 henge sammen, som vet alt som skal gj\u00f8res og alt som burde v\u00e6rt gjort.<\/p>\n<p>\u2013 Og hvordan synes du det g\u00e5r? skyter Pernille sp\u00f8kefullt inn fra siden. <\/p>\n<p>Johannes ler litt. <\/p>\n<p>\u2013 Jeg synes det g\u00e5r veldig, veldig bra!<\/p>\n<p class=\"font-weight-bold m-font-weight-bold\" data-lab-font_weight=\"font-weight-bold\">Med 250 reised\u00f8gn i \u00e5ret sier det seg selv at det blir mye kontakt per telefon, og hva er det Johannes ringer mamma oftest om?<\/p>\n<p class=\"font-weight-bold m-font-weight-bold\" data-lab-font_weight=\"font-weight-bold\">\u2013 \u00d8konomi. Min egen. Det ringer jeg ofte om, forteller han. <\/p>\n<p>\u2013 Hun sitter tross alt som sjef i selskapene mine. Men jeg ringer mamma mye, alts\u00e5! Jeg ringer heller en gang for mye enn en gang for lite. I perioder snakker vi mange ganger om dagen, for jeg er s\u00e5 d\u00e5rlig p\u00e5 \u00e5 skrive melding. Det orker jeg ikke. Og hvis jeg f\u00e5r en melding, svarer jeg aldri med sms. Det verste jeg vet, er s\u00e5nne korte tekstmeldingsvar. \u00c5 svare bare \u00abok\u00bb synes jeg er skikkelig d\u00e5rlig gjort, konstaterer han.<\/p>\n<p>\u2013 Han blir faktisk ordentlig sur, ler Elisabeth.<\/p>\n<p>\u2013 Det er sant, kontrer Johannes kjapt. <\/p>\n<p>\u2013 Et \u00abok\u00bb kan \u00f8delegge dagen for meg.<\/p>\n<p>    <a itemprop=\"url\" href=\"https:\/\/www.kk.no\/livet\/roper-planer-sander-har-bestilt-det\/83987103\" rel=\"nofollow noopener\" target=\"_blank\"><\/p>\n<p>        <img loading=\"lazy\" decoding=\"async\" src=\"https:\/\/www.europesays.com\/no\/wp-content\/uploads\/2026\/01\/1767619176_521_83862155.webp.webp\" width=\"980\" height=\"441\" title=\"R\u00f8per planer: - Sander har bestilt det\" alt=\"\" class=\"lazyload\" style=\"--aspect-ratio-image: 2.22; \"\/><\/p>\n<p>        R\u00f8per planer: &#8211; Sander har bestilt det<\/p>\n<p>    <\/a><\/p>\n<p>        <img loading=\"lazy\" decoding=\"async\" src=\"https:\/\/www.europesays.com\/no\/wp-content\/uploads\/2026\/01\/84009278.webp.webp\" width=\"686\" height=\"1029\" title=\"Hele familien er viktig&#10;for Johannes og hans&#10;skikarriere, og det&#10;innbefatter ikke minst&#10;morfar K\u00e5re. FOTO: Tor Kvello\" alt=\"\" class=\"\" style=\"--aspect-ratio-image: 0.67; \"\/><\/p>\n<p>\n        Hele familien er viktig<br \/>\nfor Johannes og hans<br \/>\nskikarriere, og det<br \/>\ninnbefatter ikke minst<br \/>\nmorfar K\u00e5re. FOTO: Tor Kvello\n    <\/p>\n<p>Pernille D\u00f8svik er kj\u00e6resten, n\u00e5 forloveden (det er vanskelig ikke \u00e5 legge merke til diamanten som glitrer p\u00e5 fingeren hennes), Johannes har delt livet med gjennom mange viktige \u00e5r, og som garantert aldri svarer p\u00e5 meldinger med \u00abok\u00bb. <\/p>\n<p>I dokumentarfilmen om ham f\u00e5r vi sm\u00e5 glimt av hvordan hun\u00a0balanserer den hektiske hverdagen med humor, ro og \u00e6rlighet. Hun beskriver forholdet deres med en enkelhet som bare f\u00f8les ekte: <\/p>\n<p>\u2013 Jeg vil bare at vi skal ha det bra, sier hun med et smil. <\/p>\n<p>\u2013 Vi er n\u00f8dt til \u00e5 sp\u00f8rre om hun ikke hadde noen reservasjoner om at svogeren skulle f\u00f8lge livet deres med kamera i m\u00e5nedsvis, men hun forteller at hun likte prosjektet fra starten: <\/p>\n<p>\u2013 Det er jo f\u00f8rst og fremst en film om Johannes, og jeg er jo selvsagt med her og der, men jeg opplevde det bare som ekstra trygt at det var Ola bak kameraet.<\/p>\n<p>Pernille er \u00e6rlig om at hun ikke har alt planlagt, og at det f\u00f8les godt \u00e5 v\u00e6re i en fase av livet der man kan ta ting som de kommer. Etter fem \u00e5r med studier har hun valgt et fri\u00e5r for \u00e5\u00a0kjenne etter hva som faktisk f\u00f8les riktig.<\/p>\n<p>\u2013 N\u00e5r det skjer store ting i livet, som bryllup eller barn etter hvert, s\u00e5 blir det sikkert veldig stort. Jeg kommer ikke til \u00e5 bli en \u00abbridezilla\u00bb, det er jeg helt sikker p\u00e5! Vi har ikke engang satt en dato! Tror knapt noen av oss har googlet \u00abbryllup\u00bb. Men at vi kommer til \u00e5 ha en bra fest n\u00e5r den tid kommer, det bare vet jeg! Vi kan \u00e5\u00a0lage fest! Vi har \u00f8vd oss litt ved for eksempel \u00e5\u00a0arrangere \u00e5rlige 17. mai-frokoster for vennene v\u00e5re, og vi liker begge \u00e5 samle dem vi er glad i\u00a0rundt oss. <\/p>\n<p>\u2013 Pernille er god til \u00e5 lage fest, skyter Johannes inn. <\/p>\n<p>\u2013 Jeg er av typen som synes det er greit \u00e5\u00a0gj\u00f8re ting litt enkelt, og kan finne p\u00e5 \u00e5\u00a0foresl\u00e5 papptallerkener, men da bare ser hun\u00a0dumt p\u00e5 meg, forteller han.<\/p>\n<p>\u2013 Du kan heller f\u00e5 betale, du, kontrer Pernille lattermildt. <\/p>\n<p>\u2013 For papptallerkener skal vi ikke ha! Du kan\u00a0heller f\u00e5 v\u00e6re sponsor for ditt eget sosiale liv.<\/p>\n<p>Men det er liten tvil om at s\u00e5 lenge Johannes er idrettsut\u00f8ver, m\u00e5 mye g\u00e5 p\u00e5 hans premisser. Men hva med den dagen han legger skiene p\u00e5 hylla? Er det da Pernille som skal f\u00e5 bestemme alt?<\/p>\n<p>\u2013 Det trenger jeg ikke, svarer Pernille raskt. <\/p>\n<p>\u2013 Det viktigste for meg er at vi har det bra!<\/p>\n<p>Johannes, som p\u00e5 alle m\u00e5ter virker \u00e5 v\u00e6re en fyr som har det bra, har allerede reist seg og pakket den bl\u00e5 bagen fra Christian Dior (det eneste synlige beviset p\u00e5 at vi faktisk har med en verdensstjerne \u00e5 gj\u00f8re). Trondheimsv\u00e6ret viser sitt sanne ansikt, og m\u00f8rke skyer og regn har tatt over for det klare bl\u00e5 vi kom i bare en time tidligere. <\/p>\n<p>Men uansett v\u00e6r er verdens beste skil\u00f8per snart klart for dagens andre trenings\u00f8kt. Han lever jo tross alt med et enormt forventningspress om OL-gull fra en hel nasjon. Da et det godt \u00e5 ha to damer som holder alt i\u00a0vater.<\/p>\n","protected":false},"excerpt":{"rendered":"Det er en skikkelig fin og frisk h\u00f8stdag p\u00e5 By\u00e5sen i Trondheim. Himmelen er overraskende klar og bl\u00e5&hellip;\n","protected":false},"author":2,"featured_media":129320,"comment_status":"","ping_status":"","sticky":false,"template":"","format":"standard","meta":{"footnotes":""},"categories":[59],"tags":[711,398,4016,30,28,29,15053,83,82],"class_list":{"0":"post-129319","1":"post","2":"type-post","3":"status-publish","4":"format-standard","5":"has-post-thumbnail","7":"category-sport","8":"tag-johannes-hosflot-klaebo","9":"tag-langrenn","10":"tag-livet","11":"tag-no","12":"tag-norge","13":"tag-norway","14":"tag-skiloper","15":"tag-sport","16":"tag-sports"},"share_on_mastodon":{"url":"https:\/\/pubeurope.com\/@no\/115842696125148969","error":""},"_links":{"self":[{"href":"https:\/\/www.europesays.com\/no\/wp-json\/wp\/v2\/posts\/129319","targetHints":{"allow":["GET"]}}],"collection":[{"href":"https:\/\/www.europesays.com\/no\/wp-json\/wp\/v2\/posts"}],"about":[{"href":"https:\/\/www.europesays.com\/no\/wp-json\/wp\/v2\/types\/post"}],"author":[{"embeddable":true,"href":"https:\/\/www.europesays.com\/no\/wp-json\/wp\/v2\/users\/2"}],"replies":[{"embeddable":true,"href":"https:\/\/www.europesays.com\/no\/wp-json\/wp\/v2\/comments?post=129319"}],"version-history":[{"count":0,"href":"https:\/\/www.europesays.com\/no\/wp-json\/wp\/v2\/posts\/129319\/revisions"}],"wp:featuredmedia":[{"embeddable":true,"href":"https:\/\/www.europesays.com\/no\/wp-json\/wp\/v2\/media\/129320"}],"wp:attachment":[{"href":"https:\/\/www.europesays.com\/no\/wp-json\/wp\/v2\/media?parent=129319"}],"wp:term":[{"taxonomy":"category","embeddable":true,"href":"https:\/\/www.europesays.com\/no\/wp-json\/wp\/v2\/categories?post=129319"},{"taxonomy":"post_tag","embeddable":true,"href":"https:\/\/www.europesays.com\/no\/wp-json\/wp\/v2\/tags?post=129319"}],"curies":[{"name":"wp","href":"https:\/\/api.w.org\/{rel}","templated":true}]}}