{"id":129325,"date":"2026-01-05T13:24:03","date_gmt":"2026-01-05T13:24:03","guid":{"rendered":"https:\/\/www.europesays.com\/no\/129325\/"},"modified":"2026-01-05T13:24:03","modified_gmt":"2026-01-05T13:24:03","slug":"nicolas-maduro-har-ankommet-retten","status":"publish","type":"post","link":"https:\/\/www.europesays.com\/no\/129325\/","title":{"rendered":"Nicol\u00e1s Maduro har ankommet retten"},"content":{"rendered":"<p>  Venezuelas avsatte president har ankommet rettslokalet i New York der han og kona skal m\u00f8te foran en f\u00f8deral dommer &#8211; anklaget for narkoterrorisme.<\/p>\n<p>\n    ANKOMMER MANHATTAN: Nicol\u00e1s Maduro ankom landingsplassen p\u00e5 Manhattan tungt bevoktet og med stripsede hender. Foto: Eduardo Munoz \/ Reuters \/ NTB\n  <\/p>\n<p>MANHATTAN\/OSLO (Dagbladet): Reuters melder klokka 13.41 at Nicol\u00e1s Maduro har ankommet rettslokalet p\u00e5 Manhattan, der han og kona formelt skal bli forkynt tiltalen mot dem.\u00a0<\/p>\n<p>Kort tid f\u00f8r meldte flere medier at en kortesje hadde forlatt Metropolitan Detention Center i Brooklyn, der han har sittet i varetekt, med ham om bord. Bilder viser ham bli geleidet ut av en bil og inn i en annen, f\u00f8r han ble fraktet videre med helikopter.<\/p>\n<p> Maduro\u00a0og hans kone, Cilia Flores, ble tatt til fange av amerikanske styrker i Venezuela natt til l\u00f8rdag og brakt til New York for bli stilt for retten for anklager om \u00abnarkoterrorisme\u00bb knyttet til p\u00e5st\u00e5tt smugling av flere tonn kokain til USA.\u00a0<\/p>\n<p>        <img loading=\"lazy\" decoding=\"async\" src=\"https:\/\/www.europesays.com\/no\/wp-content\/uploads\/2026\/01\/84057592.webp.webp\" width=\"980\" height=\"559\" title=\"P\u00c5 VEI TIL RETTEN: If\u00f8lge amerikanske medier er personen i beige drakt p\u00e5 bildet Nicol\u00e1s Maduro, som p\u00e5 vei til retten i New York. Foto: WABC via Reuters \/ NTB\" alt=\"\" class=\"\" style=\"--aspect-ratio-image: 1.75; \"\/><\/p>\n<p>\n        P\u00c5 VEI TIL RETTEN: If\u00f8lge amerikanske medier er personen i beige drakt p\u00e5 bildet Nicol\u00e1s Maduro, som p\u00e5 vei til retten i New York. Foto: WABC via Reuters \/ NTB\n    <\/p>\n<p>I rettspapirene anklages Maduro for \u00e5 ha ledet en \u00abkorrupt, illegitim regjering\u00bb, som ble finansiert av smugling av narkotika som oversv\u00f8mmet USA med tusenvis av tonn kokain.\u00a0<\/p>\n<p class=\"font-weight-bold m-font-weight-bold\" data-lab-font_weight=\"font-weight-bold\">Tiltalen har fire punkter:<\/p>\n<ul>\n<li>Narkoterrorisme<\/li>\n<li>Kokainsmugling<\/li>\n<li>Ulovlig besittelse av d\u00f8delige v\u00e5pen<\/li>\n<li>Sammensvergelse for \u00e5 ta slike v\u00e5pen i besittelse<\/li>\n<\/ul>\n<p>Anklagene er de samme som den dav\u00e6rende presidenten ble tiltalt for i en f\u00f8deral domstol i 2020.<\/p>\n<p>I den nye tiltalen er ogs\u00e5 kona inkludert. Hun anklages for \u00e5 ha beordret bortf\u00f8ringer og drap, for \u00e5 ha tatt imot bestikkelser og for \u00e5 ha organisert et m\u00f8te mellom narkotikasmuglere og direkt\u00f8ren for Venezuelas nasjonale anti-narkotikamyndighet.<\/p>\n<p>        En kortesje med den avsatte presidenten i Venezuela, Nicol\u00e1s Maduro, ble sett forlate Metropolitan Detention Center i Brooklyn f\u00f8r han skal m\u00f8te i en rettssal i New York City. Video: Reuters. <\/p>\n<p> Rettsm\u00f8tet avholdes klokka 12 lokal tid &#8211; klokka 18 norsk tid, og skal ledes av distriktsdommeren Alvin Hellerstein (92).<\/p>\n<p>Dommeren har bred erfaring med saker som gjelder terror og nasjonal sikkerhet &#8211; deriblant flere saker i kj\u00f8lvannet av terrorangrepet mot USA 11. september 2001. I nyere tid er han kjent for \u00e5 ha avsl\u00e5tt Trumps fors\u00f8k p\u00e5 \u00e5 flytte hysjpenge-saken til en f\u00f8deral domstol.<\/p>\n<p> USA har i \u00e5revis pekt p\u00e5 Venezuela som et viktig transittpunkt for smugling av narkotika i Latin-Amerika og en base for kriminelle gjenger, terrorgrupper og narkosmuglende oppr\u00f8rere. I tiltalen anklages\u00a0 for samarbeid med \u00abnoen av de mest voldelige smuglingsoperasjonene i verden\u00bb, som Sinaloa-kartellet og Tren de Aragua.<\/p>\n<p>En amerikansk etterretningsrapport fra april i fjor, som er bygget p\u00e5 funn fra 18 amerikanske etterretningsorganisasjoner, har imidlertid ikke funnet noen tegn p\u00e5 samordning mellom myndighetene i Venezuela og Tren de Aragua. <\/p>\n<p class=\"italic m-italic\" data-lab-italic=\"italic\">Saken oppdateres!<\/p>\n","protected":false},"excerpt":{"rendered":"Venezuelas avsatte president har ankommet rettslokalet i New York der han og kona skal m\u00f8te foran en f\u00f8deral&hellip;\n","protected":false},"author":2,"featured_media":129326,"comment_status":"","ping_status":"","sticky":false,"template":"","format":"standard","meta":{"footnotes":""},"categories":[12],"tags":[20,21,24,25,15,22,23,13,4037,30,28,29,14,16,26,27,50,412,95,42,43,44,45],"class_list":{"0":"post-129325","1":"post","2":"type-post","3":"status-publish","4":"format-standard","5":"has-post-thumbnail","7":"category-verden","8":"tag-breaking-news","9":"tag-breakingnews","10":"tag-featured-news","11":"tag-featurednews","12":"tag-headlines","13":"tag-latest-news","14":"tag-latestnews","15":"tag-news","16":"tag-nicolas-maduro","17":"tag-no","18":"tag-norge","19":"tag-norway","20":"tag-nyheter","21":"tag-overskrifter","22":"tag-top-stories","23":"tag-topstories","24":"tag-usa","25":"tag-utenriks","26":"tag-venezuela","27":"tag-verden","28":"tag-world","29":"tag-world-news","30":"tag-worldnews"},"share_on_mastodon":{"url":"https:\/\/pubeurope.com\/@no\/115842715833498853","error":""},"_links":{"self":[{"href":"https:\/\/www.europesays.com\/no\/wp-json\/wp\/v2\/posts\/129325","targetHints":{"allow":["GET"]}}],"collection":[{"href":"https:\/\/www.europesays.com\/no\/wp-json\/wp\/v2\/posts"}],"about":[{"href":"https:\/\/www.europesays.com\/no\/wp-json\/wp\/v2\/types\/post"}],"author":[{"embeddable":true,"href":"https:\/\/www.europesays.com\/no\/wp-json\/wp\/v2\/users\/2"}],"replies":[{"embeddable":true,"href":"https:\/\/www.europesays.com\/no\/wp-json\/wp\/v2\/comments?post=129325"}],"version-history":[{"count":0,"href":"https:\/\/www.europesays.com\/no\/wp-json\/wp\/v2\/posts\/129325\/revisions"}],"wp:featuredmedia":[{"embeddable":true,"href":"https:\/\/www.europesays.com\/no\/wp-json\/wp\/v2\/media\/129326"}],"wp:attachment":[{"href":"https:\/\/www.europesays.com\/no\/wp-json\/wp\/v2\/media?parent=129325"}],"wp:term":[{"taxonomy":"category","embeddable":true,"href":"https:\/\/www.europesays.com\/no\/wp-json\/wp\/v2\/categories?post=129325"},{"taxonomy":"post_tag","embeddable":true,"href":"https:\/\/www.europesays.com\/no\/wp-json\/wp\/v2\/tags?post=129325"}],"curies":[{"name":"wp","href":"https:\/\/api.w.org\/{rel}","templated":true}]}}