{"id":129327,"date":"2026-01-05T13:25:07","date_gmt":"2026-01-05T13:25:07","guid":{"rendered":"https:\/\/www.europesays.com\/no\/129327\/"},"modified":"2026-01-05T13:25:07","modified_gmt":"2026-01-05T13:25:07","slug":"gratangen-asylmottak-pagrepet-etter-trusler-pa-asylmottak","status":"publish","type":"post","link":"https:\/\/www.europesays.com\/no\/129327\/","title":{"rendered":"Gratangen, Asylmottak | P\u00e5grepet etter trusler p\u00e5 asylmottak"},"content":{"rendered":"\n<p>Politiet rykket mandag ut til Gratangen asylmottak etter melding om at en beboer p\u00e5 stedet utagerte. \u00c5rsaken til dette er if\u00f8lge politiet at at en beboer \u00f8nsker \u00e5 bytte mottak. <\/p>\n<p>\u2013 Han har utagert for \u00e5 f\u00e5 fart p\u00e5 denne avgj\u00f8relsen. Politiet sender utlendingsavdelingen til Gratangen for \u00e5 fors\u00f8ke \u00e5 gi beboer noen svar i forbindelse med hans \u00f8nske, melder politiet. <\/p>\n<p>Det ble fremsatt trusler mot en ansatt p\u00e5 mottaket. Han ble til slutt besluttet p\u00e5grepet. <\/p>\n","protected":false},"excerpt":{"rendered":"Politiet rykket mandag ut til Gratangen asylmottak etter melding om at en beboer p\u00e5 stedet utagerte. \u00c5rsaken til&hellip;\n","protected":false},"author":2,"featured_media":2176,"comment_status":"","ping_status":"","sticky":false,"template":"","format":"standard","meta":{"footnotes":""},"categories":[10],"tags":[36,8825,20,21,24,25,9052,15,22,23,13,30,28,29,14,16,254,1510,26,27],"class_list":{"0":"post-129327","1":"post","2":"type-post","3":"status-publish","4":"format-standard","5":"has-post-thumbnail","7":"category-norge","8":"tag-art","9":"tag-asylmottak","10":"tag-breaking-news","11":"tag-breakingnews","12":"tag-featured-news","13":"tag-featurednews","14":"tag-gratangen","15":"tag-headlines","16":"tag-latest-news","17":"tag-latestnews","18":"tag-news","19":"tag-no","20":"tag-norge","21":"tag-norway","22":"tag-nyheter","23":"tag-overskrifter","24":"tag-politi","25":"tag-story","26":"tag-top-stories","27":"tag-topstories"},"share_on_mastodon":{"url":"https:\/\/pubeurope.com\/@no\/115842719664856534","error":""},"_links":{"self":[{"href":"https:\/\/www.europesays.com\/no\/wp-json\/wp\/v2\/posts\/129327","targetHints":{"allow":["GET"]}}],"collection":[{"href":"https:\/\/www.europesays.com\/no\/wp-json\/wp\/v2\/posts"}],"about":[{"href":"https:\/\/www.europesays.com\/no\/wp-json\/wp\/v2\/types\/post"}],"author":[{"embeddable":true,"href":"https:\/\/www.europesays.com\/no\/wp-json\/wp\/v2\/users\/2"}],"replies":[{"embeddable":true,"href":"https:\/\/www.europesays.com\/no\/wp-json\/wp\/v2\/comments?post=129327"}],"version-history":[{"count":0,"href":"https:\/\/www.europesays.com\/no\/wp-json\/wp\/v2\/posts\/129327\/revisions"}],"wp:featuredmedia":[{"embeddable":true,"href":"https:\/\/www.europesays.com\/no\/wp-json\/wp\/v2\/media\/2176"}],"wp:attachment":[{"href":"https:\/\/www.europesays.com\/no\/wp-json\/wp\/v2\/media?parent=129327"}],"wp:term":[{"taxonomy":"category","embeddable":true,"href":"https:\/\/www.europesays.com\/no\/wp-json\/wp\/v2\/categories?post=129327"},{"taxonomy":"post_tag","embeddable":true,"href":"https:\/\/www.europesays.com\/no\/wp-json\/wp\/v2\/tags?post=129327"}],"curies":[{"name":"wp","href":"https:\/\/api.w.org\/{rel}","templated":true}]}}