{"id":129328,"date":"2026-01-05T13:26:19","date_gmt":"2026-01-05T13:26:19","guid":{"rendered":"https:\/\/www.europesays.com\/no\/129328\/"},"modified":"2026-01-05T13:26:19","modified_gmt":"2026-01-05T13:26:19","slug":"vi-tror-ikke-det-skjedde","status":"publish","type":"post","link":"https:\/\/www.europesays.com\/no\/129328\/","title":{"rendered":"&#8211; Vi tror ikke det skjedde"},"content":{"rendered":"<p class=\"kicker \" style=\"\">Russisk anklage:<\/p>\n<p>  Etter Russlands anklage om et ukrainsk \u00abangrep\u00bb mot Putins residens, har det kommet motstridende opplysninger. N\u00e5 har USA konkludert.<\/p>\n<p>\n    KONKLUDERT: President Donald Trump tror ikke p\u00e5 Russlands p\u00e5stand om ukrainsk angrep mot Putins residens. Foto: REUTERS \/ Jonathan Ernst \/ NTB\n  <\/p>\n<p>Mandag forrige uke anklaget Russland Ukraina for \u00e5 ha st\u00e5tt bak et angrep p\u00e5 Vladimir Putins residens ved Valdaj-sj\u00f8en i Novgorod fylke.\u00a0<\/p>\n<p>President Donald Trump fikk selv servert\u00a0\u00abnyheten\u00bb over telefon, samtidig som\u00a0utenriksminister Sergej Lavrov presenterte den offentlig. Innlednigsvis\u00a0framsto det som at Donald Trump trodde p\u00e5 p\u00e5standen.<\/p>\n<p>    <a itemprop=\"url\" href=\"https:\/\/www.dagbladet.no\/nyheter\/medvedev-med-usa-han\/84055334\" rel=\"nofollow noopener\" target=\"_blank\"><\/p>\n<p>        <img loading=\"lazy\" decoding=\"async\" src=\"https:\/\/www.europesays.com\/no\/wp-content\/uploads\/2026\/01\/84055339.webp.webp\" width=\"980\" height=\"441\" title=\"Medvedev med USA-h\u00e5n\" alt=\"\" class=\"lazyload\" style=\"--aspect-ratio-image: 2.22; \"\/><\/p>\n<p>        Medvedev med USA-h\u00e5n<\/p>\n<p>    <\/a><\/p>\n<p>Seinere kunne det virke som at USA-presidenten <a href=\"https:\/\/www.dagbladet.no\/nyheter\/wsj-usa-tror-ikke-pa-putin\/84044466\" rel=\"nofollow noopener\" target=\"_blank\">hadde snudd<\/a>.\u00a0<\/p>\n<p>I natt bekreftet han at pipa hadde f\u00e5tt en annen lyd.\u00a0<\/p>\n<p>\u00abNoe skjedde\u00bb\t<\/p>\n<p>Trump sa natt til mandag norsk tid at amerikanske myndigheter har konkludert med at Ukraina ikke angrep en residens som tilh\u00f8rer Russlands president Vladimir Putin i et droneangrep forrige uke, if\u00f8lge <a href=\"https:\/\/apnews.com\/article\/trump-putin-house-drone-attack-ukraine-7245d5585a4aaf30f3b2b6e9a7c3d89a\" rel=\"nofollow noopener\" target=\"_blank\">AP News<\/a>.\u00a0<\/p>\n<p>Dermed avviste han Kremls p\u00e5stander, som han i utgangspunktet hadde m\u00f8tt med stor bekymring.\u00a0<\/p>\n<p>        AIR FORCE ONE: L\u00f8rdag gikk USA milit\u00e6rt til verks i Venezuela, og kidnappet landets president Nicol\u00e1s Maduro og kona Cilia Flores. 4. januar varslet Trump at de n\u00e5 overv\u00e5ker situasjonen b\u00e5de i Colombia og Mexico. Reporter: Edward Stenlund. Video: AP \/ Reuters<\/p>\n<p>Trump uttalte i natt at \u00abnoe skjedde i n\u00e6rheten av\u00bb Putins residens, men at amerikanske myndigheter ikke fant bevis for at den russiske presidentens bolig var m\u00e5let.<\/p>\n<p class=\"font-weight-bold m-font-weight-bold\" data-lab-font_weight=\"font-weight-bold\">&#8211; Jeg tror ikke det angrepet fant sted. Vi tror ikke det skjedde, n\u00e5 som vi har kunnet unders\u00f8ke det, sa Trump, gjengitt av nyhetsbyr\u00e5et <a href=\"https:\/\/apnews.com\/article\/trump-putin-house-drone-attack-ukraine-7245d5585a4aaf30f3b2b6e9a7c3d89a\" rel=\"nofollow noopener\" target=\"_blank\">AP News<\/a>, til journalister ombord i sitt eget privatfly.\u00a0<\/p>\n<p class=\"font-weight-bold m-font-weight-bold\" data-lab-font_weight=\"font-weight-bold\">Etter \u00e5 ha virket \u00e5 stole p\u00e5 de russiske anklagene, begynte Trump onsdag tone ned den russiske p\u00e5standen.\u00a0<\/p>\n<p class=\"font-weight-bold m-font-weight-bold\" data-lab-font_weight=\"font-weight-bold\">Han delte blant annet en lederartikkel i New York Post som stilte sp\u00f8rsm\u00e5l ved den russiske anklagen p\u00e5 Truth Social.\u00a0<\/p>\n<p class=\"font-weight-bold m-font-weight-bold\" data-lab-font_weight=\"font-weight-bold\">Lederartikkelen hudflettet Putin for \u00e5 velge \u00abl\u00f8gner, hat og d\u00f8d\u00bb p\u00e5 et tidspunkt som Trump har hevdet var \u00abn\u00e6rmere enn noen gang\u00bb en avtale for \u00e5 avslutte krigen.<\/p>\n<p>Hevdet de hadde bevis\t<\/p>\n<p>Det russiske forsvarsdepartementet uttalte i forrige uke at de hadde overlevert materiale til USA som de hevdet var bevis p\u00e5 et planlagt angrep.\u00a0<\/p>\n<p>Departementet opplyste torsdag at det hadde dekodet navigasjonsdata fra en ukrainsk drone som if\u00f8lge departementet viste planer om et\u00a0angrep\u00a0p\u00e5 en bolig til president Vladimir Putin.<\/p>\n<p>        Russland hevder \u00e5 ha overlevert USA p\u00e5st\u00e5tte bevis for et ukrainsk droneangrep p\u00e5 Vladimir Putins residens i Valdai natt til mandag, 29. desember. Video: X \/ AP. Reporter: Mariel Sand Nwosu\/Dagbladet TV<\/p>\n<p>If\u00f8lge departementet ble de dekrypterte rutedataene lagt fram i en mappe sammen med en dronedel, gitt til ansatte ved kontoret til den amerikanske milit\u00e6rattacheen ved ambassaden i Moskva.<\/p>\n<p>Departementet publiserte ogs\u00e5 en video som viste sjefen for Russlands milit\u00e6re etterretning, GRU, Igor Kostjukov, overrekke materialet.<\/p>\n<p>Ukraina\u00a0avviste p\u00e5 sin side at det ble gjennomf\u00f8rt et\u00a0angrep\u00a0og anklager Moskva for \u00e5 bruke p\u00e5standen som p\u00e5skudd for\u00a0angrep\u00a0mot regjeringsbygg i Kyiv.<\/p>\n","protected":false},"excerpt":{"rendered":"Russisk anklage: Etter Russlands anklage om et ukrainsk \u00abangrep\u00bb mot Putins residens, har det kommet motstridende opplysninger. N\u00e5&hellip;\n","protected":false},"author":2,"featured_media":129329,"comment_status":"","ping_status":"","sticky":false,"template":"","format":"standard","meta":{"footnotes":""},"categories":[5],"tags":[20,21,55,24,25,15,19,22,23,17,18,13,30,28,29,14,16,188,26,27,489,2002,50,412,186],"class_list":{"0":"post-129328","1":"post","2":"type-post","3":"status-publish","4":"format-standard","5":"has-post-thumbnail","7":"category-overskrifter","8":"tag-breaking-news","9":"tag-breakingnews","10":"tag-donald-trump","11":"tag-featured-news","12":"tag-featurednews","13":"tag-headlines","14":"tag-hovedoppslag","15":"tag-latest-news","16":"tag-latestnews","17":"tag-main-news","18":"tag-mainnews","19":"tag-news","20":"tag-no","21":"tag-norge","22":"tag-norway","23":"tag-nyheter","24":"tag-overskrifter","25":"tag-russland","26":"tag-top-stories","27":"tag-topstories","28":"tag-ukraina","29":"tag-ukraina-krigen","30":"tag-usa","31":"tag-utenriks","32":"tag-vladimir-putin"},"share_on_mastodon":{"url":"https:\/\/pubeurope.com\/@no\/115842723529652846","error":""},"_links":{"self":[{"href":"https:\/\/www.europesays.com\/no\/wp-json\/wp\/v2\/posts\/129328","targetHints":{"allow":["GET"]}}],"collection":[{"href":"https:\/\/www.europesays.com\/no\/wp-json\/wp\/v2\/posts"}],"about":[{"href":"https:\/\/www.europesays.com\/no\/wp-json\/wp\/v2\/types\/post"}],"author":[{"embeddable":true,"href":"https:\/\/www.europesays.com\/no\/wp-json\/wp\/v2\/users\/2"}],"replies":[{"embeddable":true,"href":"https:\/\/www.europesays.com\/no\/wp-json\/wp\/v2\/comments?post=129328"}],"version-history":[{"count":0,"href":"https:\/\/www.europesays.com\/no\/wp-json\/wp\/v2\/posts\/129328\/revisions"}],"wp:featuredmedia":[{"embeddable":true,"href":"https:\/\/www.europesays.com\/no\/wp-json\/wp\/v2\/media\/129329"}],"wp:attachment":[{"href":"https:\/\/www.europesays.com\/no\/wp-json\/wp\/v2\/media?parent=129328"}],"wp:term":[{"taxonomy":"category","embeddable":true,"href":"https:\/\/www.europesays.com\/no\/wp-json\/wp\/v2\/categories?post=129328"},{"taxonomy":"post_tag","embeddable":true,"href":"https:\/\/www.europesays.com\/no\/wp-json\/wp\/v2\/tags?post=129328"}],"curies":[{"name":"wp","href":"https:\/\/api.w.org\/{rel}","templated":true}]}}