{"id":129350,"date":"2026-01-05T13:50:07","date_gmt":"2026-01-05T13:50:07","guid":{"rendered":"https:\/\/www.europesays.com\/no\/129350\/"},"modified":"2026-01-05T13:50:07","modified_gmt":"2026-01-05T13:50:07","slug":"skottlands-forste-fotball-vm-siden-1998-kan-bli-markert-med-ekstra-fridag","status":"publish","type":"post","link":"https:\/\/www.europesays.com\/no\/129350\/","title":{"rendered":"Skottlands f\u00f8rste fotball-VM siden 1998 kan bli markert med ekstra fridag"},"content":{"rendered":"\n<p class=\"_lead_o9xde_2 _lead_xtcu6_50 layout-component text-serif-m layout-normal text-serif-l layout-component layout-wide layout-padded _wide_17hqh_1 layout-padded\">F\u00f8rsteminister John Swinney har foresl\u00e5tt at Skottlands f\u00f8rste fotball-VM for menn siden 1998 markeres med en ekstra fridag.<\/p>\n<p><img alt=\"Skotske supportere satte farge p\u00e5 Ullevaal stadion under EM-kvalifiseringskampen i fotball mellom Norge og Skottland i 2023. N\u00e5 er de klare for \u00e5 feire Skottlands f\u00f8rste VM p\u00e5 nesten 30 \u00e5r.  Foto: Heiko Junge \/ NTB\" class=\"_image_qp4xg_65 layout-component layout-wide\" data-fullscreen- data-track-element-type=\"Article image fullscreen\" data-track-name=\"ImageFullscreen\" fetchpriority=\"high\" decoding=\"sync\" loading=\"eager\" height=\"4000\" itemprop=\"image\"  src=\"https:\/\/www.europesays.com\/no\/wp-content\/uploads\/2026\/01\/adf0406e-a095-4722-a17a-9a272ca4e790.png\"  style=\"object-position:0% 0%\" width=\"6000\"\/>Skotske supportere satte farge p\u00e5 Ullevaal stadion under EM-kvalifiseringskampen i fotball mellom Norge og Skottland i 2023. N\u00e5 er de klare for \u00e5 feire Skottlands f\u00f8rste VM p\u00e5 nesten 30 \u00e5r.  Foto: Heiko Junge \/ NTB<\/p>\n<ul aria-hidden=\"true\" class=\"_images_ntbth_112\">\n<li><a class=\"_link_ntbth_117\" href=\"https:\/\/www.vg.no\/forfatter\/ntb\" style=\"z-index:1\" title=\"NTB\" rel=\"nofollow noopener\" target=\"_blank\"><img alt=\"Bilde av NTB\" class=\"_image_ntbth_93\" fetchpriority=\"low\" loading=\"lazy\" decoding=\"async\" itemprop=\"image\"  src=\"https:\/\/www.europesays.com\/no\/wp-content\/uploads\/2026\/01\/1767621007_972_c33980b0-5d07-4027-84a1-813f90a7c8d6.png\"  width=\"480\"\/><\/a><\/li>\n<\/ul>\n<p> Oppdatert mandag 5. januar kl. 14:21     <\/p>\n<p class=\"_paragraph_o9xde_4 _paragraph_xtcu6_10 layout-component text-serif-m layout-normal text-serif-m layout-padded\"><a href=\"https:\/\/www.vg.no\/tag\/skottland?utm_source=vg-article&amp;utm_medium=auto-tagger&amp;utm_campaign=oEpo37\" class=\"_link_o9xde_39\" rel=\"nofollow noopener\" target=\"_blank\">Skottlands<\/a> VM-comeback kommer mot Haiti s\u00f8ndag 14. juni i Boston. <\/p>\n<p class=\"_paragraph_o9xde_4 _paragraph_xtcu6_10 layout-component text-serif-m layout-normal text-serif-m layout-padded\"> F\u00f8rsteminister John Swinney \u00f8nsker at kampen skal markeres med en offentlig h\u00f8ytidsdag, samt utvidelse av pubenes \u00e5pningstider under VM, melder <a href=\"https:\/\/www.bbc.com\/news\/articles\/cn42x7yv852o\" class=\"_link_o9xde_39\" rel=\"nofollow noopener\" target=\"_blank\">BBC<\/a>.<\/p>\n<p class=\"_paragraph_o9xde_4 _paragraph_xtcu6_10 layout-component text-serif-m layout-normal text-serif-m layout-padded\">\u2013 Dette er et \u00f8yeblikk jeg har ventet p\u00e5 i 28 \u00e5r, og jeg \u00f8nsker at s\u00e5 mange som mulig skal dele det \u00f8yeblikket, sa Swinney under et arrangement i Glasgow.<\/p>\n<p class=\"_paragraph_o9xde_4 _paragraph_xtcu6_10 layout-component text-serif-m layout-normal text-serif-m layout-padded\">De resterende kampene i gruppesluttspillet spilles mot Marokko og Brasil. <\/p>\n<p class=\"_paragraph_o9xde_4 _paragraph_xtcu6_10 layout-component text-serif-m layout-normal text-serif-m layout-padded\">\u2013 Hele nasjonen vil st\u00e5 stille i juni, og enda mer i juli n\u00e5r vi har sl\u00e5tt Brasil og kommet oss videre til utslagsrunden, sier Swinney.<\/p>\n<p class=\"_paragraph_o9xde_4 _paragraph_xtcu6_10 layout-component text-serif-m layout-normal text-serif-m layout-padded\">Han legger til at dette er Skottlands mulighet til \u00e5 v\u00e6re p\u00e5 verdensscenen, tiltrekke seg n\u00e6ringsutvikling, skape interesse for turisme og gjestfrihet i landet, samt knytte dype og varige kulturelle og sportslige forbindelser.<\/p>\n<p class=\"_paragraph_o9xde_4 _paragraph_xtcu6_10 layout-component text-serif-m layout-normal text-serif-m layout-padded\">Forslaget om fridag m\u00e5 formelt godkjennes av kong Charles f\u00f8r det trer i kraft. <\/p>\n","protected":false},"excerpt":{"rendered":"F\u00f8rsteminister John Swinney har foresl\u00e5tt at Skottlands f\u00f8rste fotball-VM for menn siden 1998 markeres med en ekstra fridag.&hellip;\n","protected":false},"author":2,"featured_media":129351,"comment_status":"","ping_status":"","sticky":false,"template":"","format":"standard","meta":{"footnotes":""},"categories":[59],"tags":[92,4472,30,28,29,4682,83,82],"class_list":{"0":"post-129350","1":"post","2":"type-post","3":"status-publish","4":"format-standard","5":"has-post-thumbnail","7":"category-sport","8":"tag-fotball","9":"tag-fotball-vm","10":"tag-no","11":"tag-norge","12":"tag-norway","13":"tag-skottland","14":"tag-sport","15":"tag-sports"},"share_on_mastodon":{"url":"https:\/\/pubeurope.com\/@no\/115842817925702960","error":""},"_links":{"self":[{"href":"https:\/\/www.europesays.com\/no\/wp-json\/wp\/v2\/posts\/129350","targetHints":{"allow":["GET"]}}],"collection":[{"href":"https:\/\/www.europesays.com\/no\/wp-json\/wp\/v2\/posts"}],"about":[{"href":"https:\/\/www.europesays.com\/no\/wp-json\/wp\/v2\/types\/post"}],"author":[{"embeddable":true,"href":"https:\/\/www.europesays.com\/no\/wp-json\/wp\/v2\/users\/2"}],"replies":[{"embeddable":true,"href":"https:\/\/www.europesays.com\/no\/wp-json\/wp\/v2\/comments?post=129350"}],"version-history":[{"count":0,"href":"https:\/\/www.europesays.com\/no\/wp-json\/wp\/v2\/posts\/129350\/revisions"}],"wp:featuredmedia":[{"embeddable":true,"href":"https:\/\/www.europesays.com\/no\/wp-json\/wp\/v2\/media\/129351"}],"wp:attachment":[{"href":"https:\/\/www.europesays.com\/no\/wp-json\/wp\/v2\/media?parent=129350"}],"wp:term":[{"taxonomy":"category","embeddable":true,"href":"https:\/\/www.europesays.com\/no\/wp-json\/wp\/v2\/categories?post=129350"},{"taxonomy":"post_tag","embeddable":true,"href":"https:\/\/www.europesays.com\/no\/wp-json\/wp\/v2\/tags?post=129350"}],"curies":[{"name":"wp","href":"https:\/\/api.w.org\/{rel}","templated":true}]}}