{"id":129380,"date":"2026-01-05T14:31:19","date_gmt":"2026-01-05T14:31:19","guid":{"rendered":"https:\/\/www.europesays.com\/no\/129380\/"},"modified":"2026-01-05T14:31:19","modified_gmt":"2026-01-05T14:31:19","slug":"politi-nav-her-stormer-politiet-nav-asane-truet-med-bruk-av-skytevapen","status":"publish","type":"post","link":"https:\/\/www.europesays.com\/no\/129380\/","title":{"rendered":"Politi, Nav | Her stormer politiet Nav \u00c5sane: \u2013 Truet med bruk av skytev\u00e5pen"},"content":{"rendered":"\n<p>Et stort politioppbud dukket opp p\u00e5 Nav \u00c5sane mandag ettermiddag.<\/p>\n<p>Flere politifolk med skjold, hjelm og v\u00e5pen gikk m\u00e5lrettet opp trappene.<\/p>\n<p>Utenfor sto en rekke politibiler parkert, melder BAs reporter stedet.<\/p>\n<p>\u2013 Vi har kontroll p\u00e5 en mann som har opptr\u00e5dt truende inne i Nav sine lokaler p\u00e5 \u00c5sane senter. Ingen er skadet. Vi unders\u00f8ker forholdet n\u00e6rmere, opplyser operasjonsleder Dan Erik Johannessen i politiet.<\/p>\n<p>   <img decoding=\"async\" width=\"5392\" height=\"3592\" fetchpriority=\"low\"  loading=\"lazy\"  src=\"https:\/\/www.europesays.com\/no\/wp-content\/uploads\/2026\/01\/RJ8_5737.JPG\" alt=\"\" class=\"brick-c-cFOWSL\" style=\"--brick-image-ratio: 5392 \/ 3592;\"\/><\/p>\n<p>      Flere patruljer rykket ut.<br \/>\n      Foto: RUNE JOHANSEN\n    <\/p>\n<p>  V\u00e6pnet aksjon<\/p>\n<p>Johannessen sier at de p\u00e5st\u00e5tte truslene var muntlige, og at mannen ikke har v\u00e6rt fysisk.<\/p>\n<p>\u2013 Innholdet i truslene gjorde at vi rykket ut med flere ressurser. Dette var et v\u00e6pnet politioppdrag, sier han til BA.<\/p>\n<p>Aksjonen var \u00e5 anse som over klokken 1340.<\/p>\n<p><b>\u2013 N\u00e5 er saken g\u00e5tt over i en etterforskningsfase, og patruljene jobber med \u00e5 f\u00e5 rede p\u00e5 detaljene. Vi m\u00e5 finne ut av hva truslene har best\u00e5tt i f\u00f8r vi vurderer hvordan vi skal f\u00f8lge opp dette videre, sier Johannessen.<\/b><\/p>\n<p>   <img decoding=\"async\" width=\"8256\" height=\"5504\" fetchpriority=\"low\"  loading=\"lazy\"  src=\"https:\/\/www.europesays.com\/no\/wp-content\/uploads\/2026\/01\/_RJO6781.JPG\" alt=\"\" class=\"brick-c-cFOWSL\" style=\"--brick-image-ratio: 8256 \/ 5504;\"\/><\/p>\n<p>      I 1330-tiden sto to politibiler parkert utenfor senteret hvor Nav holder til. To til sto parkert ved bussterminalen.<br \/>\n      Foto: RUNE JOHANSEN\n    <\/p>\n<p>  \u2013 Ubehagelig<\/p>\n<p>Marith Hauglid Hildal er enhetsleder p\u00e5 Nav i \u00c5sane.\u00a0<\/p>\n<p><b>Hun forteller at mannen, som er en Nav-bruker, kom inn p\u00e5 kontoret og truet med \u00e5 bruke skytev\u00e5pen.<\/b><\/p>\n<p>\u2013 Politiet ble derfor tilkalt. Bruker hadde ikke v\u00e5pen p\u00e5 seg, skriver hun til BA.<\/p>\n<p>Hildal opplyser at de p\u00e5 Nav har fokus p\u00e5 \u00e5 \u00f8ve p\u00e5 ulike scenarioer, og at de kontakter n\u00f8detater ved behov.<\/p>\n<p>\u2013 Det er alltid ubehagelig n\u00e5r det blir fremsatt trusler. Ansatte fulgte her gjeldende prosedyrer for varsling, skriver hun.<\/p>\n<p>Flere hendelser<\/p>\n<p>Dette er ikke f\u00f8rste gang at ansatte ved det lokale Nav-kontoret utsettes for trusler.<\/p>\n<p>I september 2024 ble en mann p\u00e5grepet etter en <a href=\"https:\/\/www.ba.no\/mann-pagrepet-etter-bombetrussel-i-asane-har-erkjent-straffskyld-for-a-ha-fremsatt-trusler\/s\/5-8-2753219\" rel=\"Follow nofollow noopener\" target=\"_blank\">bombetrussel mot sosialkontoret.<\/a>\u00a0Politiaksjonen var omfattende og varte i mange timer. P\u00e5 mannens laptop ble det funnet notater som tyder p\u00e5 at han planla flere aksjoner ved Nav.<\/p>\n<p>Hildal p\u00e5peker at Nav m\u00f8ter mennesker i alle livssituasjoner og at de skal v\u00e6re tilgjengelig for alle som har behov for deres tjenester.<\/p>\n<p><b>\u2013 Jeg skulle \u00f8nske dette ikke medf\u00f8rte risiko for at ansatte utsettes for trusler, men realiteten er en annen.<\/b><\/p>\n<p>Hun skriver at de hart stort fokus p\u00e5 \u00e5 ivareta sine ansatte samtidig som de gir gode tjenester til sine brukere.\u00a0<\/p>\n","protected":false},"excerpt":{"rendered":"Et stort politioppbud dukket opp p\u00e5 Nav \u00c5sane mandag ettermiddag. Flere politifolk med skjold, hjelm og v\u00e5pen gikk&hellip;\n","protected":false},"author":2,"featured_media":129381,"comment_status":"","ping_status":"","sticky":false,"template":"","format":"standard","meta":{"footnotes":""},"categories":[10],"tags":[36,1851,20,21,24,25,15,22,23,652,13,30,28,29,14,16,254,1510,26,27],"class_list":{"0":"post-129380","1":"post","2":"type-post","3":"status-publish","4":"format-standard","5":"has-post-thumbnail","7":"category-norge","8":"tag-art","9":"tag-asane","10":"tag-breaking-news","11":"tag-breakingnews","12":"tag-featured-news","13":"tag-featurednews","14":"tag-headlines","15":"tag-latest-news","16":"tag-latestnews","17":"tag-nav","18":"tag-news","19":"tag-no","20":"tag-norge","21":"tag-norway","22":"tag-nyheter","23":"tag-overskrifter","24":"tag-politi","25":"tag-story","26":"tag-top-stories","27":"tag-topstories"},"share_on_mastodon":{"url":"https:\/\/pubeurope.com\/@no\/115842979136270874","error":""},"_links":{"self":[{"href":"https:\/\/www.europesays.com\/no\/wp-json\/wp\/v2\/posts\/129380","targetHints":{"allow":["GET"]}}],"collection":[{"href":"https:\/\/www.europesays.com\/no\/wp-json\/wp\/v2\/posts"}],"about":[{"href":"https:\/\/www.europesays.com\/no\/wp-json\/wp\/v2\/types\/post"}],"author":[{"embeddable":true,"href":"https:\/\/www.europesays.com\/no\/wp-json\/wp\/v2\/users\/2"}],"replies":[{"embeddable":true,"href":"https:\/\/www.europesays.com\/no\/wp-json\/wp\/v2\/comments?post=129380"}],"version-history":[{"count":0,"href":"https:\/\/www.europesays.com\/no\/wp-json\/wp\/v2\/posts\/129380\/revisions"}],"wp:featuredmedia":[{"embeddable":true,"href":"https:\/\/www.europesays.com\/no\/wp-json\/wp\/v2\/media\/129381"}],"wp:attachment":[{"href":"https:\/\/www.europesays.com\/no\/wp-json\/wp\/v2\/media?parent=129380"}],"wp:term":[{"taxonomy":"category","embeddable":true,"href":"https:\/\/www.europesays.com\/no\/wp-json\/wp\/v2\/categories?post=129380"},{"taxonomy":"post_tag","embeddable":true,"href":"https:\/\/www.europesays.com\/no\/wp-json\/wp\/v2\/tags?post=129380"}],"curies":[{"name":"wp","href":"https:\/\/api.w.org\/{rel}","templated":true}]}}