{"id":129420,"date":"2026-01-05T15:10:07","date_gmt":"2026-01-05T15:10:07","guid":{"rendered":"https:\/\/www.europesays.com\/no\/129420\/"},"modified":"2026-01-05T15:10:07","modified_gmt":"2026-01-05T15:10:07","slug":"samsung-presenterer-en-enorm-130-tommers-micro-rgb-tv-pa-ces","status":"publish","type":"post","link":"https:\/\/www.europesays.com\/no\/129420\/","title":{"rendered":"Samsung presenterer en enorm 130-tommers Micro RGB-TV p\u00e5 CES &#8211;"},"content":{"rendered":"<p>Samsung har ankommet CES 2026 med en veldig stor fisk. Teknologigiganten har presentert et glimt av en helt ny Micro RGB TV som kombinerer neste generasjons farger og et nytt design. Hva er det som gj\u00f8r dette spesielt, sp\u00f8r du kanskje? Det er en verdensnyhet, da det er en 130-tommers Micro RGB TV-enhet &#8230;<\/p>\n<p>Jepp, du har sannsynligvis ikke plass til denne giganten i stua, men hvis du hadde hatt det, ville du f\u00e5tt en enhet som er ute etter \u00e5 &laquo;redefinere hva en TV kan v\u00e6re&raquo; som Samsung forklarer. I <a href=\"https:\/\/news.samsung.com\/global\/samsung-unveils-worlds-first-130-inch-micro-rgb-tv-featuring-next-generation-color-and-bold-new-design\" target=\"_blank\" rel=\"nofollow noopener\">pressemeldingen<\/a> bemerker Samsung at st\u00f8rrelsen &laquo;er med vilje designet for \u00e5 fremst\u00e5 mindre som en TV og mer som et stort, oppslukende vindu som visuelt utvider rommet.&raquo;<\/p>\n<p>Den bruker nye programvarefunksjoner for \u00e5 presentere et bedre visuelt bilde, samtidig som den har Glare Free -teknologi og inkluderte lydsystemer som er integrert i TV-ens ramme og som har som m\u00e5l \u00e5 levere en balansert og naturlig lydprofil. Vi er blitt fortalt at den ogs\u00e5 vil bruke HDR10+ Advanced teknologi for et dypere bilde.<\/p>\n<p>N\u00e5r det gjelder pris, er dette ikke nevnt, men en rimelig gjetning er at denne TV-en vil v\u00e6re langt utover noe gjennomsnittsforbrukeren kan mage, s\u00e5 behandle dette mer som en CES-feberdr\u00f8minnovasjon nok en gang.<\/p>\n<p><img loading=\"lazy\" decoding=\"async\" id=\"img-1950163-4774623\" data-fullsize=\"\/media\/46\/samsungunveilswhopping_4774623b.jpg\" data-lazy=\"\" src=\"https:\/\/www.gamereactor.nohttps:\/\/www.gamereactor.no\/media\/46\/samsungunveilswhopping_4774623_650x.jpg\" width=\"650\" onclick=\"if (!window.__cfRLUnblockHandlers) return false; gallery_openmodal('1950163','4774623',false,'59b109c700b500daa9ef3a6769bc8c6f');\" height=\"372\" alt=\"Samsung presenterer en enorm 130-tommers Micro RGB-TV p\u00e5 CES\" class=\"rwd_col_content lazy\" data-cf-modified-8dbc28b59c3798fb8d31eb96-=\"\"\/><\/p>\n","protected":false},"excerpt":{"rendered":"Samsung har ankommet CES 2026 med en veldig stor fisk. Teknologigiganten har presentert et glimt av en helt&hellip;\n","protected":false},"author":2,"featured_media":129421,"comment_status":"","ping_status":"","sticky":false,"template":"","format":"standard","meta":{"footnotes":""},"categories":[57],"tags":[30,28,29,65,63,64,66,70,69,67,68],"class_list":{"0":"post-129420","1":"post","2":"type-post","3":"status-publish","4":"format-standard","5":"has-post-thumbnail","7":"category-vitenskap-og-teknologi","8":"tag-no","9":"tag-norge","10":"tag-norway","11":"tag-science","12":"tag-science-and-technology","13":"tag-scienceandtechnology","14":"tag-technology","15":"tag-teknologi","16":"tag-vitenskap","17":"tag-vitenskap-og-teknologi","18":"tag-vitenskapteknologi"},"share_on_mastodon":{"url":"https:\/\/pubeurope.com\/@no\/115843132449238105","error":""},"_links":{"self":[{"href":"https:\/\/www.europesays.com\/no\/wp-json\/wp\/v2\/posts\/129420","targetHints":{"allow":["GET"]}}],"collection":[{"href":"https:\/\/www.europesays.com\/no\/wp-json\/wp\/v2\/posts"}],"about":[{"href":"https:\/\/www.europesays.com\/no\/wp-json\/wp\/v2\/types\/post"}],"author":[{"embeddable":true,"href":"https:\/\/www.europesays.com\/no\/wp-json\/wp\/v2\/users\/2"}],"replies":[{"embeddable":true,"href":"https:\/\/www.europesays.com\/no\/wp-json\/wp\/v2\/comments?post=129420"}],"version-history":[{"count":0,"href":"https:\/\/www.europesays.com\/no\/wp-json\/wp\/v2\/posts\/129420\/revisions"}],"wp:featuredmedia":[{"embeddable":true,"href":"https:\/\/www.europesays.com\/no\/wp-json\/wp\/v2\/media\/129421"}],"wp:attachment":[{"href":"https:\/\/www.europesays.com\/no\/wp-json\/wp\/v2\/media?parent=129420"}],"wp:term":[{"taxonomy":"category","embeddable":true,"href":"https:\/\/www.europesays.com\/no\/wp-json\/wp\/v2\/categories?post=129420"},{"taxonomy":"post_tag","embeddable":true,"href":"https:\/\/www.europesays.com\/no\/wp-json\/wp\/v2\/tags?post=129420"}],"curies":[{"name":"wp","href":"https:\/\/api.w.org\/{rel}","templated":true}]}}