{"id":129425,"date":"2026-01-05T15:15:10","date_gmt":"2026-01-05T15:15:10","guid":{"rendered":"https:\/\/www.europesays.com\/no\/129425\/"},"modified":"2026-01-05T15:15:10","modified_gmt":"2026-01-05T15:15:10","slug":"tror-gronland-blir-amerikansk-i-2026","status":"publish","type":"post","link":"https:\/\/www.europesays.com\/no\/129425\/","title":{"rendered":"Tror gr\u00f8nland blir amerikansk i 2026"},"content":{"rendered":"<p>&#8211; Amerikanerne \u00abdriter\u00bb i Nato-avtalen. Situasjonen er prek\u00e6r.\u00a0<\/p>\n<p>Det sier Iver B. Neumann, direkt\u00f8r ved Fridtjof Nansens Institutt (FNI), til<br \/>\nDagbladet p\u00e5 sp\u00f8rsm\u00e5let om Trumps nyligste Gr\u00f8nland-trusler er reelle. <\/p>\n<p>Natt til mandag gjentok president Donald Trump at USA\u00a0<a href=\"https:\/\/www.dagbladet.no\/nyheter\/trump-med-nytt-utspill-trenger-gronland\/84054361\" rel=\"nofollow noopener\" target=\"_blank\">\u00abtrenger Gr\u00f8nland\u00bb<\/a>. Uttalelsen kom under et intervju i kj\u00f8lvannet av det amerikanske angrepet p\u00e5 Venezuela l\u00f8rdag 3. januar.\u00a0<\/p>\n<p>I intervjuet, gjort av <a href=\"https:\/\/www.theatlantic.com\/national-security\/2026\/01\/trump-venezuela-maduro-delcy-rodriguez\/685497\/\" rel=\"nofollow noopener\" target=\"_blank\">The Atlantic<\/a>, gj\u00f8r han det klart at Venezuela kanskje ikke er det siste landet som blir gjenstand for amerikansk innblanding.\u00a0<\/p>\n<p>    <a itemprop=\"url\" href=\"https:\/\/www.dagbladet.no\/nyheter\/vi-tror-ikke-det-skjedde\/84055429\" rel=\"nofollow noopener\" target=\"_blank\"><\/p>\n<p>        <img loading=\"lazy\" decoding=\"async\" src=\"https:\/\/www.europesays.com\/no\/wp-content\/uploads\/2026\/01\/84055438.webp.webp\" width=\"980\" height=\"441\" title=\"- Vi tror ikke det skjedde\" alt=\"\" class=\"lazyload\" style=\"--aspect-ratio-image: 2.22; \"\/><\/p>\n<p>        &#8211; Vi tror ikke det skjedde<\/p>\n<p>    <\/a><\/p>\n<p>&#8211; Prek\u00e6r situasjon\t<\/p>\n<p>Neumann mener helgas angrep viser at USA bryter<br \/>\nmed den liberale verdensordenen og ideen om at statsoverhodet har immunitet. Samtidig mener han at begrepet\u00a0\u00abVesten\u00bb er i ferd med \u00e5 r\u00e5tne, at Trump ikke bryr seg om egne allierte og at barrierene\u00a0 mot \u00e5 behandle Europa d\u00e5rlig dermed faller.\u00a0<\/p>\n<p> &#8211; Det er et nakkeskudd p\u00e5 Nato fra amerikansk side. \u00c5pen aggresjon mot et alliert land. Det er ikke sm\u00e5tteri.<\/p>\n<p>        <img loading=\"lazy\" decoding=\"async\" itemprop=\"image\" src=\"https:\/\/www.europesays.com\/no\/wp-content\/uploads\/2026\/01\/84057860.webp.webp\" width=\"180\" height=\"180\" alt=\"Ivar Brynild Neumann\"\/><\/p>\n<p>            Ivar Brynild Neumann<br \/>\n            Ivar Brynild<br \/>\n            Neumann        <\/p>\n<p>Direkt\u00f8r ved Fridtjof Nansns Institutt.<\/p>\n<p>FNI-direkt\u00f8ren mener det er stor sannsynlighet for at man vil se amerikanske troppeforflytninger<br \/>\ni omr\u00e5dene rundt Gr\u00f8nland de neste m\u00e5nedene. Samtidig tror han ikke Danmark vil svare med milit\u00e6rmotstand mot\u00a0\u00abstorebror\u00bb.\u00a0<\/p>\n<p class=\"font-weight-bold m-font-weight-bold\" data-lab-font_weight=\"font-weight-bold\">&#8211; 2026 er \u00e5ret amerikanerne tar til seg Gr\u00f8nland, sier<br \/>\nNeumann.\u00a0<\/p>\n<p>Han mener det er snakk om et n\u00e5r, og ikke hvis, Nato rakner og at Danmark b\u00f8r prise seg lykkelige over at de er en del av EU &#8211; som forel\u00f8pig har vist sterk st\u00f8tte til b\u00e5de Danmark og Gr\u00f8nland.\u00a0<\/p>\n<p>&#8211; Dette er ikke tida for \u00e5 ikke v\u00e6re med i EU. Norge m\u00e5 inn og situasjonen er prek\u00e6r.\u00a0<\/p>\n<p>        ANGREP: Under en pressekonferanse gikk president Donald Trump i detalj om hvordan angrepet i Venezuela ble gjennomf\u00f8rt. Video: Reuters \/ AP.<\/p>\n<p>&#8211; Det er rart\t<\/p>\n<p>Utenriksminister<a href=\"https:\/\/www.dagbladet.no\/nyheter\/et-annet-alvor-na\/84056672\" rel=\"nofollow noopener\" target=\"_blank\"> Espen Barth Eide sier til Dagbladet<\/a> at det er et annet alvor n\u00e5.\u00a0<\/p>\n<p>&#8211; Da dette falt sammen med snakket om Canada, ble det kanskje oppfattet som mer l\u00f8st, men han har v\u00e6rt konsistent med henblikk p\u00e5 Gr\u00f8nland i ett \u00e5r n\u00e5, sier han.\u00a0<\/p>\n<p>\u00a0UiO- og Nupi-forsker Marianne Riddervold forklarer at det er vanskelig \u00e5 forst\u00e5 hva USA egentlig vil. Hun peker p\u00e5 at Gr\u00f8nland er en del av den vestlige halvkule, det omr\u00e5det som er definert som det viktigste for USA b\u00e5de utenriks- og sikkerhetspolitisk i den nasjonale sikkerhetsstrategien.\u00a0<\/p>\n<p>&#8211; Det som gj\u00f8r det rart er at uansett om det handler om sikkerhet eller tilgang til naturrsessurser og mineraler, s\u00e5 kan USA f\u00e5 tilgang til det. USA har hatt opp til 17 milit\u00e6re baser p\u00e5 Gr\u00f8nland tidligere og kan trolig f\u00e5 s\u00e5 mange de \u00f8nsker, forteller Riddervold til Dagbladet.\u00a0<\/p>\n<p>Hun poengterer at det bare er \u00e9n milit\u00e6rbase i bruk per dags dato.\u00a0<\/p>\n<p>        <img loading=\"lazy\" decoding=\"async\" itemprop=\"image\" src=\"https:\/\/www.europesays.com\/no\/wp-content\/uploads\/2026\/01\/84057880.webp.webp\" width=\"180\" height=\"180\" alt=\"Marianne Riddervold\"\/><\/p>\n<p>            Marianne Riddervold<br \/>\n            Marianne<br \/>\n            Riddervold        <\/p>\n<p>Forsker ved Nupi.<\/p>\n<p>&#8211; Det ligger noe mer enn bare tilgang og milit\u00e6r sikkerhet her, og det er det vi sliter med \u00e5 forst\u00e5.\u00a0<\/p>\n<p>Riddervold tror det kan v\u00e6re et \u00f8nske om kontroll over omr\u00e5dene rundt USA.\u00a0<\/p>\n<p>        TRUER GR\u00d8NLAND: USAs president kommer igjen med trusler mot Danmark og Gr\u00f8nland, forskere tror det handler om noe mer enn naturressurser og sikkerhet. Reporter: Vegard Kr\u00fcger<\/p>\n<p>&#8211; S\u00e5 kan det virke som om det ligger et \u00f8nske om \u00e5 utvide USAs geografiske omr\u00e5de.<\/p>\n<p>Hun tror likevel det er et langt stykke fra det \u00f8nsket til \u00e5 faktisk gj\u00f8re noe aktivt eller milit\u00e6rt for \u00e5 f\u00e5 kontroll.\u00a0<\/p>\n<p>&#8211; Ville ikke overlevd\t<\/p>\n<p>Dersom et slikt angrep skulle finne sted, ser ogs\u00e5 hun m\u00f8rkt p\u00e5 Nato-alliansen.\u00a0<\/p>\n<p>&#8211; Hele poenget med alliansen er at man st\u00e5r samlet i \u00e5 forsvare seg mot andre. S\u00e6rlig da Russland. At man skulle forsvare seg mot den viktigste akt\u00f8ren i alliansen ville forandret Nato helt.\u00a0<\/p>\n<p>&#8211; Nato-alliansen ville ikke overlevd slik vi kjenner den i dag.<\/p>\n<p>Nupi-forskeren forklarer at det ikke bare er Nato-traktaten som i teorien skal forsvare Gr\u00f8nland, selv mot egen alliert, men at ogs\u00e5 EU har en slags artikkel 5. Artikkel 42.7 sier at de andre EU-landene er forpliktet til \u00e5 beskytte Gr\u00f8nland, dersom \u00f8ya blir angrepet.\u00a0<\/p>\n<p class=\"font-weight-bold m-font-weight-bold\" data-lab-font_weight=\"font-weight-bold\">&#8211; Men i praksis har Europa ikke noe \u00e5 stille opp med mot USA.\u00a0<\/p>\n<p>    <a itemprop=\"url\" href=\"https:\/\/www.dagbladet.no\/nyheter\/bor-virkelig-vaere-bekymret\/84054799\" rel=\"nofollow noopener\" target=\"_blank\"><\/p>\n<p>        <img loading=\"lazy\" decoding=\"async\" src=\"https:\/\/www.europesays.com\/no\/wp-content\/uploads\/2026\/01\/1767626110_96_84054893.webp.webp\" width=\"980\" height=\"441\" title=\"- B\u00f8r virkelig v\u00e6re bekymret\" alt=\"\" class=\"lazyload\" style=\"--aspect-ratio-image: 2.22; \"\/><\/p>\n<p>        &#8211; B\u00f8r virkelig v\u00e6re bekymret<\/p>\n<p>    <\/a><\/p>\n<p>En krig i Europa mot USA kunne Europa rett og slett ikke vunnet, sl\u00e5r Riddervold fast.\u00a0<\/p>\n<p>&#8211; Jeg tror heller ikke vi kommer dit. Folk m\u00e5 ikke g\u00e5 rundt og v\u00e6re redde for det. Jeg ser ikke for meg at det kommer til \u00e5 skje, legger hun til.\u00a0<\/p>\n<p>Da Trump natt til mandag kom med nye Gr\u00f8nland-uttalelser sa han at samtalene om \u00f8ya vil fortsette\u00a0\u00abom 20 dager\u00bb.\u00a0<\/p>\n<p>Peter Viggo Jakobsen, lektor ved Forsvarsakademiet i Danmark, stiller seg kritisk til hvor realistisk akkurat det er.\u00a0<\/p>\n<p>&#8211;\u00a0\u00a0Man kan ikke stole p\u00e5 Trump n\u00e5r han setter en dato. Jeg oppfatter dette f\u00f8rst og fremst som et taktisk grep for \u00e5 f\u00e5 Danmark, Gr\u00f8nland og Nato til \u00e5 stresse over hva som kan skje om 20 dager eller om to m\u00e5neder. Hensikten er \u00e5 legge press p\u00e5 Danmark for \u00e5 tvinge fram en l\u00f8sning som p\u00e5 en eller annen m\u00e5te im\u00f8tekommer Trumps krav. <\/p>\n","protected":false},"excerpt":{"rendered":"&#8211; Amerikanerne \u00abdriter\u00bb i Nato-avtalen. Situasjonen er prek\u00e6r.\u00a0 Det sier Iver B. Neumann, direkt\u00f8r ved Fridtjof Nansens Institutt&hellip;\n","protected":false},"author":2,"featured_media":129426,"comment_status":"","ping_status":"","sticky":false,"template":"","format":"standard","meta":{"footnotes":""},"categories":[5],"tags":[20,21,55,24,25,2112,15,19,22,23,17,18,233,13,30,28,29,14,16,26,27,50,412],"class_list":{"0":"post-129425","1":"post","2":"type-post","3":"status-publish","4":"format-standard","5":"has-post-thumbnail","7":"category-overskrifter","8":"tag-breaking-news","9":"tag-breakingnews","10":"tag-donald-trump","11":"tag-featured-news","12":"tag-featurednews","13":"tag-gronland","14":"tag-headlines","15":"tag-hovedoppslag","16":"tag-latest-news","17":"tag-latestnews","18":"tag-main-news","19":"tag-mainnews","20":"tag-nato","21":"tag-news","22":"tag-no","23":"tag-norge","24":"tag-norway","25":"tag-nyheter","26":"tag-overskrifter","27":"tag-top-stories","28":"tag-topstories","29":"tag-usa","30":"tag-utenriks"},"share_on_mastodon":{"url":"https:\/\/pubeurope.com\/@no\/115843152282157287","error":""},"_links":{"self":[{"href":"https:\/\/www.europesays.com\/no\/wp-json\/wp\/v2\/posts\/129425","targetHints":{"allow":["GET"]}}],"collection":[{"href":"https:\/\/www.europesays.com\/no\/wp-json\/wp\/v2\/posts"}],"about":[{"href":"https:\/\/www.europesays.com\/no\/wp-json\/wp\/v2\/types\/post"}],"author":[{"embeddable":true,"href":"https:\/\/www.europesays.com\/no\/wp-json\/wp\/v2\/users\/2"}],"replies":[{"embeddable":true,"href":"https:\/\/www.europesays.com\/no\/wp-json\/wp\/v2\/comments?post=129425"}],"version-history":[{"count":0,"href":"https:\/\/www.europesays.com\/no\/wp-json\/wp\/v2\/posts\/129425\/revisions"}],"wp:featuredmedia":[{"embeddable":true,"href":"https:\/\/www.europesays.com\/no\/wp-json\/wp\/v2\/media\/129426"}],"wp:attachment":[{"href":"https:\/\/www.europesays.com\/no\/wp-json\/wp\/v2\/media?parent=129425"}],"wp:term":[{"taxonomy":"category","embeddable":true,"href":"https:\/\/www.europesays.com\/no\/wp-json\/wp\/v2\/categories?post=129425"},{"taxonomy":"post_tag","embeddable":true,"href":"https:\/\/www.europesays.com\/no\/wp-json\/wp\/v2\/tags?post=129425"}],"curies":[{"name":"wp","href":"https:\/\/api.w.org\/{rel}","templated":true}]}}