{"id":129465,"date":"2026-01-05T16:05:14","date_gmt":"2026-01-05T16:05:14","guid":{"rendered":"https:\/\/www.europesays.com\/no\/129465\/"},"modified":"2026-01-05T16:05:14","modified_gmt":"2026-01-05T16:05:14","slug":"flere-legges-inn-med-influensa-forbereder-oss-pa-okt-trokk-haugesunds-avis","status":"publish","type":"post","link":"https:\/\/www.europesays.com\/no\/129465\/","title":{"rendered":"Flere legges inn med influensa: \u2013 Forbereder oss p\u00e5 \u00f8kt tr\u00f8kk &#8211; Haugesunds Avis"},"content":{"rendered":"<ol>\n<li><a href=\"https:\/\/news.google.com\/rss\/articles\/CBMimwFBVV95cUxPanF4bFFLVF9XR3dwME1XNTd3Ym54OHpVcEtHWFZQZ2FBRkFvLXdjQTBXRENUNnI3MWMzNDR4ajM5TFFCdlJZUzdlRDJacWYycTFvWGY5MGhHUGNWTXFlQ1c1TXBjMGVJdkpPeE44dDB1VG8zNG1NU2dGTWhNVkNKZG5HNnBEaTREaURBbjVHZUNGcGk2S1Y2QlQwTQ?oc=5\" target=\"_blank\" rel=\"nofollow noopener\">Flere legges inn med influensa: \u2013 Forbereder oss p\u00e5 \u00f8kt tr\u00f8kk<\/a>&nbsp;&nbsp;Haugesunds Avis<\/li>\n<li><a href=\"https:\/\/news.google.com\/rss\/articles\/CBMiowFBVV95cUxPZEdubmE4NGJwRTNlMlZqVGVQY0c4NDZIcHN4b2J3MFZRNFFKeERQVDQyWllfX2cxdU52SVJ6U0hEbzlDN0I3UmstQzNIcU5VUzhTUmRHTVE4NmE3TjZRb2txbW1OaHpOQ0drdFVtb0ZOTm95NVJBSnFzRUdEelp4YURjbWtvcEpaeXlRQ3MwcXZmTnNxT3M1TEwzTzluSlB1c3pr?oc=5\" target=\"_blank\" rel=\"nofollow noopener\">Influensasmitten fortsetter \u00e5 \u00f8ke: \u2013 N\u00e6rmer oss toppen<\/a>&nbsp;&nbsp;Bergens Tidende<\/li>\n<li><a href=\"https:\/\/news.google.com\/rss\/articles\/CBMilAFBVV95cUxPQWJOLXZhZkdWMC1zZWlUdk5DZ2lrUWM3ZS01Zm1ocld0Y2ZGMFRYYjFDZGkwME51TFRhRlNKVldyS09tUUJqMjRaXzd4eHhKeS1RM1cza1VhbEdsTTVqaFNDZV92SWxuU0YzazNGUC04eklYdWdlZXZqVXBGcFc3MHMtS3JOSFBRWjlpR1czbDNLbjlr?oc=5\" target=\"_blank\" rel=\"nofollow noopener\">Influensasesongen: \u2013 Kan komme en ytterligere \u00f8kning<\/a>&nbsp;&nbsp;Bergensavisen<\/li>\n<li><a href=\"https:\/\/news.google.com\/rss\/articles\/CBMijgFBVV95cUxPQzE1Z0JxWmdldUZObkU0T1gzZktHREJqQTZQSFRoS29UeUJEc2M0cjRkLUNxcUJpRmF5ZnQ3bGU3ZFBST2kyRHRPMFp0eWJDU0pXdS1VWmE3cHFJR09CVUlBUFhDeVN3dUx1Y3FjaVA2QnVmVXZQYzl4YmVqMVBmMUpHVE1FQ0FFMlg4QjVn?oc=5\" target=\"_blank\" rel=\"nofollow noopener\">SNR Hjelset: Et \u00abekstraordin\u00e6rt trykk\u00bb p\u00e5 akuttmottaket<\/a>&nbsp;&nbsp;Tidens Krav<\/li>\n<li><a href=\"https:\/\/news.google.com\/rss\/articles\/CBMihwFBVV95cUxQTEZvaVdzR0VoVTd0LXhiRkM2U1o3U3dGNmgzSzhhSVhEOFVwLUwzY1JQQkp0QnNjZ25zckxDX19FWENNejcxMDloQ3RyOGZZMDNoM3RYQjJvYjMwSXptYUsxenozTzJvNnZpeFlac3NteVZhaVhYNkdOUEoxNHVQR0dBallieUU?oc=5\" target=\"_blank\" rel=\"nofollow noopener\">Helse, Influensa | M\u00e5tte \u00f8ke kapasiteten: \u2013 Ble besluttet flere tiltak<\/a>&nbsp;&nbsp;Avisa Nordland<\/li>\n<\/ol>\n","protected":false},"excerpt":{"rendered":"Flere legges inn med influensa: \u2013 Forbereder oss p\u00e5 \u00f8kt tr\u00f8kk&nbsp;&nbsp;Haugesunds Avis Influensasmitten fortsetter \u00e5 \u00f8ke: \u2013 N\u00e6rmer&hellip;\n","protected":false},"author":2,"featured_media":129466,"comment_status":"","ping_status":"","sticky":false,"template":"","format":"standard","meta":{"footnotes":""},"categories":[10],"tags":[20,21,24,25,15,22,23,13,30,28,29,14,16,26,27],"class_list":{"0":"post-129465","1":"post","2":"type-post","3":"status-publish","4":"format-standard","5":"has-post-thumbnail","7":"category-norge","8":"tag-breaking-news","9":"tag-breakingnews","10":"tag-featured-news","11":"tag-featurednews","12":"tag-headlines","13":"tag-latest-news","14":"tag-latestnews","15":"tag-news","16":"tag-no","17":"tag-norge","18":"tag-norway","19":"tag-nyheter","20":"tag-overskrifter","21":"tag-top-stories","22":"tag-topstories"},"share_on_mastodon":{"url":"https:\/\/pubeurope.com\/@no\/115843348760120327","error":""},"_links":{"self":[{"href":"https:\/\/www.europesays.com\/no\/wp-json\/wp\/v2\/posts\/129465","targetHints":{"allow":["GET"]}}],"collection":[{"href":"https:\/\/www.europesays.com\/no\/wp-json\/wp\/v2\/posts"}],"about":[{"href":"https:\/\/www.europesays.com\/no\/wp-json\/wp\/v2\/types\/post"}],"author":[{"embeddable":true,"href":"https:\/\/www.europesays.com\/no\/wp-json\/wp\/v2\/users\/2"}],"replies":[{"embeddable":true,"href":"https:\/\/www.europesays.com\/no\/wp-json\/wp\/v2\/comments?post=129465"}],"version-history":[{"count":0,"href":"https:\/\/www.europesays.com\/no\/wp-json\/wp\/v2\/posts\/129465\/revisions"}],"wp:featuredmedia":[{"embeddable":true,"href":"https:\/\/www.europesays.com\/no\/wp-json\/wp\/v2\/media\/129466"}],"wp:attachment":[{"href":"https:\/\/www.europesays.com\/no\/wp-json\/wp\/v2\/media?parent=129465"}],"wp:term":[{"taxonomy":"category","embeddable":true,"href":"https:\/\/www.europesays.com\/no\/wp-json\/wp\/v2\/categories?post=129465"},{"taxonomy":"post_tag","embeddable":true,"href":"https:\/\/www.europesays.com\/no\/wp-json\/wp\/v2\/tags?post=129465"}],"curies":[{"name":"wp","href":"https:\/\/api.w.org\/{rel}","templated":true}]}}