{"id":129469,"date":"2026-01-05T16:15:09","date_gmt":"2026-01-05T16:15:09","guid":{"rendered":"https:\/\/www.europesays.com\/no\/129469\/"},"modified":"2026-01-05T16:15:09","modified_gmt":"2026-01-05T16:15:09","slug":"nyheter-bergen-over-3000-kunder-uten-strom","status":"publish","type":"post","link":"https:\/\/www.europesays.com\/no\/129469\/","title":{"rendered":"Nyheter, Bergen | Over 3000 kunder uten str\u00f8m"},"content":{"rendered":"\n<p>BKK melder i 17-tiden at 2482 kunder er rammet. Str\u00f8mbruddet gjelder for omr\u00e5det Kristianborg, Land\u00e5s og Minde.<\/p>\n<p>Feilen i str\u00f8mnettet ble registrert mandag klokken 1621. If\u00f8lge BKK, skal feilen v\u00e6re l\u00f8st innen klokken 1930.<\/p>\n<p>Kommunikasjonsr\u00e5dgiver i BKK, Henrik Horjen, bekrefter feilen.<\/p>\n<p>\u2013 Jeg kan bekrefte at det er et str\u00f8mbrudd n\u00e5, og at vi jobber med feils\u00f8king. Det er mont\u00f8rer ute i felt n\u00e5 for \u00e5 finne ut av problemet, sier han.<\/p>\n<p>   <img decoding=\"async\" width=\"6192\" height=\"4128\" fetchpriority=\"low\"  loading=\"lazy\"  src=\"https:\/\/www.europesays.com\/no\/wp-content\/uploads\/2026\/01\/DSC_5337.jpg\" alt=\"\" class=\"brick-c-cFOWSL\" style=\"--brick-image-ratio: 6192 \/ 4128;\"\/><\/p>\n<p>      Denne beskjeden m\u00f8ter handlende.<br \/>\n      Foto: ANDERS KJ\u00d8LEN\n    <\/p>\n<p>BAs journalist p\u00e5 stedet forteller at Coop Extra-butikken p\u00e5 Land\u00e5storget er rammet av str\u00f8mbruddet, og derfor holder stengt.<\/p>\n<p>If\u00f8lge Yr.no er temperaturen i det ber\u00f8rte omr\u00e5det -8 grader.<\/p>\n<ul>\n<li><b>Er du ber\u00f8rt? Tips BA <a href=\"https:\/\/www.ba.no\/vis\/info\/tips-oss\" rel=\"Follow nofollow noopener\" target=\"_blank\">her<\/a><\/b><\/li>\n<\/ul>\n","protected":false},"excerpt":{"rendered":"BKK melder i 17-tiden at 2482 kunder er rammet. Str\u00f8mbruddet gjelder for omr\u00e5det Kristianborg, Land\u00e5s og Minde. Feilen&hellip;\n","protected":false},"author":2,"featured_media":129470,"comment_status":"","ping_status":"","sticky":false,"template":"","format":"standard","meta":{"footnotes":""},"categories":[12],"tags":[36,444,20,21,24,25,15,22,23,13,30,28,29,14,16,1510,2245,26,27,42,43,44,45],"class_list":{"0":"post-129469","1":"post","2":"type-post","3":"status-publish","4":"format-standard","5":"has-post-thumbnail","7":"category-verden","8":"tag-art","9":"tag-bergen","10":"tag-breaking-news","11":"tag-breakingnews","12":"tag-featured-news","13":"tag-featurednews","14":"tag-headlines","15":"tag-latest-news","16":"tag-latestnews","17":"tag-news","18":"tag-no","19":"tag-norge","20":"tag-norway","21":"tag-nyheter","22":"tag-overskrifter","23":"tag-story","24":"tag-strombrudd","25":"tag-top-stories","26":"tag-topstories","27":"tag-verden","28":"tag-world","29":"tag-world-news","30":"tag-worldnews"},"share_on_mastodon":{"url":"https:\/\/pubeurope.com\/@no\/115843388152398404","error":""},"_links":{"self":[{"href":"https:\/\/www.europesays.com\/no\/wp-json\/wp\/v2\/posts\/129469","targetHints":{"allow":["GET"]}}],"collection":[{"href":"https:\/\/www.europesays.com\/no\/wp-json\/wp\/v2\/posts"}],"about":[{"href":"https:\/\/www.europesays.com\/no\/wp-json\/wp\/v2\/types\/post"}],"author":[{"embeddable":true,"href":"https:\/\/www.europesays.com\/no\/wp-json\/wp\/v2\/users\/2"}],"replies":[{"embeddable":true,"href":"https:\/\/www.europesays.com\/no\/wp-json\/wp\/v2\/comments?post=129469"}],"version-history":[{"count":0,"href":"https:\/\/www.europesays.com\/no\/wp-json\/wp\/v2\/posts\/129469\/revisions"}],"wp:featuredmedia":[{"embeddable":true,"href":"https:\/\/www.europesays.com\/no\/wp-json\/wp\/v2\/media\/129470"}],"wp:attachment":[{"href":"https:\/\/www.europesays.com\/no\/wp-json\/wp\/v2\/media?parent=129469"}],"wp:term":[{"taxonomy":"category","embeddable":true,"href":"https:\/\/www.europesays.com\/no\/wp-json\/wp\/v2\/categories?post=129469"},{"taxonomy":"post_tag","embeddable":true,"href":"https:\/\/www.europesays.com\/no\/wp-json\/wp\/v2\/tags?post=129469"}],"curies":[{"name":"wp","href":"https:\/\/api.w.org\/{rel}","templated":true}]}}