{"id":129519,"date":"2026-01-05T17:09:07","date_gmt":"2026-01-05T17:09:07","guid":{"rendered":"https:\/\/www.europesays.com\/no\/129519\/"},"modified":"2026-01-05T17:09:07","modified_gmt":"2026-01-05T17:09:07","slug":"trafikk-nyheter-fotgjenger-til-sykehus-etter-pakjorsel-i-fotgjengerfelt","status":"publish","type":"post","link":"https:\/\/www.europesays.com\/no\/129519\/","title":{"rendered":"Trafikk, Nyheter | Fotgjenger til sykehus etter p\u00e5kj\u00f8rsel i fotgjengerfelt"},"content":{"rendered":"\n<p><b>BRAGERNES: <\/b>Mandag ettermiddag i 17-tiden er en fotgjenger fraktet til sykehus etter at vedkommende ble p\u00e5kj\u00f8rt i Engene p\u00e5 Bragernes.<\/p>\n<p>Vedkommende skal ha hatt smerter i brystet etter kollisjonen. <\/p>\n<p>Like etter hendelsen meldte operasjonsleder Jan Tore Gregersen at personen var p\u00e5kj\u00f8rt i et fotgjengerfelt, og fremstso som lettere skadet.<\/p>\n<p>If\u00f8lge politiet p\u00e5 stedet, var det ambulansen som kom fram.<\/p>\n<p>\u2013 Vi tok da kontroll p\u00e5 bil og f\u00f8rer av denne, og avh\u00f8rer f\u00f8rer n\u00e5, sier en politibetjent avisa snakket med p\u00e5 stedet.<\/p>\n<p>Det skal ikke v\u00e6re mistanke om ruskj\u00f8ring. <\/p>\n<p>Klokken 17:18 melder operasjonsleder Gregersen at fotgjengeren kj\u00f8res til sykehus for flere unders\u00f8kelser. <\/p>\n<p>\u2013 Skadegrad er ukjent, fremst\u00e5r som lettere skadet. F\u00f8rer av bilen blir avh\u00f8rt n\u00e5.<\/p>\n<p>Saken oppdateres!<\/p>\n","protected":false},"excerpt":{"rendered":"BRAGERNES: Mandag ettermiddag i 17-tiden er en fotgjenger fraktet til sykehus etter at vedkommende ble p\u00e5kj\u00f8rt i Engene&hellip;\n","protected":false},"author":2,"featured_media":129520,"comment_status":"","ping_status":"","sticky":false,"template":"","format":"standard","meta":{"footnotes":""},"categories":[10],"tags":[36,3890,20,21,24,25,15,22,23,13,30,28,29,14,16,1510,26,27,224],"class_list":{"0":"post-129519","1":"post","2":"type-post","3":"status-publish","4":"format-standard","5":"has-post-thumbnail","7":"category-norge","8":"tag-art","9":"tag-bragernes","10":"tag-breaking-news","11":"tag-breakingnews","12":"tag-featured-news","13":"tag-featurednews","14":"tag-headlines","15":"tag-latest-news","16":"tag-latestnews","17":"tag-news","18":"tag-no","19":"tag-norge","20":"tag-norway","21":"tag-nyheter","22":"tag-overskrifter","23":"tag-story","24":"tag-top-stories","25":"tag-topstories","26":"tag-trafikk"},"share_on_mastodon":{"url":"https:\/\/pubeurope.com\/@no\/115843600379254161","error":""},"_links":{"self":[{"href":"https:\/\/www.europesays.com\/no\/wp-json\/wp\/v2\/posts\/129519","targetHints":{"allow":["GET"]}}],"collection":[{"href":"https:\/\/www.europesays.com\/no\/wp-json\/wp\/v2\/posts"}],"about":[{"href":"https:\/\/www.europesays.com\/no\/wp-json\/wp\/v2\/types\/post"}],"author":[{"embeddable":true,"href":"https:\/\/www.europesays.com\/no\/wp-json\/wp\/v2\/users\/2"}],"replies":[{"embeddable":true,"href":"https:\/\/www.europesays.com\/no\/wp-json\/wp\/v2\/comments?post=129519"}],"version-history":[{"count":0,"href":"https:\/\/www.europesays.com\/no\/wp-json\/wp\/v2\/posts\/129519\/revisions"}],"wp:featuredmedia":[{"embeddable":true,"href":"https:\/\/www.europesays.com\/no\/wp-json\/wp\/v2\/media\/129520"}],"wp:attachment":[{"href":"https:\/\/www.europesays.com\/no\/wp-json\/wp\/v2\/media?parent=129519"}],"wp:term":[{"taxonomy":"category","embeddable":true,"href":"https:\/\/www.europesays.com\/no\/wp-json\/wp\/v2\/categories?post=129519"},{"taxonomy":"post_tag","embeddable":true,"href":"https:\/\/www.europesays.com\/no\/wp-json\/wp\/v2\/tags?post=129519"}],"curies":[{"name":"wp","href":"https:\/\/api.w.org\/{rel}","templated":true}]}}