{"id":129521,"date":"2026-01-05T17:12:14","date_gmt":"2026-01-05T17:12:14","guid":{"rendered":"https:\/\/www.europesays.com\/no\/129521\/"},"modified":"2026-01-05T17:12:14","modified_gmt":"2026-01-05T17:12:14","slug":"lise-karlsnes-16-ukers-helvete","status":"publish","type":"post","link":"https:\/\/www.europesays.com\/no\/129521\/","title":{"rendered":"Lise Karlsnes, 16 ukers helvete"},"content":{"rendered":"\n<p>Mandag kveld er det premiere p\u00e5 \u00ab16 ukers helvete\u00bb p\u00e5 TV Norge og HBO Max. Blant deltakerne er Briskeby-vokalist Lise Karlsnes (46) fra T\u00f8nsberg.<\/p>\n<p><b>\u2013 Som de fleste sm\u00e5barnsforeldre, s\u00e5 trengte jeg en dytt for \u00e5 prioritere meg selv i en hektisk hverdag. Hvordan skal jeg f\u00e5 inn disse rutinene som jeg kjenner jeg har savnet, men har nedprioritert og manglet energi for \u00e5 sette i system? uttaler hun i en pressemelding.<\/b><\/p>\n<p>\u2013 Og, ikke minst, hvordan trener og spiser jeg riktigere for kroppen min som 46 \u00e5r gammel kvinne, med hormoner som tidvis ikke spiller p\u00e5 lag med verken hodet eller kroppen? Det blir spennende \u00e5 se hvordan trening og kosthold kan hjelpe med \u00e5 ruste meg for denne nye fasen av livet, som er perimenopause og overgangsalder, legger hun til.<\/p>\n<p>  <a href=\"https:\/\/www.tb.no\/5-76-2734127\" class=\"related-teaser has-image default-story-teaser article--c-eRUmMG article--c-eRUmMG-jKCPdD-design-default\" rel=\"nofollow noopener\" target=\"_blank\"><\/p>\n<p>    <img decoding=\"async\" loading=\"lazy\"  src=\"https:\/\/www.europesays.com\/no\/wp-content\/uploads\/2026\/01\/lise1.jpg\" alt=\"\" class=\"brick-c-cFOWSL\" style=\"\"\/><\/p>\n<p>\n            Les ogs\u00e5<\/p>\n<p>              Lise fikk pris\n        <\/p>\n<p>  <\/a><br \/>\n  Ingen konkurranse<\/p>\n<p>I \u00ab16 ukers helvete\u00bb skal de seks deltakerne gjennomg\u00e5 beint\u00f8ff styrke- og mosjonstrening og streng diett, alt i h\u00e5p om \u00e5 n\u00e5 makel\u00f8se resultater.<\/p>\n<p><b>Langrennsstjerna Martin Johnsrud Sundby gir deltakerne tips og veiledning for \u00e5 komme i gang med treningen og holde motivasjonen oppe, og klinisk ern\u00e6ringsfysiolog Anette Skarpaas Ramm fra T\u00f8nsberg gir b\u00e5de deltakere og seere nyttige r\u00e5d om kosthold og matlaging.<\/b><\/p>\n<p>  <a href=\"https:\/\/www.tb.no\/5-76-2669005\" class=\"related-teaser has-image default-story-teaser article--c-eRUmMG article--c-eRUmMG-jKCPdD-design-default\" rel=\"nofollow noopener\" target=\"_blank\"><\/p>\n<p>    <img decoding=\"async\" loading=\"lazy\"  src=\"https:\/\/www.europesays.com\/no\/wp-content\/uploads\/2025\/09\/5_76_1829910+lise3.jpg\" alt=\"\" class=\"brick-c-cFOWSL\" style=\"\"\/><\/p>\n<p>\n            Les ogs\u00e5<\/p>\n<p>              Klar for kjendis-reality: \u2013 Legger sin egen \u00e6re og prestisje i potten\n        <\/p>\n<p>  <\/a><\/p>\n<p>\u2013 Programmet er ingen konkurranse, de har bare seg selv og sine forventninger \u00e5 m\u00e5le seg etter. Felles for dem alle, er at de \u00f8nsker en ny start, st\u00e5r det i pressemeldingen.<\/p>\n<p>            Her er \u00e5rets deltakere<\/p>\n<p>I tillegg til Karlsnes deltar disse kjendisene:<\/p>\n<ul>\n<li>Andreas \u00abTIX\u00bb Haukeland \u2013 Artist og l\u00e5tskriver<\/li>\n<li>Per Sandberg \u2013 Tidligere politiker<\/li>\n<li>Kasper Wikestad \u2013 Fotballkommentator<\/li>\n<li>Henrik Overaa Bj\u00f8rnsson \u2013 Komiker<\/li>\n<li>Aurora Hoff \u2013 Influenser<\/li>\n<\/ul>\n","protected":false},"excerpt":{"rendered":"Mandag kveld er det premiere p\u00e5 \u00ab16 ukers helvete\u00bb p\u00e5 TV Norge og HBO Max. Blant deltakerne er&hellip;\n","protected":false},"author":2,"featured_media":129522,"comment_status":"","ping_status":"","sticky":false,"template":"","format":"standard","meta":{"footnotes":""},"categories":[58],"tags":[5645,36,71,410,4109,30,28,29,1510,431,72],"class_list":{"0":"post-129521","1":"post","2":"type-post","3":"status-publish","4":"format-standard","5":"has-post-thumbnail","7":"category-underholdning","8":"tag-16-ukers-helvete","9":"tag-art","10":"tag-entertainment","11":"tag-kultur","12":"tag-lise-karlsnes","13":"tag-no","14":"tag-norge","15":"tag-norway","16":"tag-story","17":"tag-tonsberg","18":"tag-underholdning"},"share_on_mastodon":{"url":"https:\/\/pubeurope.com\/@no\/115843612210285361","error":""},"_links":{"self":[{"href":"https:\/\/www.europesays.com\/no\/wp-json\/wp\/v2\/posts\/129521","targetHints":{"allow":["GET"]}}],"collection":[{"href":"https:\/\/www.europesays.com\/no\/wp-json\/wp\/v2\/posts"}],"about":[{"href":"https:\/\/www.europesays.com\/no\/wp-json\/wp\/v2\/types\/post"}],"author":[{"embeddable":true,"href":"https:\/\/www.europesays.com\/no\/wp-json\/wp\/v2\/users\/2"}],"replies":[{"embeddable":true,"href":"https:\/\/www.europesays.com\/no\/wp-json\/wp\/v2\/comments?post=129521"}],"version-history":[{"count":0,"href":"https:\/\/www.europesays.com\/no\/wp-json\/wp\/v2\/posts\/129521\/revisions"}],"wp:featuredmedia":[{"embeddable":true,"href":"https:\/\/www.europesays.com\/no\/wp-json\/wp\/v2\/media\/129522"}],"wp:attachment":[{"href":"https:\/\/www.europesays.com\/no\/wp-json\/wp\/v2\/media?parent=129521"}],"wp:term":[{"taxonomy":"category","embeddable":true,"href":"https:\/\/www.europesays.com\/no\/wp-json\/wp\/v2\/categories?post=129521"},{"taxonomy":"post_tag","embeddable":true,"href":"https:\/\/www.europesays.com\/no\/wp-json\/wp\/v2\/tags?post=129521"}],"curies":[{"name":"wp","href":"https:\/\/api.w.org\/{rel}","templated":true}]}}