{"id":129523,"date":"2026-01-05T17:17:16","date_gmt":"2026-01-05T17:17:16","guid":{"rendered":"https:\/\/www.europesays.com\/no\/129523\/"},"modified":"2026-01-05T17:17:16","modified_gmt":"2026-01-05T17:17:16","slug":"ringerike-blalys-fyrte-opp-bal-naer-bygning-ikke-spredningsfare","status":"publish","type":"post","link":"https:\/\/www.europesays.com\/no\/129523\/","title":{"rendered":"Ringerike, Bl\u00e5lys | Fyrte opp b\u00e5l n\u00e6r bygning: \u2013 Ikke spredningsfare"},"content":{"rendered":"\n<p>Mandag ettermiddag er brannvesenet og politiet p\u00e5 vei til Kilemokroken i Ringerike.<\/p>\n<p>Stort b\u00e5l<\/p>\n<p>\u00c5rsaken var en melding om brann i en container.<\/p>\n<p><b>Politiet opplyser klokken 16.50 at det likevel ikke brenner i en container, men et stort b\u00e5l ved siden av containeren. <\/b><\/p>\n<p>Det skal ha v\u00e6rt synlige flammer, som n\u00e5 er i ferd med \u00e5 avta.<\/p>\n<p>Ikke spredningsfare<\/p>\n<p>B\u00e5let er n\u00e6r en veggen til en bygning, av ukjent st\u00f8rrelse og type.<\/p>\n<p><b>\u2013 Det framst\u00e5r ikke som spredningsfare, sier politiets operasjonsleder, Jan Tore Gregersen.<\/b><\/p>\n<p>Under kontroll<\/p>\n<p><b>I en oppdatering klokken 17 melder politiet at brannvesenet har kontroll, og at b\u00e5let er slukket. <\/b><\/p>\n<p>Det er forel\u00f8pig ikke klart hva som har skjedd p\u00e5 stedet.<\/p>\n<p>Kilemokroken er et veinavn p\u00e5 et st\u00f8rre industriomr\u00e5de.<\/p>\n<p>  <a href=\"https:\/\/www.ringblad.no\/5-45-2163062\" class=\"related-teaser has-image default-story-teaser article--c-eRUmMG article--c-eRUmMG-jKCPdD-design-default\" rel=\"nofollow noopener\" target=\"_blank\"><\/p>\n<p>    <img decoding=\"async\" loading=\"lazy\"  src=\"https:\/\/www.europesays.com\/no\/wp-content\/uploads\/2026\/01\/cd9bad41-24f2-42dd-9cf3-d94c111ad895.jpg\" alt=\"\" class=\"brick-c-cFOWSL\" style=\"\"\/><\/p>\n<p>\n            Les ogs\u00e5<\/p>\n<p>              Varslet om brann og \u00abeksplosjoner\u00bb: \u2013 Noe som absolutt ikke burde blitt brent\n        <\/p>\n<p>  <\/a><\/p>\n","protected":false},"excerpt":{"rendered":"Mandag ettermiddag er brannvesenet og politiet p\u00e5 vei til Kilemokroken i Ringerike. Stort b\u00e5l \u00c5rsaken var en melding&hellip;\n","protected":false},"author":2,"featured_media":6127,"comment_status":"","ping_status":"","sticky":false,"template":"","format":"standard","meta":{"footnotes":""},"categories":[10],"tags":[36,2840,20,21,24,25,15,22,23,13,30,28,29,14,16,2032,12883,1510,26,27],"class_list":{"0":"post-129523","1":"post","2":"type-post","3":"status-publish","4":"format-standard","5":"has-post-thumbnail","7":"category-norge","8":"tag-art","9":"tag-blalys","10":"tag-breaking-news","11":"tag-breakingnews","12":"tag-featured-news","13":"tag-featurednews","14":"tag-headlines","15":"tag-latest-news","16":"tag-latestnews","17":"tag-news","18":"tag-no","19":"tag-norge","20":"tag-norway","21":"tag-nyheter","22":"tag-overskrifter","23":"tag-ringerike","24":"tag-ringerike-brann-og-redningstjeneste","25":"tag-story","26":"tag-top-stories","27":"tag-topstories"},"share_on_mastodon":{"url":"https:\/\/pubeurope.com\/@no\/115843631873573166","error":""},"_links":{"self":[{"href":"https:\/\/www.europesays.com\/no\/wp-json\/wp\/v2\/posts\/129523","targetHints":{"allow":["GET"]}}],"collection":[{"href":"https:\/\/www.europesays.com\/no\/wp-json\/wp\/v2\/posts"}],"about":[{"href":"https:\/\/www.europesays.com\/no\/wp-json\/wp\/v2\/types\/post"}],"author":[{"embeddable":true,"href":"https:\/\/www.europesays.com\/no\/wp-json\/wp\/v2\/users\/2"}],"replies":[{"embeddable":true,"href":"https:\/\/www.europesays.com\/no\/wp-json\/wp\/v2\/comments?post=129523"}],"version-history":[{"count":0,"href":"https:\/\/www.europesays.com\/no\/wp-json\/wp\/v2\/posts\/129523\/revisions"}],"wp:featuredmedia":[{"embeddable":true,"href":"https:\/\/www.europesays.com\/no\/wp-json\/wp\/v2\/media\/6127"}],"wp:attachment":[{"href":"https:\/\/www.europesays.com\/no\/wp-json\/wp\/v2\/media?parent=129523"}],"wp:term":[{"taxonomy":"category","embeddable":true,"href":"https:\/\/www.europesays.com\/no\/wp-json\/wp\/v2\/categories?post=129523"},{"taxonomy":"post_tag","embeddable":true,"href":"https:\/\/www.europesays.com\/no\/wp-json\/wp\/v2\/tags?post=129523"}],"curies":[{"name":"wp","href":"https:\/\/api.w.org\/{rel}","templated":true}]}}