{"id":129530,"date":"2026-01-05T17:26:09","date_gmt":"2026-01-05T17:26:09","guid":{"rendered":"https:\/\/www.europesays.com\/no\/129530\/"},"modified":"2026-01-05T17:26:09","modified_gmt":"2026-01-05T17:26:09","slug":"halvor-egner-granerud-ble-nummer-syv-i-kvalifiseringen-i-hoppuka","status":"publish","type":"post","link":"https:\/\/www.europesays.com\/no\/129530\/","title":{"rendered":"Halvor Egner Granerud ble nummer syv i kvalifiseringen i Hoppuka"},"content":{"rendered":"\n<p class=\"_lead_o9xde_2 _lead_xtcu6_50 layout-component text-serif-m layout-normal text-serif-l layout-component layout-wide layout-padded _wide_17hqh_1 layout-padded\">Halvor Egner Granerud leverte et solid hopp p\u00e5 135,5 meter og ble nummer syv i kvalifiseringen til det siste rennet i hoppuka.<\/p>\n<p> <img class=\"_image_qp4xg_65 layout-component layout-wide\" data-fullscreen- data-track-element-type=\"Article image fullscreen\" data-track-name=\"ImageFullscreen\" fetchpriority=\"high\" decoding=\"sync\" loading=\"eager\" height=\"102\" itemprop=\"image\"  src=\"https:\/\/www.europesays.com\/no\/wp-content\/uploads\/2026\/01\/19ea39b6e4c2b0775d1934ffdabb0587.jpg\"  style=\"object-position:50% 50%;aspect-ratio:1.75;height:auto;object-fit:cover;width:100%\" width=\"102\"\/>  <\/p>\n<ul aria-hidden=\"true\" class=\"_images_ntbth_112\">\n<li><a class=\"_link_ntbth_117\" href=\"https:\/\/www.vg.no\/forfatter\/ntb\" style=\"z-index:1\" title=\"NTB\" rel=\"nofollow noopener\" target=\"_blank\"><img alt=\"Bilde av NTB\" class=\"_image_ntbth_93\" fetchpriority=\"low\" loading=\"lazy\" decoding=\"async\" itemprop=\"image\"  src=\"https:\/\/www.europesays.com\/no\/wp-content\/uploads\/2026\/01\/1767633968_286_c33980b0-5d07-4027-84a1-813f90a7c8d6.png\"  width=\"480\"\/><\/a><\/li>\n<\/ul>\n<p> Oppdatert mandag 5. januar kl. 17:52     <\/p>\n<p class=\"_paragraph_o9xde_4 _paragraph_xtcu6_10 layout-component text-serif-m layout-normal text-serif-m layout-padded\">\u00c5rets utgave av den tysk-\u00f8sterrikske hoppuka avsluttes i Bischofshofen tirsdag. Mandag var det kvalifisering, og der slo Granerud til med et fint svev.<\/p>\n<p class=\"_paragraph_o9xde_4 _paragraph_xtcu6_10 layout-component text-serif-m layout-normal text-serif-m layout-padded\">\u2013 Han har strevd veldig i mange omganger. Her sl\u00e5r han tilbake og viser oss hva han kan, sa Viaplay-ekspert Anders Jacobsen.<\/p>\n<p class=\"_paragraph_o9xde_4 _paragraph_xtcu6_10 layout-component text-serif-m layout-normal text-serif-m layout-padded\">Granerud var sint etter \u00e5 ha r\u00f8ket ut i 1. omgang i rennet i Innsbruck s\u00f8ndag. Han var misforn\u00f8yd med arrang\u00f8ren etter heis- og utstyrstr\u00f8bbel.<\/p>\n<p class=\"_paragraph_o9xde_4 _paragraph_xtcu6_10 layout-component text-serif-m layout-normal text-serif-m layout-padded\">\u2013 Det er sjelden jeg er oppe p\u00e5 et slikt tenningsniv\u00e5, s\u00e5 det gikk fort over, sa Granerud til Viaplay f\u00f8r kvalifiseringen mandag.<\/p>\n<p><img alt=\"Halvor Egner Granerud i aksjon under hoppuka.   Foto: Matthias Schrader \/ AP \/ NTB\" class=\"_image_qp4xg_65 layout-component layout-normal\" data-fullscreen- data-track-element-type=\"Article image fullscreen\" data-track-name=\"ImageFullscreen\" decoding=\"async\" loading=\"lazy\" height=\"4480\" itemprop=\"image\"  src=\"https:\/\/www.europesays.com\/no\/wp-content\/uploads\/2026\/01\/e8793b52-d928-435c-ab8f-f7d04c4ebce2.png\"  style=\"object-position:0% 0%\" width=\"6719\"\/>Halvor Egner Granerud i aksjon under hoppuka.   Foto: Matthias Schrader \/ AP \/ NTB<\/p>\n<p class=\"_paragraph_o9xde_4 _paragraph_xtcu6_10 layout-component text-serif-m layout-normal text-serif-m layout-padded\">Isak Andreas Langmo hoppet ogs\u00e5 knallsterkt og landet p\u00e5 132,5 meter. Det holdt til en veldig oppl\u00f8ftende 8.-plass. Han fikk sitte lenge i lederstolen f\u00f8r Granerud overtok den.<\/p>\n<p class=\"_paragraph_o9xde_4 _paragraph_xtcu6_10 layout-component text-serif-m layout-normal text-serif-m layout-padded\">\u2013 Det var stas \u00e5 endelig f\u00e5 litt godf\u00f8lelse i lufta, sa Langmo til Viaplay.<\/p>\n<p class=\"_paragraph_o9xde_4 _paragraph_xtcu6_10 layout-component text-serif-m layout-normal text-serif-m layout-padded\">Robin Pedersen tok seg videre til rennet med et svev p\u00e5 126,5 meter, mens Kristoffer Eriksen Sundal hoppet 122 meter.<\/p>\n<p class=\"_paragraph_o9xde_4 _paragraph_xtcu6_10 layout-component text-serif-m layout-normal text-serif-m layout-padded\">Johann Andr\u00e9 Forfang kom skjevt ut fra hoppkanten og fikk opp 119,5 meter. Det betyr at han kan f\u00e5 t\u00f8ff motstand i tirsdagens renn. Der hoppes det dueller med topp 25 mot bunn 25 i kvalifiseringen.<\/p>\n<p class=\"_paragraph_o9xde_4 _paragraph_xtcu6_10 layout-component text-serif-m layout-normal text-serif-m layout-padded\">Benjamin \u00d8stvold landet tidlig p\u00e5 116 meter. Det holdt akkurat til \u00e5 komme gjennom kvalifiseringen.<\/p>\n<p class=\"_paragraph_o9xde_4 _paragraph_xtcu6_10 layout-component text-serif-m layout-normal text-serif-m layout-padded\">\u00d8stvold kom inn i hoppuka etter at Marius Lindvik trakk seg i helgen.<\/p>\n","protected":false},"excerpt":{"rendered":"Halvor Egner Granerud leverte et solid hopp p\u00e5 135,5 meter og ble nummer syv i kvalifiseringen til det&hellip;\n","protected":false},"author":2,"featured_media":129531,"comment_status":"","ping_status":"","sticky":false,"template":"","format":"standard","meta":{"footnotes":""},"categories":[59],"tags":[12126,770,1489,1129,30,28,29,14572,83,82],"class_list":{"0":"post-129530","1":"post","2":"type-post","3":"status-publish","4":"format-standard","5":"has-post-thumbnail","7":"category-sport","8":"tag-halvor-egner-granerud","9":"tag-hopp","10":"tag-johann-andre-forfang","11":"tag-kristoffer-eriksen-sundal","12":"tag-no","13":"tag-norge","14":"tag-norway","15":"tag-robin-pedersen","16":"tag-sport","17":"tag-sports"},"share_on_mastodon":{"url":"https:\/\/pubeurope.com\/@no\/115843667254385520","error":""},"_links":{"self":[{"href":"https:\/\/www.europesays.com\/no\/wp-json\/wp\/v2\/posts\/129530","targetHints":{"allow":["GET"]}}],"collection":[{"href":"https:\/\/www.europesays.com\/no\/wp-json\/wp\/v2\/posts"}],"about":[{"href":"https:\/\/www.europesays.com\/no\/wp-json\/wp\/v2\/types\/post"}],"author":[{"embeddable":true,"href":"https:\/\/www.europesays.com\/no\/wp-json\/wp\/v2\/users\/2"}],"replies":[{"embeddable":true,"href":"https:\/\/www.europesays.com\/no\/wp-json\/wp\/v2\/comments?post=129530"}],"version-history":[{"count":0,"href":"https:\/\/www.europesays.com\/no\/wp-json\/wp\/v2\/posts\/129530\/revisions"}],"wp:featuredmedia":[{"embeddable":true,"href":"https:\/\/www.europesays.com\/no\/wp-json\/wp\/v2\/media\/129531"}],"wp:attachment":[{"href":"https:\/\/www.europesays.com\/no\/wp-json\/wp\/v2\/media?parent=129530"}],"wp:term":[{"taxonomy":"category","embeddable":true,"href":"https:\/\/www.europesays.com\/no\/wp-json\/wp\/v2\/categories?post=129530"},{"taxonomy":"post_tag","embeddable":true,"href":"https:\/\/www.europesays.com\/no\/wp-json\/wp\/v2\/tags?post=129530"}],"curies":[{"name":"wp","href":"https:\/\/api.w.org\/{rel}","templated":true}]}}