{"id":129534,"date":"2026-01-05T17:30:12","date_gmt":"2026-01-05T17:30:12","guid":{"rendered":"https:\/\/www.europesays.com\/no\/129534\/"},"modified":"2026-01-05T17:30:12","modified_gmt":"2026-01-05T17:30:12","slug":"charlotte-15-dode-ryster-britene","status":"publish","type":"post","link":"https:\/\/www.europesays.com\/no\/129534\/","title":{"rendered":"Charlotte (15) d\u00f8de: Ryster britene"},"content":{"rendered":"<p class=\"kicker \" style=\"\">Branntragedien i Sveits<\/p>\n<p>  Den britiske skolen ba om \u00abet mirakel\u00bb da Charlotte forsvant etter katastrofebrannen i alpene. N\u00e5 er hun bekreftet omkommet.<\/p>\n<p>\n    SKREKK: Familien til Charlotte Niddam er i sorg etter at 15-\u00e5ringen d\u00f8de natt til f\u00f8rste nytt\u00e5rsdag. Foto: Privat\n  <\/p>\n<p>    Kort fortalt<\/p>\n<ul lang=\"nb-NO\">\n<li>Alle de 40 ofrene i brannen i Crans-Montana er identifisert, inkludert 15 \u00e5r gamle Charlotte Niddam.<\/li>\n<li>Brannen br\u00f8t ut p\u00e5 utestedet Constellation i Sveits, og 119 personer ble skadd.<\/li>\n<li>Charlotte, som opprinnelig kommer fra Israel, England og Frankrike, ble bekreftet d\u00f8d etter \u00e5 ha v\u00e6rt savnet.\u00a0<\/li>\n<li>Sveitsiske myndigheter etterforsker brannen, og stjerneskudd pekes ut som en mulig \u00e5rsak.<\/li>\n<\/ul>\n<p class=\"italic ai-disclaimer\" data-lab-italic=\"italic\">Sammendraget er laget av ChatGPT og godkjent av Dagbladet.<\/p>\n<p>      Vis mer<br \/>\n      Vis mindre<\/p>\n<p>S\u00f8ndag ble det bekreftet:\u00a0<a href=\"https:\/\/www.dagbladet.no\/studio\/72720-nyhetsstudio\/10795703-alle-40-ofrene-for-brannen-i-sveits-er-identifisert-opplyser-politiet\" rel=\"nofollow noopener\" target=\"_blank\">Alle de 40 personene som d\u00f8de\u00a0<\/a>i d\u00f8dsbrannen ved et sveitsisk skianlegg i forrige uke er identifisert.\u00a0<\/p>\n<p>Katastrofebrannen br\u00f8t ut p\u00e5 utestedet\u00a0Constellation i alpebyen Crans-Montana natt til 1. nytt\u00e5rsdag. I tillegg til de flere titalls d\u00f8de ble 119 personer skadd, flere av dem kritisk.\u00a0<\/p>\n<p>    <a itemprop=\"url\" href=\"https:\/\/www.dagbladet.no\/nyheter\/stjerneskudd-trolig-arsak\/84049089\" rel=\"nofollow noopener\" target=\"_blank\"><\/p>\n<p>        <img loading=\"lazy\" decoding=\"async\" src=\"https:\/\/www.europesays.com\/no\/wp-content\/uploads\/2026\/01\/84049113.webp.webp\" width=\"980\" height=\"441\" title=\"Stjerneskudd trolig \u00e5rsak\" alt=\"\" class=\"lazyload\" style=\"--aspect-ratio-image: 2.22; \"\/><\/p>\n<p>        Stjerneskudd trolig \u00e5rsak<\/p>\n<p>    <\/a><\/p>\n<p class=\"font-weight-bold m-font-weight-bold\" data-lab-font_weight=\"font-weight-bold\">Blant de d\u00f8de er 15 \u00e5r gamle Charlotte Niddam som opprinnelig kommer fra Israel, England og Frankrike.\u00a0<\/p>\n<p>Det bekrefter familien i et innlegg p\u00e5 sosiale medier.\u00a0<\/p>\n<p class=\"font-weight-bold m-font-weight-bold\" data-lab-font_weight=\"font-weight-bold\">&#8211; Det er med stor sorg vi deler at v\u00e5r vakre datter og s\u00f8ster Charlotte er d\u00f8d, heter det.\u00a0<\/p>\n<p>        <img loading=\"lazy\" decoding=\"async\" src=\"https:\/\/www.europesays.com\/no\/wp-content\/uploads\/2026\/01\/84056510.webp.webp\" width=\"686\" height=\"577\" title=\"I SORG: Familien bekreftet d\u00f8dsfallet i et innlegg p\u00e5 sosiale medier. Begravelsen holdes i Paris denne uka. Foto: Instagram \/ @cransmontana.avisderecherche\" alt=\"\" class=\"\" style=\"--aspect-ratio-image: 1.19; \"\/><\/p>\n<p>\n        I SORG: Familien bekreftet d\u00f8dsfallet i et innlegg p\u00e5 sosiale medier. Begravelsen holdes i Paris denne uka. Foto: Instagram \/ @cransmontana.avisderecherche\n    <\/p>\n<p>If\u00f8lge <a href=\"https:\/\/www.independent.co.uk\/news\/world\/europe\/british-schoolgirl-dead-swiss-fire-b2894346.html\" rel=\"nofollow noopener\" target=\"_blank\">The Independent<\/a> jobbet hun som barnevakt i Valais-regionen, der tragedien br\u00f8t ut natt til 1. januar.\u00a0<\/p>\n<p>Gjennom oppveksten gikk Charlotte p\u00e5 skole i England, blant annet ved privatskolen\u00a0Immanuel College i Hertfordshire.\u00a0<\/p>\n<p>Da 15-\u00e5ringen innledningsvis hadde status som savnet, uttalte skolen at de\u00a0\u00abba om et mirakel\u00bb.\u00a0<\/p>\n<p>Uttrykker sorg\t<\/p>\n<p>Jentas d\u00f8dsfall ryster England.\u00a0<\/p>\n<p>Utenriksminister Yvette Cooper kom s\u00f8ndag med en uttalelse p\u00e5 <a href=\"https:\/\/x.com\/YvetteCooperMP\/status\/2007953670915375183\" rel=\"nofollow\">X<\/a> for \u00e5 minnes Charlotte.\u00a0<\/p>\n<p>&#8211; Det er forferdelige nyheter at Charlotte Niddam er identifisert som en av de omkomne i Crans-Montana-brannen. Mine tanker g\u00e5r til familien og vennene hennes etter dette forferdelige tapet. <\/p>\n<p>    <a itemprop=\"url\" href=\"https:\/\/www.dagbladet.no\/nyheter\/her-tar-taket-fyr\/84046919\" rel=\"nofollow noopener\" target=\"_blank\"><\/p>\n<p>        <img loading=\"lazy\" decoding=\"async\" src=\"https:\/\/www.europesays.com\/no\/wp-content\/uploads\/2026\/01\/1767634211_859_84047178.webp.webp\" width=\"980\" height=\"441\" title=\"Her tar taket fyr\" alt=\"\" class=\"lazyload\" style=\"--aspect-ratio-image: 2.22; \"\/><\/p>\n<p>        Her tar taket fyr<\/p>\n<p>    <\/a><\/p>\n<p>Etter mange \u00e5r i England flyttet Charlotte til Frankrike med familien, hvor hun var hjemmeh\u00f8rende da brannen inntraff.\u00a0<\/p>\n<p>Begravelsen skal if\u00f8lge familien finne sted i Paris seinere denne uka.\u00a0<\/p>\n<p>Fraktet ut av landet\t<\/p>\n<p>S\u00f8ndag offentliggjorde det sveitsiske politiet nasjonaliteten og alderen p\u00e5 flere av ofrene etter katastrofebrannen.\u00a0<\/p>\n<p>If\u00f8lge <a href=\"https:\/\/www.bbc.com\/news\/articles\/cwy8p13ezdxo\" rel=\"nofollow noopener\" target=\"_blank\">BBC<\/a> er alle de ber\u00f8rte mellom 14 og 39 \u00e5r gamle, og kommer blant annet fra Portugal, Romania, Frankrike, Italia og Sveits.\u00a0<\/p>\n<p>Mange fikk alvorlige skader. <a href=\"https:\/\/www.dagbladet.no\/nyheter\/stjerneskudd-trolig-arsak\/84049089\" rel=\"nofollow noopener\" target=\"_blank\">Rundt 50 pasienter<\/a> har blitt flyttet til sykehus utenfor de sveitsiske landegrensene, blant annet i Frankrike og Italia.\u00a0<\/p>\n<p>Helseminister Jan Christian Vestre meldte fredag at Haukeland universitetssjukehus i Bergen sto klare til \u00e5 ta imot to brannpasienter.\u00a0<\/p>\n<p>Etterforskes\t<\/p>\n<p>Det f\u00f8rste offeret som ble identifisert var\u00a0<a href=\"https:\/\/www.dagbladet.no\/sport\/stor-sorg-ble-bare-17-ar\/84047408\" rel=\"nofollow noopener\" target=\"_blank\">italieneren Emanuele Galeppini.<\/a>\u00a0<\/p>\n<p class=\"font-weight-bold m-font-weight-bold\" data-lab-font_weight=\"font-weight-bold\">Den lovende golfspilleren ble bare 17 \u00e5r gammel.\u00a0<\/p>\n<p>        <img loading=\"lazy\" decoding=\"async\" src=\"https:\/\/www.europesays.com\/no\/wp-content\/uploads\/2026\/01\/84057023.webp.webp\" width=\"667\" height=\"501\" title=\"TRAGEDIE: Emanuele Galeppini er blant dem som gikk bort. Foto: Federazioneitalianagolf \/ Instagram\" alt=\"\" class=\"\" style=\"--aspect-ratio-image: 1.33; \"\/><\/p>\n<p>\n        TRAGEDIE: Emanuele Galeppini er blant dem som gikk bort. Foto: Federazioneitalianagolf \/ Instagram\n    <\/p>\n<p>Det italienske golfforbundet rykket ut med en melding om det tragiske d\u00f8dsfallet:<\/p>\n<p>\u00abI denne tunge tida g\u00e5r v\u00e5re tanker til hans familie og alle som stod ham n\u00e6r,\u00bb heter det, if\u00f8lge\u00a0<a href=\"https:\/\/news.sky.com\/story\/swizterland-bar-fire-latest-crans-montana-ski-resort-live-13489063?postid=10781778#liveblog-body\" target=\"_blank\" rel=\"nofollow noopener\">Sky News<\/a>.<\/p>\n<p>    <a itemprop=\"url\" href=\"https:\/\/www.dagbladet.no\/sport\/stor-sorg-ble-bare-17-ar\/84047408\" rel=\"nofollow noopener\" target=\"_blank\"><\/p>\n<p>        <img loading=\"lazy\" decoding=\"async\" src=\"https:\/\/www.europesays.com\/no\/wp-content\/uploads\/2026\/01\/84047435.webp.webp\" width=\"980\" height=\"441\" title=\"Stor sorg: Ble bare 17 \u00e5r\" alt=\"\" class=\"lazyload\" style=\"--aspect-ratio-image: 2.22; \"\/><\/p>\n<p>        Stor sorg: Ble bare 17 \u00e5r<\/p>\n<p>    <\/a><\/p>\n<p>Sveitsiske myndigheter har iverksatt en etterforskning av den massive brannen.\u00a0<\/p>\n<p class=\"font-weight-bold m-font-weight-bold\" data-lab-font_weight=\"font-weight-bold\">Brann\u00e5rsaken er ikke fastsl\u00e5tt, men politiet har en teori om at den kan ha utviklet seg fra stjerneskudd.\u00a0<\/p>\n<p>Mot slutten av forrige uke ble det spredt flere bilder og videoer av brannen i lokalet, og panikken som fulgte.\u00a0<\/p>\n<p>        KRITIKK: Et utested i Sverige har motatt kritikk etter at de valgte \u00e5 fyre isfakler timer etter brannen i Sveits. Video: Privat.<\/p>\n<p> <a href=\"https:\/\/www.dagbladet.no\/nyheter\/stjerneskudd-trolig-arsak\/84049089\" rel=\"nofollow noopener\" target=\"_blank\">Vitner fortalte at servit\u00f8rer gikk rundt<\/a>\u00a0med champagneflasker med stjerneskudd, og har hevdet at disse antente taket.<\/p>\n<p> &#8211; Det ser ut til at brannen startet med stjerneskudd, ogs\u00e5 kjent som fakler, som var plassert p\u00e5 toppen av champagneflasker, uttalte statsadvokat B\u00e9atrice Pilloud. \u00a0<\/p>\n","protected":false},"excerpt":{"rendered":"Branntragedien i Sveits Den britiske skolen ba om \u00abet mirakel\u00bb da Charlotte forsvant etter katastrofebrannen i alpene. N\u00e5&hellip;\n","protected":false},"author":2,"featured_media":129535,"comment_status":"","ping_status":"","sticky":false,"template":"","format":"standard","meta":{"footnotes":""},"categories":[12],"tags":[367,20,21,24,25,15,22,23,13,30,28,29,14,16,209,26,27,412,42,43,44,45],"class_list":{"0":"post-129534","1":"post","2":"type-post","3":"status-publish","4":"format-standard","5":"has-post-thumbnail","7":"category-verden","8":"tag-brann","9":"tag-breaking-news","10":"tag-breakingnews","11":"tag-featured-news","12":"tag-featurednews","13":"tag-headlines","14":"tag-latest-news","15":"tag-latestnews","16":"tag-news","17":"tag-no","18":"tag-norge","19":"tag-norway","20":"tag-nyheter","21":"tag-overskrifter","22":"tag-sveits","23":"tag-top-stories","24":"tag-topstories","25":"tag-utenriks","26":"tag-verden","27":"tag-world","28":"tag-world-news","29":"tag-worldnews"},"share_on_mastodon":{"url":"https:\/\/pubeurope.com\/@no\/115843683177797890","error":""},"_links":{"self":[{"href":"https:\/\/www.europesays.com\/no\/wp-json\/wp\/v2\/posts\/129534","targetHints":{"allow":["GET"]}}],"collection":[{"href":"https:\/\/www.europesays.com\/no\/wp-json\/wp\/v2\/posts"}],"about":[{"href":"https:\/\/www.europesays.com\/no\/wp-json\/wp\/v2\/types\/post"}],"author":[{"embeddable":true,"href":"https:\/\/www.europesays.com\/no\/wp-json\/wp\/v2\/users\/2"}],"replies":[{"embeddable":true,"href":"https:\/\/www.europesays.com\/no\/wp-json\/wp\/v2\/comments?post=129534"}],"version-history":[{"count":0,"href":"https:\/\/www.europesays.com\/no\/wp-json\/wp\/v2\/posts\/129534\/revisions"}],"wp:featuredmedia":[{"embeddable":true,"href":"https:\/\/www.europesays.com\/no\/wp-json\/wp\/v2\/media\/129535"}],"wp:attachment":[{"href":"https:\/\/www.europesays.com\/no\/wp-json\/wp\/v2\/media?parent=129534"}],"wp:term":[{"taxonomy":"category","embeddable":true,"href":"https:\/\/www.europesays.com\/no\/wp-json\/wp\/v2\/categories?post=129534"},{"taxonomy":"post_tag","embeddable":true,"href":"https:\/\/www.europesays.com\/no\/wp-json\/wp\/v2\/tags?post=129534"}],"curies":[{"name":"wp","href":"https:\/\/api.w.org\/{rel}","templated":true}]}}