{"id":129536,"date":"2026-01-05T17:31:10","date_gmt":"2026-01-05T17:31:10","guid":{"rendered":"https:\/\/www.europesays.com\/no\/129536\/"},"modified":"2026-01-05T17:31:10","modified_gmt":"2026-01-05T17:31:10","slug":"moxnes-vil-kaste-ut-amerikanske-soldater","status":"publish","type":"post","link":"https:\/\/www.europesays.com\/no\/129536\/","title":{"rendered":"Moxnes vil kaste ut amerikanske soldater"},"content":{"rendered":"\n<p class=\"_paragraph_o9xde_4 _paragraph_xtcu6_10 layout-component text-serif-m layout-normal text-serif-m layout-padded\">Mandag morgen ville ikke statsminister Jonas Gahr St\u00f8re ford\u00f8mme USAs angrep p\u00e5 <a href=\"https:\/\/www.vg.no\/tag\/venezuela?utm_source=vg-article&amp;utm_medium=auto-tagger&amp;utm_campaign=43qvoa\" class=\"_link_o9xde_39\" rel=\"nofollow noopener\" target=\"_blank\">Venezuela<\/a>. <\/p>\n<p class=\"_paragraph_o9xde_4 _paragraph_xtcu6_10 layout-component text-serif-m layout-normal text-serif-m layout-padded\">\u2013 Jeg bruker de ordene vi har brukt n\u00e5, at vi mener at dette er et brudd p\u00e5 folkeretten. Det er alvorlig \u00e5 ikke f\u00f8lge folkeretten, sa han til NRK i Politisk kvarter.<\/p>\n<p class=\"_paragraph_o9xde_4 _paragraph_xtcu6_10 layout-component text-serif-m layout-normal text-serif-m layout-padded\">R\u00f8dts utenrikspolitiske talsperson, Bj\u00f8rnar Moxnes, sier Trump ikke bel\u00f8nner ettergivenhet og gir den amerikanske presidenten svar p\u00e5 tiltale:<\/p>\n<p class=\"_paragraph_o9xde_4 _paragraph_xtcu6_10 layout-component text-serif-m layout-normal text-serif-m layout-padded\">\u2013 Det er en stor ulykke for norsk sikkerhet at vi har tillatt 12 amerikanske milit\u00e6rbaser i Norge, som akkurat n\u00e5 bygges opp p\u00e5 Rygge og andre steder, hvor USA har full r\u00e5derett. De kan brukes for \u00e5 true Danmark.<\/p>\n<p class=\"_paragraph_o9xde_4 _paragraph_xtcu6_10 layout-component text-serif-m layout-normal text-serif-m layout-padded\">\u2013 Mener du det?<\/p>\n<p class=\"_paragraph_o9xde_4 _paragraph_xtcu6_10 layout-component text-serif-m layout-normal text-serif-m layout-padded\">\u2013 Ja, visepresident James D. Vance har gjort det veldig klart at det de n\u00e5 gj\u00f8r i Venezuela viser at Trump holder ord og viser handling. Det kan fort komme til ogs\u00e5 \u00e5 gjelde Gr\u00f8nland og Danmark.<\/p>\n<p><img alt=\"Foto: G\u00f8ran Bohlin \/ VG\" class=\"_image_qp4xg_65 layout-component layout-normal\" data-fullscreen- data-track-element-type=\"Article image fullscreen\" data-track-name=\"ImageFullscreen\" decoding=\"async\" loading=\"lazy\" height=\"5465\" itemprop=\"image\"  src=\"https:\/\/www.europesays.com\/no\/wp-content\/uploads\/2026\/01\/e5174d61-5300-48ce-ae02-1efa39b5ea6d.jpeg\"  style=\"object-position:0% 0%\" width=\"7286\"\/>Foto: G\u00f8ran Bohlin \/ VG<\/p>\n<p class=\"_paragraph_o9xde_4 _paragraph_xtcu6_10 layout-component text-serif-m layout-normal text-serif-m layout-padded\">\u2013 Listen ligger ganske mye h\u00f8yere for Trump \u00e5 angripe et annet Nato-land?<\/p>\n<p class=\"_paragraph_o9xde_4 _paragraph_xtcu6_10 layout-component text-serif-m layout-normal text-serif-m layout-padded\">\u2013 Jeg h\u00e5per det, men det er helt umulig \u00e5 si. Han bryr seg lite om folkerett og lite om allianser.<\/p>\n<p class=\"_paragraph_o9xde_4 _paragraph_xtcu6_10 layout-component text-serif-m layout-normal text-serif-m layout-padded\">Moxnes understreker at trusselen USA utgj\u00f8r mot Gr\u00f8nland og Danmark ikke begrenser seg til konvensjonell invasjon, men ogs\u00e5 hybrid krigf\u00f8ring gjennom trusler, \u00f8konomiske sanksjoner, p\u00e5virkningskampanjer og desinformasjon.<\/p>\n<p class=\"_paragraph_o9xde_4 _paragraph_xtcu6_10 layout-component text-serif-m layout-normal text-serif-m layout-padded\">\u2013 Slik vi allerede ser n\u00e5r Trump aktivt bruker angrepet p\u00e5 Venezuela til \u00e5 true danske og gr\u00f8nlandske myndigheter til \u00e5 gi etter.<\/p>\n<p class=\"_paragraph_o9xde_4 _paragraph_xtcu6_10 layout-component text-serif-m layout-normal text-serif-m layout-padded\">S\u00e5 ber han om omkamp.<\/p>\n<p class=\"_paragraph_o9xde_4 _paragraph_xtcu6_10 layout-component text-serif-m layout-normal text-serif-m layout-padded\">\u2013 Vi vil l\u00f8fte diskusjonen om <a href=\"https:\/\/www.nrk.no\/norge\/norge-apnet-for-tredoblet-amerikansk-naervaer-_-sa-kom-trump-1.17325812\" class=\"_link_o9xde_39\" rel=\"nofollow noopener\" target=\"_blank\">de 12<\/a> amerikanske milit\u00e6rbasene i Norge. Det er avtaler som kan sies opp.<\/p>\n<p class=\"_paragraph_o9xde_4 _paragraph_xtcu6_10 layout-component text-serif-m layout-normal text-serif-m layout-padded\">\u2013 Dere vil kaste ut de amerikanske styrkene?<\/p>\n<p class=\"_paragraph_o9xde_4 _paragraph_xtcu6_10 layout-component text-serif-m layout-normal text-serif-m layout-padded\">\u2013 Ja, dette har blitt noe annet enn amerikanske bes\u00f8k p\u00e5 \u00f8velser, som gj\u00f8r oss mer s\u00e5rbare overfor USA.<\/p>\n<p><img alt=\"Foto: G\u00f8ran Bohlin \/ VG\" class=\"_image_qp4xg_65 layout-component layout-normal\" data-fullscreen- data-track-element-type=\"Article image fullscreen\" data-track-name=\"ImageFullscreen\" decoding=\"async\" loading=\"lazy\" height=\"5492\" itemprop=\"image\"  src=\"https:\/\/www.europesays.com\/no\/wp-content\/uploads\/2026\/01\/649d9dfc-6179-4225-a091-27378d117885.jpeg\"  style=\"object-position:0% 0%\" width=\"7323\"\/>Foto: G\u00f8ran Bohlin \/ VG<\/p>\n<p class=\"_paragraph_o9xde_4 _paragraph_xtcu6_10 layout-component text-serif-m layout-normal text-serif-m layout-padded\">\u2013 Det er norsk suverenitet som fortsatt gjelder i Norge?<\/p>\n<p class=\"_paragraph_o9xde_4 _paragraph_xtcu6_10 layout-component text-serif-m layout-normal text-serif-m layout-padded\">\u2013 Nei, det er full amerikansk r\u00e5derett over de basene. De kan gj\u00f8re hva de vil p\u00e5 basene og ut ifra de basene.<\/p>\n<p class=\"_paragraph_o9xde_4 _paragraph_xtcu6_10 layout-component text-serif-m layout-normal text-serif-m layout-padded\">Han viser til at det i <a href=\"https:\/\/www.regjeringen.no\/no\/dokumenter\/kglres_forsvarssamarbeid\/id2845034\/\" class=\"_link_o9xde_39\" rel=\"nofollow noopener\" target=\"_blank\">regjeringens omtale av avtalen<\/a> heter:<\/p>\n<p class=\"_paragraph_o9xde_4 _paragraph_xtcu6_10 layout-component text-serif-m layout-normal text-serif-m layout-padded\">\u00abSamtidig understreker avtalen flere steder at den inng\u00e5s med full respekt for norsk suverenitet, norske lover og folkerettslige forpliktelser.<\/p>\n<p class=\"_paragraph_o9xde_4 _paragraph_xtcu6_10 layout-component text-serif-m layout-normal text-serif-m layout-padded\">I dette ligger en forpliktelse til \u00e5 f\u00f8lge norsk regelverk, likevel slik<strong class=\"_strong_o9xde_25\"> at USA ikke anser denne forpliktelsen som gjeldende der det ikke er forenlig med amerikanske tjenstlige behov<\/strong>.\u00bb<\/p>\n<p class=\"_paragraph_o9xde_4 _paragraph_xtcu6_10 layout-component text-serif-m layout-normal text-serif-m layout-padded\">\u2013 Det gir amerikanerne full r\u00e5derett, mener Moxnes.<\/p>\n<p class=\"_paragraph_o9xde_4 _paragraph_xtcu6_10 layout-component text-serif-m layout-normal text-serif-m layout-padded\">\u2013 Regjeringen har tidligere kalt dette omforente omr\u00e5deromforente omr\u00e5derOmforente omr\u00e5der er steder som Norge, USA og andre allierte styrker kan bruke i fellesskap for milit\u00e6re form\u00e5l., ikke baser, slik dere kaller det? <\/p>\n<p class=\"_paragraph_o9xde_4 _paragraph_xtcu6_10 layout-component text-serif-m layout-normal text-serif-m layout-padded\">\u2013 Dette er for alle praktiske form\u00e5l amerikanske milit\u00e6rbaser hvor amerikanerne har full r\u00e5derett. Og vi vet ikke hvor mange amerikanske soldater og utstyr som skal v\u00e6re ved de amerikanske basene. Det finnes ingen grense if\u00f8lge avtalen.<\/p>\n<p class=\"_paragraph_o9xde_4 _paragraph_xtcu6_10 layout-component text-serif-m layout-normal text-serif-m layout-padded\">\u2013 Og Norge har ikke krav p\u00e5 \u00e5 vite, fortsetter han:<\/p>\n<p class=\"_paragraph_o9xde_4 _paragraph_xtcu6_10 layout-component text-serif-m layout-normal text-serif-m layout-padded\">\u2013 Vi kan sp\u00f8rre, men de m\u00e5 ikke svare. Og vi kan be om at basene ikke brukes til det eller det. Amerikanerne kan vurdere det. Og de bestemmer. <\/p>\n<p>Ber om redegj\u00f8relse<\/p>\n<p class=\"_paragraph_o9xde_4 _paragraph_xtcu6_10 layout-component text-serif-m layout-normal text-serif-m layout-padded\">Han sier at de ogs\u00e5 vil be om at utenriksministeren eller statsministeren kommer til Stortinget for \u00e5 redegj\u00f8re for situasjonen.<\/p>\n<p><img alt=\"Foto: G\u00f8ran Bohlin \/ VG\" class=\"_image_qp4xg_65 layout-component layout-normal\" data-fullscreen- data-track-element-type=\"Article image fullscreen\" data-track-name=\"ImageFullscreen\" decoding=\"async\" loading=\"lazy\" height=\"5401\" itemprop=\"image\"  src=\"https:\/\/www.europesays.com\/no\/wp-content\/uploads\/2026\/01\/4331c4ba-bc60-4243-94bf-7b1f413117c9.jpeg\"  style=\"object-position:0% 0%\" width=\"7723\"\/>Foto: G\u00f8ran Bohlin \/ VGLitt mer her:<\/p>\n<p class=\"_paragraph_o9xde_4 _paragraph_xtcu6_10 _paragraph_16v91_10 layout-component text-serif-m layout-normal text-sans-m layout-padded\">\u2013 Regjeringen har v\u00e6rt klarere i sin st\u00f8tte til Danmark?<\/p>\n<p class=\"_paragraph_o9xde_4 _paragraph_xtcu6_10 _paragraph_16v91_10 layout-component text-serif-m layout-normal text-sans-m layout-padded\">\u2013 Det er bra, men slike trusler er ogs\u00e5 brudd p\u00e5 folkeretten. Men milit\u00e6rt angrep er noe annet og langt mer alvorlig. N\u00e5r Trump ser hva han kan komme unna med, kan han bli sulten p\u00e5 flere eventyr. Trump gir blaffen i demokrati n\u00e5r han ser at det tjener amerikanske interesser.<\/p>\n<p class=\"_paragraph_o9xde_4 _paragraph_xtcu6_10 _paragraph_16v91_10 layout-component text-serif-m layout-normal text-sans-m layout-padded\">\u2013 Det er et dilemma her at dette kan bidra til en demokratisk utvikling i Venezuela?<\/p>\n<p class=\"_paragraph_o9xde_4 _paragraph_xtcu6_10 _paragraph_16v91_10 layout-component text-serif-m layout-normal text-sans-m layout-padded\">\u2013 Jeg h\u00e5per at det venezuelanske folket f\u00e5r det de \u00f8nsker seg. Men Trump er herlig \u00e6rlig. Han nevnte knapt demokrati med et ord, men lovet at USA skal pumpe opp masse olje og tjene store penger p\u00e5 det.<\/p>\n<p>Vis merFrykter USA tar seg mer til rette<\/p>\n<p class=\"_paragraph_o9xde_4 _paragraph_xtcu6_10 layout-component text-serif-m layout-normal text-serif-m layout-padded\">SV-leder Kirsti Bergst\u00f8 mener Norge n\u00e5 for alvor m\u00e5 diskutere avhengigheten til USA etter Venezuela-angrepet.<\/p>\n<p class=\"_paragraph_o9xde_4 _paragraph_xtcu6_10 layout-component text-serif-m layout-normal text-serif-m layout-padded\">\u2013 Det er ekstremt selv til Trump \u00e5 v\u00e6re, og urovekkende at han s\u00e5 tydelig viser vilje til \u00e5 bruke makt og angripe et annet suverent land milit\u00e6rt, sier hun til VG.<\/p>\n<p class=\"_paragraph_o9xde_4 _paragraph_xtcu6_10 layout-component text-serif-m layout-normal text-serif-m layout-padded\">\u2013 Med gjentatte trusler mot Colombia, Cuba, og s\u00e6rlig gjentatte trusler mot Gr\u00f8nland, s\u00e5 er det en dramatisk situasjon som b\u00f8r f\u00e5 konsekvenser for Norges forhold til USA.<\/p>\n<p><img alt=\"Foto: G\u00f8ran Bohlin \/ VG\" class=\"_image_qp4xg_65 layout-component layout-normal\" data-fullscreen- data-track-element-type=\"Article image fullscreen\" data-track-name=\"ImageFullscreen\" decoding=\"async\" loading=\"lazy\" height=\"5478\" itemprop=\"image\"  src=\"https:\/\/www.europesays.com\/no\/wp-content\/uploads\/2026\/01\/1d194df4-1688-46a7-91fb-baf5de516f4d.jpeg\"  style=\"object-position:0% 0%\" width=\"7305\"\/>Foto: G\u00f8ran Bohlin \/ VG<\/p>\n<p class=\"_paragraph_o9xde_4 _paragraph_xtcu6_10 layout-component text-serif-m layout-normal text-serif-m layout-padded\">SV-lederen p\u00e5peker at det er \u00aball grunn\u00bb til \u00e5 v\u00e6re kritisk til regimet i Venezuela, og at det er bred enighet internasjonalt om at Maduro ikke er legitim som president.<\/p>\n<p class=\"_paragraph_o9xde_4 _paragraph_xtcu6_10 layout-component text-serif-m layout-normal text-serif-m layout-padded\">\u2013 Men det gir ikke USA rett til \u00e5 angripe milit\u00e6rt, kidnappe en annen lands statsleder og p\u00e5ta seg retten til \u00e5 skulle styre Venezuelas fremtid og oljeressurser. Det er bare folk i Venezuela som skal styre sin egen fremtid.<\/p>\n<p class=\"_paragraph_o9xde_4 _paragraph_xtcu6_10 layout-component text-serif-m layout-normal text-serif-m layout-padded\">Hun mener at statsminister Jonas Gahr St\u00f8re (Ap) skal ford\u00f8mme angrepet.<\/p>\n<p class=\"_paragraph_o9xde_4 _paragraph_xtcu6_10 layout-component text-serif-m layout-normal text-serif-m layout-padded\">\u2013 Jeg mener det er viktig at Norge st\u00e5r opp for folkeretten, og er konsekvent n\u00e5r den brytes uavhengig av hvilket land som bryter den. Jeg er veldig redd for en situasjon der USA f\u00e5r lov \u00e5 ta seg mer og mer til rette uten at andre land og andre ledere, ogs\u00e5 som st\u00e5r n\u00e6rt USA, er tydelige nok p\u00e5 sine reaksjoner.<\/p>\n<p><img alt=\"Foto: G\u00f8ran Bohlin \/ VG\" class=\"_image_qp4xg_65 layout-component layout-normal\" data-fullscreen- data-track-element-type=\"Article image fullscreen\" data-track-name=\"ImageFullscreen\" decoding=\"async\" loading=\"lazy\" height=\"5454\" itemprop=\"image\"  src=\"https:\/\/www.europesays.com\/no\/wp-content\/uploads\/2026\/01\/47ae1450-989c-4648-9bf6-fac7bb7b1d39.jpeg\"  style=\"object-position:0% 0%\" width=\"7272\"\/>Foto: G\u00f8ran Bohlin \/ VG<\/p>\n<p class=\"_paragraph_o9xde_4 _paragraph_xtcu6_10 layout-component text-serif-m layout-normal text-serif-m layout-padded\">\u2013 Det vil jo ta tid \u00e5 bygge opp et sterkere forsvar og bli mindre avhengig av USA. Hvordan kan man gj\u00f8re det uten \u00e5 bli mer s\u00e5rbare?<\/p>\n<p class=\"_paragraph_o9xde_4 _paragraph_xtcu6_10 layout-component text-serif-m layout-normal text-serif-m layout-padded\">\u2013 N\u00e5 har jo hele Stortinget samlet seg om et forsvarsforlik, med m\u00e5l om \u00e5 bygge opp en sterkere forsvarsevne. N\u00e5r Norden er samlet i Nato, gir det ogs\u00e5 grunnlag for et tettere nordisk samarbeid.<\/p>\n<p class=\"_paragraph_o9xde_4 _paragraph_xtcu6_10 layout-component text-serif-m layout-normal text-serif-m layout-padded\">MDG-leder Arild Hermstad mener ogs\u00e5 at St\u00f8re b\u00f8r ford\u00f8mme USAs angrep p\u00e5 Venezuela. <\/p>\n<p class=\"_paragraph_o9xde_4 _paragraph_xtcu6_10 layout-component text-serif-m layout-normal text-serif-m layout-padded\">\u2013 N\u00e5r USA tar seg til rette p\u00e5 denne m\u00e5ten er det en trussel mot hele den globale rettsordenen, som vi har brukt lang tid p\u00e5 \u00e5 etablere og som er skj\u00f8rt. Maduro er en illegitim president som ikke burde styre landet, men det er m\u00e5ten dette skjer p\u00e5 som er uakseptabel, sier Hermstad til VG. <\/p>\n<p class=\"_paragraph_o9xde_4 _paragraph_xtcu6_10 layout-component text-serif-m layout-normal text-serif-m layout-padded\">Maduro er en illegitim president som ikke burde styre landet<\/p>\n<p class=\"_paragraph_o9xde_4 _paragraph_xtcu6_10 layout-component text-serif-m layout-normal text-serif-m layout-padded\">\u2013 Er det feigt av St\u00f8re \u00e5 ikke ford\u00f8mme det?<\/p>\n<p class=\"_paragraph_o9xde_4 _paragraph_xtcu6_10 layout-component text-serif-m layout-normal text-serif-m layout-padded\">\u2013 Nei, jeg vil ikke bruke et s\u00e5 sterkt ord, men jeg tror det er viktig at europeiske ledere snakker sammen og blir enige om at vi skal st\u00e5 sammen, hvis ikke kan det sl\u00e5 tilbake mot Europa. <\/p>\n<p><img alt=\"Arild Hermstad i forbindelse med budsjettforhandlingene f\u00f8r jul.  Foto: Fredrik Solstad \/ VG\" class=\"_image_qp4xg_65 layout-component layout-normal\" data-fullscreen- data-track-element-type=\"Article image fullscreen\" data-track-name=\"ImageFullscreen\" decoding=\"async\" loading=\"lazy\" height=\"2656\" itemprop=\"image\"  src=\"https:\/\/www.europesays.com\/no\/wp-content\/uploads\/2026\/01\/aad3c806-d393-412b-be0a-4e33c5938973.jpeg\"  style=\"object-position:0% 0%\" width=\"3984\"\/>Arild Hermstad i forbindelse med budsjettforhandlingene f\u00f8r jul.  Foto: Fredrik Solstad \/ VG<\/p>\n<p class=\"_paragraph_o9xde_4 _paragraph_xtcu6_10 layout-component text-serif-m layout-normal text-serif-m layout-padded\">I likhet med Bergst\u00f8 mener ogs\u00e5 MDG-lederen at Norge m\u00e5 finne alternativ i sikkerhetspolitikken for \u00e5 bli mer uavhengig av USA. Han mener l\u00f8sningen ligger i et tettere samarbeid med Europa og norsk EU-medlemskap. <\/p>\n<p class=\"_paragraph_o9xde_4 _paragraph_xtcu6_10 layout-component text-serif-m layout-normal text-serif-m layout-padded\">\u2013 Jeg tror at jo lenger vi venter, desto vanskeligere blir det. Dit USA er p\u00e5 vei n\u00e5 gj\u00f8r det p\u00e5 tide at vi trykker p\u00e5 den store alarmknappen og skaffer oss en plan b og c. <\/p>\n<p class=\"_paragraph_o9xde_4 _paragraph_xtcu6_10 layout-component text-serif-m layout-normal text-serif-m layout-padded\">Det var natt til l\u00f8rdag at USA angrep landet og bortf\u00f8rte president Nicol\u00e1s Maduro. I dag sitter han <a href=\"https:\/\/www.vg.no\/nyheter\/i\/2pGxzG\/maduro-har-landet-i-new-york\" data-track-element-type=\"Link\" data-track-id=\"link:2pGxzG\" class=\"_link_o9xde_39\" rel=\"nofollow noopener\" target=\"_blank\">i varetekt i New York.<\/a><\/p>\n<p class=\"_paragraph_o9xde_4 _paragraph_xtcu6_10 layout-component text-serif-m layout-normal text-serif-m layout-padded\">Utenriksdepartementet har f\u00e5tt oversendt denne saken, men har forel\u00f8pig ikke rukket \u00e5 svare.<\/p>\n","protected":false},"excerpt":{"rendered":"Mandag morgen ville ikke statsminister Jonas Gahr St\u00f8re ford\u00f8mme USAs angrep p\u00e5 Venezuela. \u2013 Jeg bruker de ordene&hellip;\n","protected":false},"author":2,"featured_media":129537,"comment_status":"","ping_status":"","sticky":false,"template":"","format":"standard","meta":{"footnotes":""},"categories":[10],"tags":[20,21,24,25,15,201,22,23,13,4037,30,28,29,14,16,390,2107,26,27,95],"class_list":{"0":"post-129536","1":"post","2":"type-post","3":"status-publish","4":"format-standard","5":"has-post-thumbnail","7":"category-norge","8":"tag-breaking-news","9":"tag-breakingnews","10":"tag-featured-news","11":"tag-featurednews","12":"tag-headlines","13":"tag-jonas-gahr-store","14":"tag-latest-news","15":"tag-latestnews","16":"tag-news","17":"tag-nicolas-maduro","18":"tag-no","19":"tag-norge","20":"tag-norway","21":"tag-nyheter","22":"tag-overskrifter","23":"tag-rodt-r","24":"tag-sosialistisk-venstreparti-sv","25":"tag-top-stories","26":"tag-topstories","27":"tag-venezuela"},"share_on_mastodon":{"url":"https:\/\/pubeurope.com\/@no\/115843686980370379","error":""},"_links":{"self":[{"href":"https:\/\/www.europesays.com\/no\/wp-json\/wp\/v2\/posts\/129536","targetHints":{"allow":["GET"]}}],"collection":[{"href":"https:\/\/www.europesays.com\/no\/wp-json\/wp\/v2\/posts"}],"about":[{"href":"https:\/\/www.europesays.com\/no\/wp-json\/wp\/v2\/types\/post"}],"author":[{"embeddable":true,"href":"https:\/\/www.europesays.com\/no\/wp-json\/wp\/v2\/users\/2"}],"replies":[{"embeddable":true,"href":"https:\/\/www.europesays.com\/no\/wp-json\/wp\/v2\/comments?post=129536"}],"version-history":[{"count":0,"href":"https:\/\/www.europesays.com\/no\/wp-json\/wp\/v2\/posts\/129536\/revisions"}],"wp:featuredmedia":[{"embeddable":true,"href":"https:\/\/www.europesays.com\/no\/wp-json\/wp\/v2\/media\/129537"}],"wp:attachment":[{"href":"https:\/\/www.europesays.com\/no\/wp-json\/wp\/v2\/media?parent=129536"}],"wp:term":[{"taxonomy":"category","embeddable":true,"href":"https:\/\/www.europesays.com\/no\/wp-json\/wp\/v2\/categories?post=129536"},{"taxonomy":"post_tag","embeddable":true,"href":"https:\/\/www.europesays.com\/no\/wp-json\/wp\/v2\/tags?post=129536"}],"curies":[{"name":"wp","href":"https:\/\/api.w.org\/{rel}","templated":true}]}}