{"id":129542,"date":"2026-01-05T17:42:36","date_gmt":"2026-01-05T17:42:36","guid":{"rendered":"https:\/\/www.europesays.com\/no\/129542\/"},"modified":"2026-01-05T17:42:36","modified_gmt":"2026-01-05T17:42:36","slug":"oddvar-73-dode-i-trafikkulykke-i-salangen","status":"publish","type":"post","link":"https:\/\/www.europesays.com\/no\/129542\/","title":{"rendered":"Oddvar (73) d\u00f8de i trafikkulykke i Salangen"},"content":{"rendered":"<p>Mandag formiddag frigir politiet navnet p\u00e5 mannen som omkom i en trafikkulykke i Salangen forrige uke.<\/p>\n<p>Oddvar Inge Fredriksen var bosatt i Troms\u00f8.<\/p>\n<p>De p\u00e5r\u00f8rende er informert om at politiet frigir navnet.<\/p>\n<p>Ulykken skjedde i 15-tiden forrige mandag i n\u00e6rheten av Navarsvika i L\u00f8ksefjorden i Salangen. Ulykkesstedet er omtrent halvannen mil fra Sj\u00f8vegan.<\/p>\n<p>N\u00f8detatene rykket raskt ut til ulykkesstedet der det ble konstatert at det var en person som satt fastklemt mellom to involverte biler.<\/p>\n<p>\u2013 Ulykka skjedde da mannen skulle bist\u00e5 en bil som hadde kj\u00f8rt utfor veien. Han havnet da i klem mellom de to bilene, sa operasjonsleder Mari Rasmussen Sagen ved Troms politidistrikt til iTroms\u00f8 mandag.<\/p>\n<p>Brannvesenet klarte etter hvert \u00e5 f\u00e5 l\u00f8sgjort mannen, og det ble satt i gang livreddende f\u00f8rstehjelp p\u00e5 ham, men livet sto ikke \u00e5 redde.<\/p>\n<p>I pressemeldingen mandag opplyser politiet at saken fortsatt er under etterforskning.<\/p>\n<p>\u2013 Det gjenst\u00e5r \u00e5stedsrapport fra kriminaltekniker som var p\u00e5 stedet, samt vitneavh\u00f8r, skriver politiet.<\/p>\n","protected":false},"excerpt":{"rendered":"Mandag formiddag frigir politiet navnet p\u00e5 mannen som omkom i en trafikkulykke i Salangen forrige uke. Oddvar Inge&hellip;\n","protected":false},"author":2,"featured_media":16542,"comment_status":"","ping_status":"","sticky":false,"template":"","format":"standard","meta":{"footnotes":""},"categories":[10],"tags":[20,21,24,25,15,22,23,13,30,28,29,14,16,1624,15068,26,27,1625],"class_list":{"0":"post-129542","1":"post","2":"type-post","3":"status-publish","4":"format-standard","5":"has-post-thumbnail","7":"category-norge","8":"tag-breaking-news","9":"tag-breakingnews","10":"tag-featured-news","11":"tag-featurednews","12":"tag-headlines","13":"tag-latest-news","14":"tag-latestnews","15":"tag-news","16":"tag-no","17":"tag-norge","18":"tag-norway","19":"tag-nyheter","20":"tag-overskrifter","21":"tag-salangen","22":"tag-sjovegan","23":"tag-top-stories","24":"tag-topstories","25":"tag-troms-politidistrikt"},"share_on_mastodon":{"url":"https:\/\/pubeurope.com\/@no\/115843730255738794","error":""},"_links":{"self":[{"href":"https:\/\/www.europesays.com\/no\/wp-json\/wp\/v2\/posts\/129542","targetHints":{"allow":["GET"]}}],"collection":[{"href":"https:\/\/www.europesays.com\/no\/wp-json\/wp\/v2\/posts"}],"about":[{"href":"https:\/\/www.europesays.com\/no\/wp-json\/wp\/v2\/types\/post"}],"author":[{"embeddable":true,"href":"https:\/\/www.europesays.com\/no\/wp-json\/wp\/v2\/users\/2"}],"replies":[{"embeddable":true,"href":"https:\/\/www.europesays.com\/no\/wp-json\/wp\/v2\/comments?post=129542"}],"version-history":[{"count":0,"href":"https:\/\/www.europesays.com\/no\/wp-json\/wp\/v2\/posts\/129542\/revisions"}],"wp:featuredmedia":[{"embeddable":true,"href":"https:\/\/www.europesays.com\/no\/wp-json\/wp\/v2\/media\/16542"}],"wp:attachment":[{"href":"https:\/\/www.europesays.com\/no\/wp-json\/wp\/v2\/media?parent=129542"}],"wp:term":[{"taxonomy":"category","embeddable":true,"href":"https:\/\/www.europesays.com\/no\/wp-json\/wp\/v2\/categories?post=129542"},{"taxonomy":"post_tag","embeddable":true,"href":"https:\/\/www.europesays.com\/no\/wp-json\/wp\/v2\/tags?post=129542"}],"curies":[{"name":"wp","href":"https:\/\/api.w.org\/{rel}","templated":true}]}}