{"id":129543,"date":"2026-01-05T17:43:09","date_gmt":"2026-01-05T17:43:09","guid":{"rendered":"https:\/\/www.europesays.com\/no\/129543\/"},"modified":"2026-01-05T17:43:09","modified_gmt":"2026-01-05T17:43:09","slug":"trafikk-e18-ulykke-pa-e18-biler-kolliderte-i-tunnel","status":"publish","type":"post","link":"https:\/\/www.europesays.com\/no\/129543\/","title":{"rendered":"Trafikk, E18 | Ulykke p\u00e5 E18 \u2013 biler kolliderte i tunnel"},"content":{"rendered":"\n<p><b>SANDE: <\/b>N\u00f8detatene rykket mandag ettermiddag ut til E18 Hanekleivtunnelen, nordg\u00e5ende l\u00f8p, etter melding om trafikkulykke. En bil skal kj\u00f8rt inn i tunnel\u00e5pningen, meldte politiet.<\/p>\n<p>Klokken 16:15 melder operasjonsleder Jan Tore Gregersen at to biler var involvert.<\/p>\n<p>\u2013 En bil har kj\u00f8rt inn i en annen bil bakfra. Ulykken har skjedd et godt stykke inne i tunnelen, ikke i tunnel\u00e5pningen.<\/p>\n<p>H\u00f8yre felt i tunnelen ble stengt og venstre felt satt ned til 50 km\/t.<\/p>\n<p>\u2013 Det fremst\u00e5r ikke til \u00e5 v\u00e6re alvorlige personskader, meldte Gregersen<\/p>\n<p>Klokken 16:24 melder operasjonslederen at de involverte personene unders\u00f8kes av helsevesenet. Det skal ogs\u00e5 ha v\u00e6rt en hund i en av bilene.<\/p>\n<p>Ikke lenge etter meldes det at bilene er flyttet ut av tunnelen og at tunnelen er \u00e5pen for normal ferdsel igjen.<\/p>\n<p>   <img decoding=\"async\" width=\"2048\" height=\"1535\" fetchpriority=\"low\"  loading=\"lazy\"  src=\"https:\/\/www.europesays.com\/no\/wp-content\/uploads\/2026\/01\/dc7bb739-18f7-4135-bca4-caf2642667d9+%281%29.jpg\" alt=\"\" class=\"brick-c-cFOWSL\" style=\"--brick-image-ratio: 2048 \/ 1535;\"\/><\/p>\n","protected":false},"excerpt":{"rendered":"SANDE: N\u00f8detatene rykket mandag ettermiddag ut til E18 Hanekleivtunnelen, nordg\u00e5ende l\u00f8p, etter melding om trafikkulykke. En bil skal&hellip;\n","protected":false},"author":2,"featured_media":129544,"comment_status":"","ping_status":"","sticky":false,"template":"","format":"standard","meta":{"footnotes":""},"categories":[5],"tags":[36,20,21,940,24,25,15,19,22,23,17,18,13,30,28,29,14,16,1342,1510,26,27,224],"class_list":{"0":"post-129543","1":"post","2":"type-post","3":"status-publish","4":"format-standard","5":"has-post-thumbnail","7":"category-overskrifter","8":"tag-art","9":"tag-breaking-news","10":"tag-breakingnews","11":"tag-e18","12":"tag-featured-news","13":"tag-featurednews","14":"tag-headlines","15":"tag-hovedoppslag","16":"tag-latest-news","17":"tag-latestnews","18":"tag-main-news","19":"tag-mainnews","20":"tag-news","21":"tag-no","22":"tag-norge","23":"tag-norway","24":"tag-nyheter","25":"tag-overskrifter","26":"tag-sande","27":"tag-story","28":"tag-top-stories","29":"tag-topstories","30":"tag-trafikk"},"share_on_mastodon":{"url":"https:\/\/pubeurope.com\/@no\/115843734265099950","error":""},"_links":{"self":[{"href":"https:\/\/www.europesays.com\/no\/wp-json\/wp\/v2\/posts\/129543","targetHints":{"allow":["GET"]}}],"collection":[{"href":"https:\/\/www.europesays.com\/no\/wp-json\/wp\/v2\/posts"}],"about":[{"href":"https:\/\/www.europesays.com\/no\/wp-json\/wp\/v2\/types\/post"}],"author":[{"embeddable":true,"href":"https:\/\/www.europesays.com\/no\/wp-json\/wp\/v2\/users\/2"}],"replies":[{"embeddable":true,"href":"https:\/\/www.europesays.com\/no\/wp-json\/wp\/v2\/comments?post=129543"}],"version-history":[{"count":0,"href":"https:\/\/www.europesays.com\/no\/wp-json\/wp\/v2\/posts\/129543\/revisions"}],"wp:featuredmedia":[{"embeddable":true,"href":"https:\/\/www.europesays.com\/no\/wp-json\/wp\/v2\/media\/129544"}],"wp:attachment":[{"href":"https:\/\/www.europesays.com\/no\/wp-json\/wp\/v2\/media?parent=129543"}],"wp:term":[{"taxonomy":"category","embeddable":true,"href":"https:\/\/www.europesays.com\/no\/wp-json\/wp\/v2\/categories?post=129543"},{"taxonomy":"post_tag","embeddable":true,"href":"https:\/\/www.europesays.com\/no\/wp-json\/wp\/v2\/tags?post=129543"}],"curies":[{"name":"wp","href":"https:\/\/api.w.org\/{rel}","templated":true}]}}