{"id":129547,"date":"2026-01-05T17:48:13","date_gmt":"2026-01-05T17:48:13","guid":{"rendered":"https:\/\/www.europesays.com\/no\/129547\/"},"modified":"2026-01-05T17:48:13","modified_gmt":"2026-01-05T17:48:13","slug":"pete-hegseth-straffer-senator-mark-kelly","status":"publish","type":"post","link":"https:\/\/www.europesays.com\/no\/129547\/","title":{"rendered":"Pete Hegseth straffer senator Mark Kelly"},"content":{"rendered":"\n<p class=\"_lead_o9xde_2 _lead_xtcu6_50 layout-component text-serif-m layout-normal text-serif-l layout-component layout-wide layout-padded _wide_17hqh_1 layout-padded\">Det er p\u00e5 grunn av en video der han oppfordret soldater til \u00e5 ikke adlyde \u00abulovlige ordrer\u00bb.<\/p>\n<p><img alt=\"USAs forsvarsminister Pete Hegseth har degradert senator Mark Kelly (bildet), etter at den tidligere astronauten og dekorerte veteranen i en video oppfordret amerikanske soldater til \u00e5 nekte \u00e5 adlyde \u00abulovlige ordrer\u00bb.\u00a0 Foto: J. Scott Applewhite \/ AP \/ NTB\" class=\"_image_qp4xg_65 layout-component layout-wide\" data-fullscreen- data-track-element-type=\"Article image fullscreen\" data-track-name=\"ImageFullscreen\" fetchpriority=\"high\" decoding=\"sync\" loading=\"eager\" height=\"3333\" itemprop=\"image\"  src=\"https:\/\/www.europesays.com\/no\/wp-content\/uploads\/2026\/01\/6ef57aeb-81ce-4ed8-b909-919dbaa37f98.jpeg\"  style=\"object-position:0% 0%\" width=\"5000\"\/>USAs forsvarsminister Pete Hegseth har degradert senator Mark Kelly (bildet), etter at den tidligere astronauten og dekorerte veteranen i en video oppfordret amerikanske soldater til \u00e5 nekte \u00e5 adlyde \u00abulovlige ordrer\u00bb.\u00a0 Foto: J. Scott Applewhite \/ AP \/ NTB<\/p>\n<ul aria-hidden=\"true\" class=\"_images_ntbth_112\">\n<li><a class=\"_link_ntbth_117\" href=\"https:\/\/www.vg.no\/forfatter\/hedda-kurseth\" style=\"z-index:1\" title=\"Hedda Kurseth\" rel=\"nofollow noopener\" target=\"_blank\"><img alt=\"Bilde av Hedda Kurseth\" class=\"_image_ntbth_93\" fetchpriority=\"low\" loading=\"lazy\" decoding=\"async\" itemprop=\"image\"  src=\"https:\/\/www.europesays.com\/no\/wp-content\/uploads\/2026\/01\/b6ad06ce-2f4e-4492-9dd9-7cfbdae81f6d.jpeg\"  width=\"480\"\/><\/a><\/li>\n<\/ul>\n<p> Oppdatert mandag 5. januar kl. 18:04    <\/p>\n<ul class=\"_list_o9xde_3 _list_64s2r_85 _unordered_o9xde_106 text-sans-m\">\n<li class=\"_item_o9xde_30\">Pentagon straffer senator Mark Kelly for \u00e5 ha oppfordret soldater til \u00e5 nekte ulovlige ordrer i en video.<\/li>\n<li class=\"_item_o9xde_30\">Forsvarsminister Pete Hegseth kunngjorde at milit\u00e6ret reduserer Kellys pensjon og gir ham en skriftlig irettesettelse.<\/li>\n<\/ul>\n<p>Vis mer <\/p>\n<p class=\"_paragraph_o9xde_4 _paragraph_xtcu6_10 layout-component text-serif-m layout-normal text-serif-m layout-padded\">Forsvarsminister <a href=\"https:\/\/www.vg.no\/tag\/pete-hegseth?utm_source=vg-article&amp;utm_medium=auto-tagger&amp;utm_campaign=Pd9QJ7\" class=\"_link_o9xde_39\" rel=\"nofollow noopener\" target=\"_blank\">Pete Hegseth<\/a> kunngjorde mandag at Pentagon tar administrative grep mot senator Mark Kelly, en pensjonert kaptein i marinen, if\u00f8lge\u00a0<a href=\"https:\/\/edition.cnn.com\/2026\/01\/05\/politics\/pentagon-cuts-mark-kellys-retirement-pay-punishment\" class=\"_link_o9xde_39\" rel=\"nofollow noopener\" target=\"_blank\">CNN<\/a>.<\/p>\n<p class=\"_paragraph_o9xde_4 _paragraph_xtcu6_10 layout-component text-serif-m layout-normal text-serif-m layout-padded\">Kelly straffes for \u00e5 ha deltatt i en video der han og andre demokratiske politikere minnet amerikanske soldater om deres plikt til  \u00e5 nekte \u00e5 f\u00f8lge ulovlige ordrer.<\/p>\n<p class=\"_paragraph_o9xde_4 _paragraph_xtcu6_10 layout-component text-serif-m layout-normal text-serif-m layout-padded\">Hegseth sa p\u00e5 X at milit\u00e6ret har startet prosedyrer for \u00e5 redusere pensjonen som Kelly mottar som pensjonert marinekaptein. I tillegg f\u00e5r Kelly en skriftlig irettesettelse.<\/p>\n<p class=\"_root_1xq52_1\" lang=\"en\" dir=\"auto\">Six weeks ago, Senator Mark Kelly \u2014 and five other members of Congress \u2014 released a reckless and seditious video that was clearly intended to undermine good order and military discipline. As a retired Navy Captain who is still receiving a military pension, Captain Kelly knows he<\/p>\n<p class=\"_paragraph_o9xde_4 _paragraph_xtcu6_10 layout-component text-serif-m layout-normal text-serif-m layout-padded\">\u2013 Som svar p\u00e5 senator Mark Kellys oppr\u00f8rske uttalelser og hans m\u00f8nster av hensynsl\u00f8s oppf\u00f8rsel, tar forsvarsdepartementet administrative grep mot kaptein Mark E. Kelly, skrev Hegseth.<\/p>\n<p class=\"_paragraph_o9xde_4 _paragraph_xtcu6_10 layout-component text-serif-m layout-normal text-serif-m layout-padded\">I videoen som utl\u00f8ste det hele, sa seks demokratiske politikere at \u00abtrusler mot grunnloven v\u00e5r\u00bb kommer \u00abhjemmefra\u00bb. De oppfordret gjentatte ganger milit\u00e6ret og etterretningstjenesten til \u00e5 \u00abnekte \u00e5 f\u00f8lge ulovlige ordrer\u00bb.<\/p>\n<p><img alt=\"USAs forsvarsminister Pete Hegseth til h\u00f8yre.   Foto: Jonathan Ernst \/ Reuters \/ NTB\" class=\"_image_qp4xg_65 layout-component layout-normal\" data-fullscreen- data-track-element-type=\"Article image fullscreen\" data-track-name=\"ImageFullscreen\" decoding=\"async\" loading=\"lazy\" height=\"2656\" itemprop=\"image\"  src=\"https:\/\/www.europesays.com\/no\/wp-content\/uploads\/2026\/01\/dc0aa39d-048a-4f2b-b44a-1d3c3ee80296.jpeg\"  style=\"object-position:0% 0%\" width=\"3984\"\/>USAs forsvarsminister Pete Hegseth til h\u00f8yre.   Foto: Jonathan Ernst \/ Reuters \/ NTB<\/p>\n<p class=\"_paragraph_o9xde_4 _paragraph_xtcu6_10 layout-component text-serif-m layout-normal text-serif-m layout-padded\">Videoen nevnte ikke konkret hvilke ordrer som kunne v\u00e6re ulovlige, men politikere p\u00e5 begge sider har uttrykt bekymring for lovligheten av amerikanske milit\u00e6re angrep mot mistenkte narkotikab\u00e5ter det karibiske hav og utplasseringen av soldater i amerikanske byer. <\/p>\n<p class=\"_paragraph_o9xde_4 _paragraph_xtcu6_10 layout-component text-serif-m layout-normal text-serif-m layout-padded\">Den republikanske senatoren Roger Wicker, som leder Senatets forsvarskomit\u00e9, sa forrige m\u00e5ned at det ikke er passende av milit\u00e6ret \u00e5 straffe Kelly.<\/p>\n<p class=\"_paragraph_o9xde_4 _paragraph_xtcu6_10 layout-component text-serif-m layout-normal text-serif-m layout-padded\">\u2013 Du spurte meg det sp\u00f8rsm\u00e5let, og svaret mitt er nei, sa Wicker til CNN.<\/p>\n<p>    <img decoding=\"async\" alt=\"Tips oss illustrasjon\" src=\"https:\/\/www.europesays.com\/no\/wp-content\/uploads\/2025\/10\/pssst-small.webp.webp\"\/>    <\/p>\n<p class=\"title-serif-s\">Har du tips?<\/p>\n<p class=\"text-sans-m\">Send oss informasjon, bilder eller video.<\/p>\n<p>  <a href=\"https:\/\/www.vg.no\/tips-oss\" rel=\"nofollow noopener\" target=\"_blank\"> Tips oss <\/a>      <\/p>\n","protected":false},"excerpt":{"rendered":"Det er p\u00e5 grunn av en video der han oppfordret soldater til \u00e5 ikke adlyde \u00abulovlige ordrer\u00bb. USAs&hellip;\n","protected":false},"author":2,"featured_media":129548,"comment_status":"","ping_status":"","sticky":false,"template":"","format":"standard","meta":{"footnotes":""},"categories":[12],"tags":[12064,734,31,20,21,2820,24,25,15,22,23,13,30,28,29,14,16,6506,26,27,42,43,44,45],"class_list":{"0":"post-129547","1":"post","2":"type-post","3":"status-publish","4":"format-standard","5":"has-post-thumbnail","7":"category-verden","8":"tag-amerikanske-soldater","9":"tag-astronaut","10":"tag-breaking","11":"tag-breaking-news","12":"tag-breakingnews","13":"tag-cnn","14":"tag-featured-news","15":"tag-featurednews","16":"tag-headlines","17":"tag-latest-news","18":"tag-latestnews","19":"tag-news","20":"tag-no","21":"tag-norge","22":"tag-norway","23":"tag-nyheter","24":"tag-overskrifter","25":"tag-pete-hegseth","26":"tag-top-stories","27":"tag-topstories","28":"tag-verden","29":"tag-world","30":"tag-world-news","31":"tag-worldnews"},"share_on_mastodon":{"url":"https:\/\/pubeurope.com\/@no\/115843753856321107","error":""},"_links":{"self":[{"href":"https:\/\/www.europesays.com\/no\/wp-json\/wp\/v2\/posts\/129547","targetHints":{"allow":["GET"]}}],"collection":[{"href":"https:\/\/www.europesays.com\/no\/wp-json\/wp\/v2\/posts"}],"about":[{"href":"https:\/\/www.europesays.com\/no\/wp-json\/wp\/v2\/types\/post"}],"author":[{"embeddable":true,"href":"https:\/\/www.europesays.com\/no\/wp-json\/wp\/v2\/users\/2"}],"replies":[{"embeddable":true,"href":"https:\/\/www.europesays.com\/no\/wp-json\/wp\/v2\/comments?post=129547"}],"version-history":[{"count":0,"href":"https:\/\/www.europesays.com\/no\/wp-json\/wp\/v2\/posts\/129547\/revisions"}],"wp:featuredmedia":[{"embeddable":true,"href":"https:\/\/www.europesays.com\/no\/wp-json\/wp\/v2\/media\/129548"}],"wp:attachment":[{"href":"https:\/\/www.europesays.com\/no\/wp-json\/wp\/v2\/media?parent=129547"}],"wp:term":[{"taxonomy":"category","embeddable":true,"href":"https:\/\/www.europesays.com\/no\/wp-json\/wp\/v2\/categories?post=129547"},{"taxonomy":"post_tag","embeddable":true,"href":"https:\/\/www.europesays.com\/no\/wp-json\/wp\/v2\/tags?post=129547"}],"curies":[{"name":"wp","href":"https:\/\/api.w.org\/{rel}","templated":true}]}}