{"id":129549,"date":"2026-01-05T17:49:17","date_gmt":"2026-01-05T17:49:17","guid":{"rendered":"https:\/\/www.europesays.com\/no\/129549\/"},"modified":"2026-01-05T17:49:17","modified_gmt":"2026-01-05T17:49:17","slug":"trusselsituasjon-i-hamar-varselsskudd-avfyrt-nrk-innlandet-lokale-nyheter-tv-og-radio","status":"publish","type":"post","link":"https:\/\/www.europesays.com\/no\/129549\/","title":{"rendered":"Trusselsituasjon i Hamar \u2013 varselsskudd avfyrt \u2013 NRK Innlandet \u2013 Lokale nyheter, TV og radio"},"content":{"rendered":"<p>Politiet dro mandag ut til en privatadresse i Hamar. Dette etter \u00e5 ha mottatt en bekymringsmelding knyttet til mannen som bor p\u00e5 adressen.<\/p>\n<p>\u2013 Den informasjonen gjorde at politiet valgte \u00e5 rykke ut med en patrulje for \u00e5 foreta en velferdssjekk. Etter en stund s\u00e5 valgte politipatruljen \u00e5 ta seg inn p\u00e5 adressa da de ikke oppn\u00e5dde kontakt med personen, sier innsatsleder p\u00e5 stedet, Marianne Hjelm.<\/p>\n<p><img decoding=\"async\"   src=\"data:image\/gif;base64,R0lGODlhAQABAIAAAAAAAP\/\/\/yH5BAEAAAAALAAAAAABAAEAAAIBRAA7\" loading=\"eager\" alt=\"Varselskudd fra politiet\" title=\"Foto: Knut R\u00f8srud \/ NRK\"\/><\/p>\n<p class=\"\">Innsatsleder Marianne Hjelm.<\/p>\n<p>Foto: Knut R\u00f8srud \/ NRK<\/p>\n<p>Da politiet tok seg inn i mannens bolig p\u00e5traff de vedkommende.<\/p>\n<p>-Han hadde en skarp gjenstand p\u00e5 seg. Det blir en dialog som g\u00e5r litt ut i tid, og til slutt s\u00e5 velger politiet \u00e5 avfyre varselskudd, sier Hjelm, og opplyser at varselskudd ble avfyrt for \u00e5 f\u00e5 kontroll p\u00e5 situasjonen.<\/p>\n<p>Totalt ble to skudd avfyrt.<\/p>\n<p>\u2013 Kan du si noe om bakgrunnen for at dere valgte \u00e5 fyre varselskudd?<\/p>\n<p>\u2013 Nei, detaljene rundt vurderingen som er gjort p\u00e5 stedet, det \u00f8nsker jeg ikke \u00e5 g\u00e5 inn p\u00e5 n\u00e5, sier hun.<\/p>\n<p>Spesialenheten for politienheten ble rutinemessig varslet om hendelsen, men kommer ikke til \u00e5 etterforske saken. Dette da det ikke oppsto personskader i hendelsen, opplyser Hjelm.<\/p>\n<p>Politiet vil ikke si n\u00e6rmere hva slags gjenstand mannen truet med. Ei heller om vedkommende er kjent for politiet fra tidlig.<\/p>\n<p>Publisert<\/p>\n<p>05.01.2026, kl. 16.35<\/p>\n<p>Oppdatert<\/p>\n<p>05.01.2026, kl. 18.46<\/p>\n","protected":false},"excerpt":{"rendered":"Politiet dro mandag ut til en privatadresse i Hamar. Dette etter \u00e5 ha mottatt en bekymringsmelding knyttet til&hellip;\n","protected":false},"author":2,"featured_media":129550,"comment_status":"","ping_status":"","sticky":false,"template":"","format":"standard","meta":{"footnotes":""},"categories":[10],"tags":[20,21,24,25,15,22,23,13,30,28,29,14,16,26,27],"class_list":{"0":"post-129549","1":"post","2":"type-post","3":"status-publish","4":"format-standard","5":"has-post-thumbnail","7":"category-norge","8":"tag-breaking-news","9":"tag-breakingnews","10":"tag-featured-news","11":"tag-featurednews","12":"tag-headlines","13":"tag-latest-news","14":"tag-latestnews","15":"tag-news","16":"tag-no","17":"tag-norge","18":"tag-norway","19":"tag-nyheter","20":"tag-overskrifter","21":"tag-top-stories","22":"tag-topstories"},"share_on_mastodon":{"url":"https:\/\/pubeurope.com\/@no\/115843757808903435","error":""},"_links":{"self":[{"href":"https:\/\/www.europesays.com\/no\/wp-json\/wp\/v2\/posts\/129549","targetHints":{"allow":["GET"]}}],"collection":[{"href":"https:\/\/www.europesays.com\/no\/wp-json\/wp\/v2\/posts"}],"about":[{"href":"https:\/\/www.europesays.com\/no\/wp-json\/wp\/v2\/types\/post"}],"author":[{"embeddable":true,"href":"https:\/\/www.europesays.com\/no\/wp-json\/wp\/v2\/users\/2"}],"replies":[{"embeddable":true,"href":"https:\/\/www.europesays.com\/no\/wp-json\/wp\/v2\/comments?post=129549"}],"version-history":[{"count":0,"href":"https:\/\/www.europesays.com\/no\/wp-json\/wp\/v2\/posts\/129549\/revisions"}],"wp:featuredmedia":[{"embeddable":true,"href":"https:\/\/www.europesays.com\/no\/wp-json\/wp\/v2\/media\/129550"}],"wp:attachment":[{"href":"https:\/\/www.europesays.com\/no\/wp-json\/wp\/v2\/media?parent=129549"}],"wp:term":[{"taxonomy":"category","embeddable":true,"href":"https:\/\/www.europesays.com\/no\/wp-json\/wp\/v2\/categories?post=129549"},{"taxonomy":"post_tag","embeddable":true,"href":"https:\/\/www.europesays.com\/no\/wp-json\/wp\/v2\/tags?post=129549"}],"curies":[{"name":"wp","href":"https:\/\/api.w.org\/{rel}","templated":true}]}}