{"id":129551,"date":"2026-01-05T17:50:08","date_gmt":"2026-01-05T17:50:08","guid":{"rendered":"https:\/\/www.europesays.com\/no\/129551\/"},"modified":"2026-01-05T17:50:08","modified_gmt":"2026-01-05T17:50:08","slug":"ylldren-ibrahimaj-tilbake-i-lillestrom","status":"publish","type":"post","link":"https:\/\/www.europesays.com\/no\/129551\/","title":{"rendered":"Ylldren Ibrahimaj tilbake i Lillestr\u00f8m"},"content":{"rendered":"\n<p class=\"_lead_o9xde_2 _lead_xtcu6_50 layout-component text-serif-m layout-normal text-serif-l layout-component layout-wide layout-padded _wide_17hqh_1 layout-padded\">Ylldren Ibrahimaj (30) er tilbake i Lillestr\u00f8m og har undertegnet en to\u00e5rskontrakt f\u00f8r opprykkssesongen.<\/p>\n<p><img alt=\"Ylldren Ibrahimaj blir LSK-spiller igjen.&#10;Foto: Carina Johansen \/ NTB\" class=\"_image_qp4xg_65 layout-component layout-wide\" data-fullscreen- data-track-element-type=\"Article image fullscreen\" data-track-name=\"ImageFullscreen\" fetchpriority=\"high\" decoding=\"sync\" loading=\"eager\" height=\"5504\" itemprop=\"image\"  src=\"https:\/\/www.europesays.com\/no\/wp-content\/uploads\/2026\/01\/7a378afd-9218-408c-9dfa-9f66675ff0b0.jpeg\"  style=\"object-position:0% 0%\" width=\"8256\"\/>Ylldren Ibrahimaj blir LSK-spiller igjen.<br \/>\nFoto: Carina Johansen \/ NTB<\/p>\n<ul aria-hidden=\"true\" class=\"_images_ntbth_112\">\n<li><a class=\"_link_ntbth_117\" href=\"https:\/\/www.vg.no\/forfatter\/ntb\" style=\"z-index:1\" title=\"NTB\" rel=\"nofollow noopener\" target=\"_blank\"><img alt=\"Bilde av NTB\" class=\"_image_ntbth_93\" fetchpriority=\"low\" loading=\"lazy\" decoding=\"async\" itemprop=\"image\"  src=\"https:\/\/www.europesays.com\/no\/wp-content\/uploads\/2026\/01\/1767635408_437_c33980b0-5d07-4027-84a1-813f90a7c8d6.png\"  width=\"480\"\/><\/a><\/li>\n<\/ul>\n<p> Oppdatert mandag 5. januar kl. 18:11     <\/p>\n<p class=\"_paragraph_o9xde_4 _paragraph_xtcu6_10 layout-component text-serif-m layout-normal text-serif-m layout-padded\">Ibrahimaj spilte 103 kamper for LSK fra 2022 fram til han i januar 2025 dro til tsjekkiske Mlada Boleslav. I september kom han tilbake til Norge og signerte for HamKam ut sesongen.<\/p>\n<p class=\"_paragraph_o9xde_4 _paragraph_xtcu6_10 layout-component text-serif-m layout-normal text-serif-m layout-padded\"> N\u00e5 er han tilbake som LSK-spiller, opplyser <a href=\"https:\/\/www.lsk.no\/nyheter\/ylldren-ibrahimaj-tilbake-i-lsk--et-veldig-lett-valg\" class=\"_link_o9xde_39\" rel=\"nofollow noopener\" target=\"_blank\">klubben p\u00e5 sitt nettsted<\/a>. Kontrakten strekker seg ut 2027.<\/p>\n<p class=\"_paragraph_o9xde_4 _paragraph_xtcu6_10 layout-component text-serif-m layout-normal text-serif-m layout-padded\">\u2013 Det er veldig godt. Jeg gleder meg veldig til \u00e5 komme i gang og er veldig glad for at det gikk i boks. N\u00e5 ser jeg bare fram til \u00e5 starte sesongen, sier Ibrahimaj.<\/p>\n<p class=\"_paragraph_o9xde_4 _paragraph_xtcu6_10 layout-component text-serif-m layout-normal text-serif-m layout-padded\">Lillestr\u00f8m leverte str\u00e5lende i 2025 med b\u00e5de opprykk og NM-gull.<\/p>\n<p class=\"_paragraph_o9xde_4 _paragraph_xtcu6_10 layout-component text-serif-m layout-normal text-serif-m layout-padded\">\u2013 Jeg skulle \u00f8nske at jeg kunne v\u00e6rt her og bidratt til at klubben kom tilbake der den h\u00f8rer hjemme. Samtidig har gutta og trenerteamet gjort en veldig god jobb. Det trigger meg \u00e5 komme inn n\u00e5 og bygge videre p\u00e5 det de allerede har gjort her, sier Ibrahimaj.<\/p>\n<p class=\"_paragraph_o9xde_4 _paragraph_xtcu6_10 layout-component text-serif-m layout-normal text-serif-m layout-padded\">Ibrahimaj startet karrieren hjemme i Arendal f\u00f8r han etterp\u00e5 spilte for Mj\u00f8ndalen og Viking. Fra 2021 til 2022 spilte han i russiske Ural f\u00f8r han ble LSK-spiller for f\u00f8rste gang.<\/p>\n","protected":false},"excerpt":{"rendered":"Ylldren Ibrahimaj (30) er tilbake i Lillestr\u00f8m og har undertegnet en to\u00e5rskontrakt f\u00f8r opprykkssesongen. Ylldren Ibrahimaj blir LSK-spiller&hellip;\n","protected":false},"author":2,"featured_media":129552,"comment_status":"","ping_status":"","sticky":false,"template":"","format":"standard","meta":{"footnotes":""},"categories":[5],"tags":[20,21,24,25,15,19,22,23,1073,17,18,13,30,28,29,14,16,26,27,15069],"class_list":{"0":"post-129551","1":"post","2":"type-post","3":"status-publish","4":"format-standard","5":"has-post-thumbnail","7":"category-overskrifter","8":"tag-breaking-news","9":"tag-breakingnews","10":"tag-featured-news","11":"tag-featurednews","12":"tag-headlines","13":"tag-hovedoppslag","14":"tag-latest-news","15":"tag-latestnews","16":"tag-lillestrom-sk","17":"tag-main-news","18":"tag-mainnews","19":"tag-news","20":"tag-no","21":"tag-norge","22":"tag-norway","23":"tag-nyheter","24":"tag-overskrifter","25":"tag-top-stories","26":"tag-topstories","27":"tag-ylldren-ibrahimaj"},"share_on_mastodon":{"url":"https:\/\/pubeurope.com\/@no\/115843761632151564","error":""},"_links":{"self":[{"href":"https:\/\/www.europesays.com\/no\/wp-json\/wp\/v2\/posts\/129551","targetHints":{"allow":["GET"]}}],"collection":[{"href":"https:\/\/www.europesays.com\/no\/wp-json\/wp\/v2\/posts"}],"about":[{"href":"https:\/\/www.europesays.com\/no\/wp-json\/wp\/v2\/types\/post"}],"author":[{"embeddable":true,"href":"https:\/\/www.europesays.com\/no\/wp-json\/wp\/v2\/users\/2"}],"replies":[{"embeddable":true,"href":"https:\/\/www.europesays.com\/no\/wp-json\/wp\/v2\/comments?post=129551"}],"version-history":[{"count":0,"href":"https:\/\/www.europesays.com\/no\/wp-json\/wp\/v2\/posts\/129551\/revisions"}],"wp:featuredmedia":[{"embeddable":true,"href":"https:\/\/www.europesays.com\/no\/wp-json\/wp\/v2\/media\/129552"}],"wp:attachment":[{"href":"https:\/\/www.europesays.com\/no\/wp-json\/wp\/v2\/media?parent=129551"}],"wp:term":[{"taxonomy":"category","embeddable":true,"href":"https:\/\/www.europesays.com\/no\/wp-json\/wp\/v2\/categories?post=129551"},{"taxonomy":"post_tag","embeddable":true,"href":"https:\/\/www.europesays.com\/no\/wp-json\/wp\/v2\/tags?post=129551"}],"curies":[{"name":"wp","href":"https:\/\/api.w.org\/{rel}","templated":true}]}}