{"id":129553,"date":"2026-01-05T17:56:06","date_gmt":"2026-01-05T17:56:06","guid":{"rendered":"https:\/\/www.europesays.com\/no\/129553\/"},"modified":"2026-01-05T17:56:06","modified_gmt":"2026-01-05T17:56:06","slug":"trafikk-ulykker-turister-havnet-i-elva-kjorte-over-autovernet-pa-e10","status":"publish","type":"post","link":"https:\/\/www.europesays.com\/no\/129553\/","title":{"rendered":"Trafikk, Ulykker | Turister havnet i elva: \u2013 Kj\u00f8rte over autovernet p\u00e5 E10"},"content":{"rendered":"\n<p>Politiet meldte klokken 17.14 mandag om et trafikkuhell p\u00e5 E10 rett nord for Evenes lufthavn. Der er det ei bru som g\u00e5r over elva mellom Tennvatnet og Langvatnet.<\/p>\n<p>\u2013 En bil har kj\u00f8rt utfor i elva. Fire turister var i bilen, og har kommet seg ut. Ingen skal v\u00e6re skadet, skrev politiet. Og videre:<\/p>\n<p>\u2013 Bilen har kj\u00f8rt over autovernet. Politiet er p\u00e5 vei til stedet.<\/p>\n<p>Klokken 17.39 meldte politiet at de da var p\u00e5 stedet.<\/p>\n<p>\u2013 Det er trafikale utfordringer, skrev politiet da.<\/p>\n<p>Klokken 18.12 meldte politiet at det da var omkj\u00f8ring for personbiler p\u00e5 \u00f8stsiden av Tennvatnet.<\/p>\n<p><b>Klokken 18.43 kom politiet med ny oppdatering:<\/b><\/p>\n<p><b>\u2013 \u00c5rsaken til utforkj\u00f8ringen var <a href=\"https:\/\/www.blv.no\/sjaforen-som-havnet-i-elva-en-stor-elg-midt-i-veien\/s\/5-17-1453391\" rel=\"Follow nofollow noopener\" target=\"_blank\">elg som kom i veibanen<\/a>. Bilen blir berget opp av elva til natten. Veien er n\u00e5 \u00e5pnet for all trafikk.<\/b><\/p>\n<p><b>Les ogs\u00e5: <a href=\"https:\/\/www.blv.no\/hold-deg-oppdatert-i-bladet-vesteralens-nyhetsstudio\/s\/5-9-571513?p=lc-10799724-30673-blv\" rel=\"Follow nofollow noopener\" target=\"_blank\">Enda en elg truffet \u2013 slik s\u00e5 bilen ut<\/a><\/b><\/p>\n","protected":false},"excerpt":{"rendered":"Politiet meldte klokken 17.14 mandag om et trafikkuhell p\u00e5 E10 rett nord for Evenes lufthavn. Der er det&hellip;\n","protected":false},"author":2,"featured_media":4299,"comment_status":"","ping_status":"","sticky":false,"template":"","format":"standard","meta":{"footnotes":""},"categories":[10],"tags":[36,20,21,2100,9382,15070,24,25,15,22,23,13,30,28,29,14,16,1510,4353,26,27,224,666,1204],"class_list":{"0":"post-129553","1":"post","2":"type-post","3":"status-publish","4":"format-standard","5":"has-post-thumbnail","7":"category-norge","8":"tag-art","9":"tag-breaking-news","10":"tag-breakingnews","11":"tag-e10","12":"tag-evenes","13":"tag-evenes-lufthavn","14":"tag-featured-news","15":"tag-featurednews","16":"tag-headlines","17":"tag-latest-news","18":"tag-latestnews","19":"tag-news","20":"tag-no","21":"tag-norge","22":"tag-norway","23":"tag-nyheter","24":"tag-overskrifter","25":"tag-story","26":"tag-tjeldsund","27":"tag-top-stories","28":"tag-topstories","29":"tag-trafikk","30":"tag-trafikkulykke","31":"tag-ulykker"},"share_on_mastodon":{"url":"https:\/\/pubeurope.com\/@no\/115843785527889663","error":""},"_links":{"self":[{"href":"https:\/\/www.europesays.com\/no\/wp-json\/wp\/v2\/posts\/129553","targetHints":{"allow":["GET"]}}],"collection":[{"href":"https:\/\/www.europesays.com\/no\/wp-json\/wp\/v2\/posts"}],"about":[{"href":"https:\/\/www.europesays.com\/no\/wp-json\/wp\/v2\/types\/post"}],"author":[{"embeddable":true,"href":"https:\/\/www.europesays.com\/no\/wp-json\/wp\/v2\/users\/2"}],"replies":[{"embeddable":true,"href":"https:\/\/www.europesays.com\/no\/wp-json\/wp\/v2\/comments?post=129553"}],"version-history":[{"count":0,"href":"https:\/\/www.europesays.com\/no\/wp-json\/wp\/v2\/posts\/129553\/revisions"}],"wp:featuredmedia":[{"embeddable":true,"href":"https:\/\/www.europesays.com\/no\/wp-json\/wp\/v2\/media\/4299"}],"wp:attachment":[{"href":"https:\/\/www.europesays.com\/no\/wp-json\/wp\/v2\/media?parent=129553"}],"wp:term":[{"taxonomy":"category","embeddable":true,"href":"https:\/\/www.europesays.com\/no\/wp-json\/wp\/v2\/categories?post=129553"},{"taxonomy":"post_tag","embeddable":true,"href":"https:\/\/www.europesays.com\/no\/wp-json\/wp\/v2\/tags?post=129553"}],"curies":[{"name":"wp","href":"https:\/\/api.w.org\/{rel}","templated":true}]}}