{"id":129561,"date":"2026-01-05T18:04:17","date_gmt":"2026-01-05T18:04:17","guid":{"rendered":"https:\/\/www.europesays.com\/no\/129561\/"},"modified":"2026-01-05T18:04:17","modified_gmt":"2026-01-05T18:04:17","slug":"da-tror-jeg-han-ville-vaert-klar-allerede","status":"publish","type":"post","link":"https:\/\/www.europesays.com\/no\/129561\/","title":{"rendered":"\u2013 Da tror jeg han ville v\u00e6rt klar allerede"},"content":{"rendered":"\n<p class=\"_paragraph_o9xde_4 _paragraph_xtcu6_10 layout-component text-serif-m layout-normal text-serif-m layout-padded\">B\u00e5de fotballeksperter og bookmakere har begynt \u00e5 komme med sine kandidater for hvem som tar over som Manchester United-trener etter sparkede Ruben Amorim.<\/p>\n<p class=\"_paragraph_o9xde_4 _paragraph_xtcu6_10 layout-component text-serif-m layout-normal text-serif-m layout-padded\">Ett navn som raskt dukket opp var Ole Gunnar Solskj\u00e6r, som var manager i klubben i nesten tre \u00e5r, fra desember 2018 til november 2021. <\/p>\n<p class=\"_paragraph_o9xde_4 _paragraph_xtcu6_10 layout-component text-serif-m layout-normal text-serif-m layout-padded\">\u2013 Det er logisk at det blir en interim-l\u00f8sning. Jeg vil tippe Solskj\u00e6rs navn er p\u00e5 veldig manges lepper. Og det er ikke helt usannsynlig. Det har skjedd mange sykere ting, sier TV 2s fotballekspert Simen Stams\u00f8-M\u00f8ller <a href=\"https:\/\/www.tv2.no\/sport\/lanserer-solskjaer-ikke-helt-usannsynlig\/18433208\/\" class=\"_link_o9xde_39\" rel=\"nofollow noopener\" target=\"_blank\">til egen kanal<\/a>.<\/p>\n<p class=\"_paragraph_o9xde_4 _paragraph_xtcu6_10 layout-component text-serif-m layout-normal text-serif-m layout-padded\">Siden Alex Ferguson ga seg i 2013, har United aldri v\u00e6rt s\u00e5 n\u00e6r gullet som under Solskj\u00e6r v\u00e5ren 2021 \u2013 nummer to, tolv poeng bak Manchester City.<\/p>\n<p class=\"_paragraph_o9xde_4 _paragraph_xtcu6_10 layout-component text-serif-m layout-normal text-serif-m layout-padded\">En gjeninnsettelse av nordmannen har Viaplay-ekspert P\u00e5l Andr\u00e9 Helland derimot ingen tro p\u00e5.<\/p>\n<p class=\"_paragraph_o9xde_4 _paragraph_xtcu6_10 layout-component text-serif-m layout-normal text-serif-m layout-padded\">\u2013 Da tror jeg han ville v\u00e6rt klar allerede, sier han til VG.<\/p>\n<p><img decoding=\"async\" alt=\"Bilde av P\u00e5l Andr\u00e9 Helland\" class=\"_image_ygndg_42\" height=\"27\" itemprop=\"image\" loading=\"lazy\"  src=\"https:\/\/www.europesays.com\/no\/wp-content\/uploads\/2026\/01\/ebebbf8b-db75-4a8d-b20c-e27985ab578a.jpeg\"  width=\"40\"\/><strong class=\"_name_ygndg_51 title-serif-xs\">P\u00e5l Andr\u00e9 Helland<\/strong><\/p>\n<p class=\"_paragraph_o9xde_4 _paragraph_xtcu6_10 layout-component text-serif-m layout-normal text-serif-m layout-padded\">Tidligere United-stopper <strong class=\"_strong_o9xde_25\">Henning Berg<\/strong> er ikke like sikker, selv om heller ikke han tror at Ole Gunnar Solskj\u00e6r blir hentet inn:<\/p>\n<p class=\"_paragraph_o9xde_4 _paragraph_xtcu6_10 layout-component text-serif-m layout-normal text-serif-m layout-padded\">\u2013 Det har jo v\u00e6rt noen forandringer i ledelsen siden Ole Gunnar var der, s\u00e5 i utgangspunktet tror jeg ikke det. Men han kunne helt sikkert gjort en god jobb. Han har fortsatt et bra navn og status i United, og han har samarbeidet med Darren Fletchersamarbeidet med Darren FletcherDe var lagkamerater i en \u00e5rrekke, og Fletcher var Solskj\u00e6rs assistent i 2021 tidligere, sier Berg til VG.<\/p>\n<p class=\"_paragraph_o9xde_4 _paragraph_xtcu6_10 layout-component text-serif-m layout-normal text-serif-m layout-padded\">\u2013 Og han hadde v\u00e6rt interessert selv?<\/p>\n<p class=\"_paragraph_o9xde_4 _paragraph_xtcu6_10 layout-component text-serif-m layout-normal text-serif-m layout-padded\">\u2013 Ja, det tror jeg. Han er United-mann. Det ville v\u00e6rt sv\u00e6rt vanskelig for ham \u00e5 si nei, svarer Berg, som ogs\u00e5 tror det kan v\u00e6re aktuelt \u00e5 la Darren FletcherDarren FletcherMidlertidig sjef. v\u00e6re sjef ut sesongen. <\/p>\n<p class=\"_paragraph_o9xde_4 _paragraph_xtcu6_10 layout-component text-serif-m layout-normal text-serif-m layout-padded\">\u2013 Fletcher har en god og sterk personlighet. Han kjenner klubben godt og vet hva som kreves. <\/p>\n<p class=\"_paragraph_o9xde_4 _paragraph_xtcu6_10 layout-component text-serif-m layout-normal text-serif-m layout-padded\">\u2013 Han var en unggutt da jeg var i klubben. En skotte som er oppdratt p\u00e5 fotballbanen av Alex Ferguson og har gode verdier, sier Berg. <\/p>\n<p class=\"_paragraph_o9xde_4 _paragraph_xtcu6_10 layout-component text-serif-m layout-normal text-serif-m layout-padded\">Han tror ikke det blir noe problem at den midlertidige sjefen har to s\u00f8nner i troppen, siden de forel\u00f8pig er et stykke unna en plass i f\u00f8rsteelleveren.<\/p>\n<p><img decoding=\"async\" alt=\"Bilde av Henning Berg\" class=\"_image_ygndg_42\" height=\"27\" itemprop=\"image\" loading=\"lazy\"  src=\"https:\/\/www.europesays.com\/no\/wp-content\/uploads\/2026\/01\/6d75ea04-5604-418a-b0b6-96bbc0c94821.jpeg\"  width=\"40\"\/><strong class=\"_name_ygndg_51 title-serif-xs\">Henning Berg<\/strong><\/p>\n<p class=\"_paragraph_o9xde_4 text-sans-m _description_ygndg_56\">Trener for serieleder Omonia p\u00e5 Kypros<\/p>\n<p class=\"_paragraph_o9xde_4 _paragraph_xtcu6_10 layout-component text-serif-m layout-normal text-serif-m layout-padded\">Bergs gamle stopperkollega <strong class=\"_strong_o9xde_25\">Ronny Johnsen <\/strong>skj\u00f8nner hvorfor navnet til Solskj\u00e6r dukker opp. <\/p>\n<p class=\"_paragraph_o9xde_4 _paragraph_xtcu6_10 layout-component text-serif-m layout-normal text-serif-m layout-padded\">\u2013 Det er logisk at hans navn dukker opp i diskusjonen. Han har erfaring med klubben og kjenner kulturen, sier han til VG.<\/p>\n<p class=\"_paragraph_o9xde_4 _paragraph_xtcu6_10 layout-component text-serif-m layout-normal text-serif-m layout-padded\">Tidligere Tottenham-keeper, n\u00e5v\u00e6rende TV 2-ekspert <strong class=\"_strong_o9xde_25\">Erik Thorstvedt<\/strong>, har ikke noe tro p\u00e5 en Solskj\u00e6r-retur.<\/p>\n<p class=\"_paragraph_o9xde_4 _paragraph_xtcu6_10 layout-component text-serif-m layout-normal text-serif-m layout-padded\">\u2013 Det vil v\u00e6re uvanlig for en klubb som Manchester United, som er vant til \u00e5 f\u00e5 det de peker p\u00e5. Jeg blir veldig overrasket om Ole Gunnar kommer tilbake, selv om jeg vet at mange har mimret om hvor bra de var under ham. Men mot slutten av hans tid var det ogs\u00e5 ganske stusslig. <\/p>\n<p class=\"_paragraph_o9xde_4 _paragraph_xtcu6_10 layout-component text-serif-m layout-normal text-serif-m layout-padded\">En som har tro p\u00e5 Solskj\u00e6r-comeback er Tor Ole Skullerud. <\/p>\n<p class=\"_paragraph_o9xde_4 _paragraph_xtcu6_10 layout-component text-serif-m layout-normal text-serif-m layout-padded\">\u2013 Han var den f\u00f8rste som dukket opp i mitt hode, ut i fra hvordan situasjonen er, fordi han kjenner klubben og er god til \u00e5 samle folk i utfordrende tider. Det har han vist f\u00f8r, mener han.<\/p>\n<p><img decoding=\"async\" alt=\"Bilde av Tor Ole Skullerud\" class=\"_image_ygndg_42\" height=\"27\" itemprop=\"image\" loading=\"lazy\"  src=\"https:\/\/www.europesays.com\/no\/wp-content\/uploads\/2026\/01\/b19c3ebc-6ab6-4340-96af-41fbcad59881.jpeg\"  width=\"40\"\/><strong class=\"_name_ygndg_51 title-serif-xs\">Tor Ole Skullerud<\/strong><\/p>\n<p class=\"_paragraph_o9xde_4 text-sans-m _description_ygndg_56\">Ekspertkommentator i Viaplay<\/p>\n<p class=\"_paragraph_o9xde_4 _paragraph_xtcu6_10 layout-component text-serif-m layout-normal text-serif-m layout-padded\">Samtidig mener han Manchester United b\u00f8r g\u00e5 for en midlertidig l\u00f8sning i stedet for \u00e5 ansette en fast trener med \u00e9n gang. <\/p>\n<p class=\"_paragraph_o9xde_4 _paragraph_xtcu6_10 layout-component text-serif-m layout-normal text-serif-m layout-padded\">N\u00e5 har tidligere United-spiller Darren Fletcher f\u00e5tt det midlertidige ansvaret og leder laget allerede onsdag.<\/p>\n<p class=\"_paragraph_o9xde_4 _paragraph_xtcu6_10 layout-component text-serif-m layout-normal text-serif-m layout-padded\">\u2013 De er nummer seks p\u00e5 tabellen og kan fortsatt f\u00e5 en god sesong, sier Skullerud.<\/p>\n<p><img alt=\"UNITED-IKON: Ole Gunnar Solskj\u00e6r jubler etter matchvinnerscoringen i 1999. I bakgrunnen Dwight Yorke og Ronny Johnsen.  Foto: TT Nyhetsbyr\u00e5n \/ NTB\" class=\"_image_qp4xg_65 layout-component layout-normal\" data-fullscreen- data-track-element-type=\"Article image fullscreen\" data-track-name=\"ImageFullscreen\" decoding=\"async\" loading=\"lazy\" height=\"3673\" itemprop=\"image\"  src=\"https:\/\/www.europesays.com\/no\/wp-content\/uploads\/2026\/01\/34dd9240-5f77-4cbd-bf8d-a2890b77ed94.png\"  style=\"object-position:0% 0%\" width=\"5600\"\/>UNITED-IKON: Ole Gunnar Solskj\u00e6r jubler etter matchvinnerscoringen i 1999. I bakgrunnen Dwight Yorke og Ronny Johnsen.  Foto: TT Nyhetsbyr\u00e5n \/ NTB<\/p>\n<p class=\"_paragraph_o9xde_4 _paragraph_xtcu6_10 layout-component text-serif-m layout-normal text-serif-m layout-padded\">Andre navn som det har blitt spekulert i er Oliver GlasnerOliver GlasnerCrystal Palace-manager, Enzo MarescaEnzo MarescaFikk nylig sparken i Chelsea og Zin\u00e9dine ZidaneZin\u00e9dine ZidaneUten klubb, men sterkt knyttet til det franske landslaget etter sommerens VM..<\/p>\n<p class=\"_paragraph_o9xde_4 _paragraph_xtcu6_10 layout-component text-serif-m layout-normal text-serif-m layout-padded\">\u2013 Jeg ville satt pengene min p\u00e5 Oliver Glasner, sier Viaplay-ekspert P\u00e5l Andr\u00e9 Helland.<\/p>\n<p class=\"_paragraph_o9xde_4 _paragraph_xtcu6_10 layout-component text-serif-m layout-normal text-serif-m layout-padded\">Crystal Palace-treneren er ogs\u00e5 en stor oddsfavoritt til \u00e5 ta over etter Amorim.<\/p>\n<p class=\"_paragraph_o9xde_4 _paragraph_xtcu6_10 layout-component text-serif-m layout-normal text-serif-m layout-padded\">Glasner ledet Crystal Palace til sitt f\u00f8rste store trof\u00e9 noensinne da det ble seier i FA-cupen i fjor, og det ble ogs\u00e5 triumf i Community Shield foran \u00e5rets sesong.<\/p>\n<p class=\"_paragraph_o9xde_4 _paragraph_xtcu6_10 layout-component text-serif-m layout-normal text-serif-m layout-padded\">Rio Ferdinand p\u00e5 sin side tror ikke \u00f8sterrikeren kommer inn portene p\u00e5 Old Trafford.<\/p>\n<p class=\"_paragraph_o9xde_4 _paragraph_xtcu6_10 layout-component text-serif-m layout-normal text-serif-m layout-padded\">\u2013 Aldri i verden, sier den tidligere United-forsvareren i podkasten Rio Ferdinand Presents.<\/p>\n<p><img alt=\"KANDIDAT: Oliver Glasner i Crystal Palace er nevnt som mulig ny Manchester United-manager.  Foto: Matthew Childs \/ Reuters\" class=\"_image_qp4xg_65 layout-component layout-normal\" data-fullscreen- data-track-element-type=\"Article image fullscreen\" data-track-name=\"ImageFullscreen\" decoding=\"async\" loading=\"lazy\" height=\"2773\" itemprop=\"image\"  src=\"https:\/\/www.europesays.com\/no\/wp-content\/uploads\/2026\/01\/6547ccf2-9019-4d3d-9aa7-ced07970365f.png\"  style=\"object-position:0% 0%\" width=\"3953\"\/>KANDIDAT: Oliver Glasner i Crystal Palace er nevnt som mulig ny Manchester United-manager.  Foto: Matthew Childs \/ Reuters<\/p>\n<p class=\"_paragraph_o9xde_4 _paragraph_xtcu6_10 layout-component text-serif-m layout-normal text-serif-m layout-padded\">\u2013 Jeg tror ikke det skjer. Jeg ville blitt sv\u00e6rt overrasket om Glasner f\u00e5r sjansen som Manchester United-manager, all den tid han spiller med en trebackslinje, fortsetter Ferdinand.<\/p>\n<p class=\"_paragraph_o9xde_4 _paragraph_xtcu6_10 layout-component text-serif-m layout-normal text-serif-m layout-padded\">Navn som kommer litt lenger ned p\u00e5 lista over potensielle kandidater er den tidligere engelske landslagssjefen Gareth Southgate og n\u00e5v\u00e6rende USA-trener Mauricio Pochettino.<\/p>\n<p class=\"_paragraph_o9xde_4 _paragraph_xtcu6_10 layout-component text-serif-m layout-normal text-serif-m layout-padded\">Argentineren var heftig linket til jobben da han gjorde sine saker godt som Tottenham-manager.<\/p>\n<p>Oddsfavoritter til \u00e5 ta over Manchester United<\/p>\n<p class=\"_paragraph_o9xde_4 _paragraph_xtcu6_10 _paragraph_16v91_10 layout-component text-serif-m layout-normal text-sans-m layout-padded\">Tallene er hentet fra <a href=\"https:\/\/www.independent.co.uk\/sport\/football\/man-united-next-manager-odds-maresca-glasner-fletcher-xavi-b2894562.html\" class=\"_link_o9xde_39\" rel=\"nofollow noopener\" target=\"_blank\">The Independent<\/a><\/p>\n<ul class=\"_list_o9xde_3 _list_xtcu6_9 _list_16v91_9 _unordered_o9xde_106 layout-component text-serif-m layout-normal text-sans-m layout-padded\">\n<li class=\"_item_o9xde_30\">Enzo Maresca: 60 % sjanse<\/li>\n<li class=\"_item_o9xde_30\">Darren Fletcher: 33 % sjanse<\/li>\n<li class=\"_item_o9xde_30\">Oliver Glasner: 20 % sjanse<\/li>\n<li class=\"_item_o9xde_30\">Michael Carrick: 11,1 % sjanse<\/li>\n<li class=\"_item_o9xde_30\">Gareth Southgate: 11,1 % sjanse<\/li>\n<li class=\"_item_o9xde_30\">Xavi Hernandez: 9,1 % sjanse<\/li>\n<li class=\"_item_o9xde_30\">Laurent Blanc: 4,8 % sjanse<\/li>\n<li class=\"_item_o9xde_30\">Ruud van Nistelrooy: 4,8 % sjanse<\/li>\n<\/ul>\n<p>Vis mer<\/p>\n<p class=\"_paragraph_o9xde_4 _paragraph_xtcu6_10 layout-component text-serif-m layout-normal text-serif-m layout-padded\">Manchester United vant og vant og vant i de siste 20 \u00e5rene under sir Alex Ferguson. Da han ga seg med et nytt ligagull i 2013, var det nummer 13 under hans ledelse. <\/p>\n<p class=\"_paragraph_o9xde_4 _paragraph_xtcu6_10 layout-component text-serif-m layout-normal text-serif-m layout-padded\">Deretter har David Moyes, Louis van Gaal, Jos\u00e9 Mourinho, Ole Gunnar Solskj\u00e6r, Ralf Rangnick (et halvt \u00e5r), Erik ten Hag og Ruben Amorim pr\u00f8vd seg som sjef. <\/p>\n<p class=\"_paragraph_o9xde_4 _paragraph_xtcu6_10 layout-component text-serif-m layout-normal text-serif-m layout-padded\">Alle har mistet jobben f\u00f8r kontraktens utl\u00f8p, mange av dem p\u00e5 cirka samme tidspunkt.<\/p>\n<p class=\"_paragraph_o9xde_4 _paragraph_xtcu6_10 layout-component text-serif-m layout-normal text-serif-m layout-padded\">\u2013 N\u00e5 m\u00e5 klubben justere igjen, omtrent p\u00e5 samme tidspunkt av sesongen. Og da blir det jo kaos, bemerker Henning Berg, som tror det blir vanskelig \u00e5 finne en som sterk trener som kan overta midt i sesongen.<\/p>\n<p class=\"_paragraph_o9xde_4 _paragraph_xtcu6_10 layout-component text-serif-m layout-normal text-serif-m layout-padded\">\u2013 Amorim \u00f8nsket i utgangspunktet ikke \u00e5 ta over midt i sesongen, og jeg tror ikke mange tenker at United er et bra sted \u00e5 g\u00e5 til akkurat n\u00e5. Men jeg er helt sikker p\u00e5 at det vil v\u00e6re ordentlig gode trenere som \u00f8nsker seg dit fra sommeren av. <\/p>\n<p><img decoding=\"async\" alt=\"Bilde av Erik Thorstvedt\" class=\"_image_ygndg_42\" height=\"27\" itemprop=\"image\" loading=\"lazy\"  src=\"https:\/\/www.europesays.com\/no\/wp-content\/uploads\/2026\/01\/077d12f3-564b-43d0-996d-256b4ee23146.jpeg\"  width=\"40\"\/><strong class=\"_name_ygndg_51 title-serif-xs\">Erik Thorstvedt<\/strong><\/p>\n<p class=\"_paragraph_o9xde_4 _paragraph_xtcu6_10 layout-component text-serif-m layout-normal text-serif-m layout-padded\">\u2013 De fleste trodde det var et kupp \u00e5 hente Amorim, men dette er en vanskelig plass \u00e5 v\u00e6re sjef, det er mye politikk, kultur, forventningspress, nye eiere og ny sportsdirekt\u00f8r, sier Erik Thorstvedt.<\/p>\n<p class=\"_paragraph_o9xde_4 _paragraph_xtcu6_10 layout-component text-serif-m layout-normal text-serif-m layout-padded\">\u2013 Det var mange ting \u00e5 like med Amorim. Han var veldig \u00e5pen, og sa mange ting man ikke forventet. Men han hadde jo ikke resultater \u00e5 backe det opp med. <\/p>\n<p>Rettelse<\/p>\n<p class=\"_paragraph_o9xde_4\">I en tidlig versjon av denne saken ble Oliver Glasner omtalt som \u00abtysker\u00bb. Han er fra \u00d8sterrike. Feilen ble rettet 5. januar 2026 klokken 16.28.<\/p>\n","protected":false},"excerpt":{"rendered":"B\u00e5de fotballeksperter og bookmakere har begynt \u00e5 komme med sine kandidater for hvem som tar over som Manchester&hellip;\n","protected":false},"author":2,"featured_media":129562,"comment_status":"","ping_status":"","sticky":false,"template":"","format":"standard","meta":{"footnotes":""},"categories":[5],"tags":[20,21,24,25,15,19,22,23,17,18,158,13,30,28,29,14,505,16,161,192,26,27],"class_list":{"0":"post-129561","1":"post","2":"type-post","3":"status-publish","4":"format-standard","5":"has-post-thumbnail","7":"category-overskrifter","8":"tag-breaking-news","9":"tag-breakingnews","10":"tag-featured-news","11":"tag-featurednews","12":"tag-headlines","13":"tag-hovedoppslag","14":"tag-latest-news","15":"tag-latestnews","16":"tag-main-news","17":"tag-mainnews","18":"tag-manchester-united","19":"tag-news","20":"tag-no","21":"tag-norge","22":"tag-norway","23":"tag-nyheter","24":"tag-ole-gunnar-solskjaer","25":"tag-overskrifter","26":"tag-premier-league","27":"tag-ruben-amorim","28":"tag-top-stories","29":"tag-topstories"},"share_on_mastodon":{"url":"https:\/\/pubeurope.com\/@no\/115843816780487418","error":""},"_links":{"self":[{"href":"https:\/\/www.europesays.com\/no\/wp-json\/wp\/v2\/posts\/129561","targetHints":{"allow":["GET"]}}],"collection":[{"href":"https:\/\/www.europesays.com\/no\/wp-json\/wp\/v2\/posts"}],"about":[{"href":"https:\/\/www.europesays.com\/no\/wp-json\/wp\/v2\/types\/post"}],"author":[{"embeddable":true,"href":"https:\/\/www.europesays.com\/no\/wp-json\/wp\/v2\/users\/2"}],"replies":[{"embeddable":true,"href":"https:\/\/www.europesays.com\/no\/wp-json\/wp\/v2\/comments?post=129561"}],"version-history":[{"count":0,"href":"https:\/\/www.europesays.com\/no\/wp-json\/wp\/v2\/posts\/129561\/revisions"}],"wp:featuredmedia":[{"embeddable":true,"href":"https:\/\/www.europesays.com\/no\/wp-json\/wp\/v2\/media\/129562"}],"wp:attachment":[{"href":"https:\/\/www.europesays.com\/no\/wp-json\/wp\/v2\/media?parent=129561"}],"wp:term":[{"taxonomy":"category","embeddable":true,"href":"https:\/\/www.europesays.com\/no\/wp-json\/wp\/v2\/categories?post=129561"},{"taxonomy":"post_tag","embeddable":true,"href":"https:\/\/www.europesays.com\/no\/wp-json\/wp\/v2\/tags?post=129561"}],"curies":[{"name":"wp","href":"https:\/\/api.w.org\/{rel}","templated":true}]}}